{"id":211163,"date":"2025-06-28T15:04:09","date_gmt":"2025-06-28T15:04:09","guid":{"rendered":"https:\/\/www.europesays.com\/fr\/211163\/"},"modified":"2025-06-28T15:04:09","modified_gmt":"2025-06-28T15:04:09","slug":"exclu-midol-transferts-top-14-taniela-tupou-australie-a-dit-oui-au-racing-92","status":"publish","type":"post","link":"https:\/\/www.europesays.com\/fr\/211163\/","title":{"rendered":"Exclu Midol. Transferts \/ Top 14 \u2013 Taniela Tupou (Australie) a dit oui au Racing 92"},"content":{"rendered":"<p>\n                Le Top 14 va voir d\u00e9barquer \u00ab\u00a0The Tongan Thor\u00a0\u00bb\u00a0: selon nos informations, Taniela Tupou s\u2019est engag\u00e9 avec le Racing 92. Sur le papier, c\u2019est une recrue de choix pour le club francilien. Reste au Wallaby \u00e0 retrouver de sa superbe apr\u00e8s une saison mitig\u00e9e\u2026\n            <\/p>\n<p>Le Racing 92 a trouv\u00e9 son pilier droit. Et sur le papier, c\u2019est du lourd. Selon nos informations, Taniela Tupou (29 ans, 59 s\u00e9lections) a en effet dit oui au club francilien. <strong><a href=\"https:\/\/www.rugbyrama.fr\/2025\/06\/26\/transferts-top-14-le-racing-92-en-passe-de-soffrir-taniela-tupou-la-bombe-des-wallabies-12787544.php\" target=\"_self\" rel=\"nofollow noopener\">Les contacts entre le droitier des Wallabies et le Racing, d\u00e9voil\u00e9s cette semaine <\/a><\/strong>par le m\u00e9dia australien The Roar et Actu Rugby, ont abouti \u00e0 la signature de l\u2019actuel joueur des Waratahs.<br \/>Apr\u00e8s avoir \u00e9volu\u00e9 du c\u00f4t\u00e9 des Queensland Reds, des Melbourne Rebels et, donc, de Sydney, Taniela Tupou va conna\u00eetre sa premi\u00e8re exp\u00e9rience \u00e0 l\u2019\u00e9tranger \u00e0 l\u2019occasion de la saison 2025-2026. Une aventure qui arrive \u00e0 un tournant de sa carri\u00e8re\u00a0: Taniela Tupou sort\u00a0d\u2019une saison mitig\u00e9e en <a href=\"https:\/\/www.rugbyrama.fr\/rugby-a-xv\/super-rugby\/\" target=\"_self\" rel=\"nofollow noopener\"><strong>Super Rugby<\/strong><\/a> (treize matchs jou\u00e9s, huit comme titulaire) au point qu\u2019il se dit, sur l\u2019\u00eele-continent, que Rugby Australia ne comptait pas lui proposer de nouveau contrat f\u00e9d\u00e9ral.<\/p>\n<p>Un double challenge personnel<\/p>\n<p>Sa venue en Top 14 constituera un double challenge pour Tupou, qui devra prouver qu\u2019il peut retrouver son meilleur niveau et s\u2019adapter aux m\u00eal\u00e9es du championnat fran\u00e7ais. Le tout \u00e0 deux ans de la Coupe du monde dans son pays. Actuellement avec sa s\u00e9lection pour pr\u00e9parer<strong><a href=\"https:\/\/www.rugbyrama.fr\/equipe\/lions-britanniques-et-irlandais\/\" target=\"_self\" rel=\"nofollow noopener\"> les trois tests face aux Lions britanniques et irlandais<\/a><\/strong>, le \u00ab\u00a0Thor tongien\u00a0\u00bb\u00a0arrivera vraisemblablement cet automne dans les Hauts-de-Seine. \u00c0 noter que son exil ne l\u2019emp\u00eachera pas d\u2019\u00eatre appel\u00e9 avec les Wallabies, comme cela peut \u00eatre le cas pour le Rochelais Will Skelton.<\/p>\n<p>Dans l\u2019effectif racingman, Taniela Tupou arrivera\u00a0en tant que successeur de Thomas Laclayat. Ce dernier va\u00a0prendre\u00a0la direction de Pau\u2026 qui \u00e9tait venu aux renseignements pour Tupou il y a plusieurs semaines.<\/p>\n","protected":false},"excerpt":{"rendered":"Le Top 14 va voir d\u00e9barquer \u00ab\u00a0The Tongan Thor\u00a0\u00bb\u00a0: selon nos informations, Taniela Tupou s\u2019est engag\u00e9 avec le&hellip;\n","protected":false},"author":2,"featured_media":211164,"comment_status":"","ping_status":"","sticky":false,"template":"","format":"standard","meta":{"footnotes":""},"categories":[1416],"tags":[1011,27,479,1468,60],"class_list":{"0":"post-211163","1":"post","2":"type-post","3":"status-publish","4":"format-standard","5":"has-post-thumbnail","7":"category-rugby","8":"tag-fr","9":"tag-france","10":"tag-rugby","11":"tag-rugby-football","12":"tag-sports"},"share_on_mastodon":{"url":"","error":""},"_links":{"self":[{"href":"https:\/\/www.europesays.com\/fr\/wp-json\/wp\/v2\/posts\/211163","targetHints":{"allow":["GET"]}}],"collection":[{"href":"https:\/\/www.europesays.com\/fr\/wp-json\/wp\/v2\/posts"}],"about":[{"href":"https:\/\/www.europesays.com\/fr\/wp-json\/wp\/v2\/types\/post"}],"author":[{"embeddable":true,"href":"https:\/\/www.europesays.com\/fr\/wp-json\/wp\/v2\/users\/2"}],"replies":[{"embeddable":true,"href":"https:\/\/www.europesays.com\/fr\/wp-json\/wp\/v2\/comments?post=211163"}],"version-history":[{"count":0,"href":"https:\/\/www.europesays.com\/fr\/wp-json\/wp\/v2\/posts\/211163\/revisions"}],"wp:featuredmedia":[{"embeddable":true,"href":"https:\/\/www.europesays.com\/fr\/wp-json\/wp\/v2\/media\/211164"}],"wp:attachment":[{"href":"https:\/\/www.europesays.com\/fr\/wp-json\/wp\/v2\/media?parent=211163"}],"wp:term":[{"taxonomy":"category","embeddable":true,"href":"https:\/\/www.europesays.com\/fr\/wp-json\/wp\/v2\/categories?post=211163"},{"taxonomy":"post_tag","embeddable":true,"href":"https:\/\/www.europesays.com\/fr\/wp-json\/wp\/v2\/tags?post=211163"}],"curies":[{"name":"wp","href":"https:\/\/api.w.org\/{rel}","templated":true}]}}