{"id":211169,"date":"2025-06-28T15:08:13","date_gmt":"2025-06-28T15:08:13","guid":{"rendered":"https:\/\/www.europesays.com\/fr\/211169\/"},"modified":"2025-06-28T15:08:13","modified_gmt":"2025-06-28T15:08:13","slug":"walker-et-felix-quittent-lac-milan-cest-imminent-pour-pogba-a-monaco-les-5-infos-mercato-du-jour","status":"publish","type":"post","link":"https:\/\/www.europesays.com\/fr\/211169\/","title":{"rendered":"Walker et F\u00e9lix quittent l\u2019AC Milan, c\u2019est imminent pour Pogba \u00e0 Monaco&#8230; Les 5 infos mercato du jour"},"content":{"rendered":"<p>L\u2019AC Milan annonce les d\u00e9parts de Kyle Walker et Jo\u00e3o F\u00e9lix, Jhon Dur\u00e1n vers Fenerbah\u00e7e, et la signature de Paul Pogba \u00e0 l\u2019AS Monaco&#8230; Retrouvez toutes les infos mercato du jour.<\/p>\n<p>L\u2019AC Milan annonce plusieurs (gros) d\u00e9parts<\/p>\n<p class=\"fig-paragraph\">Six petits mois et puis s\u2019en vont.\u00a0<a href=\"http:\/\/www.lefigaro.fr\/sports\/football\/italie\/serie-a-le-defenseur-anglais-de-l-ac-milan-kyle-walker-opere-d-un-coude-20250409\" data-fig-type=\"NewsFlash\" data-gtm-custom-categorie=\"navigation\" data-gtm-custom-action=\"crossclick\" data-gtm-custom-label=\"Contextuel\" data-gtm-event=\"customEventSPE\" data-fig-domain=\"LEFIGARO\" target=\"_blank\" rel=\"noopener\">Kyle Walker<\/a>\u00a0et\u00a0<a href=\"http:\/\/www.lefigaro.fr\/sports\/football\/angleterre\/mercato-joao-felix-quitte-l-atletico-madrid-et-rejoint-definitivement-chelsea-20240821\" data-fig-type=\"NewsFlash\" data-gtm-custom-categorie=\"navigation\" data-gtm-custom-action=\"crossclick\" data-gtm-custom-label=\"Contextuel\" data-gtm-event=\"customEventSPE\" data-fig-domain=\"LEFIGARO\" target=\"_blank\" rel=\"noopener\">Jo\u00e3o F\u00e9lix<\/a>, pr\u00eat\u00e9s \u00e0 l\u2019<a href=\"http:\/\/www.lefigaro.fr\/sports\/football\/transferts\/monaco-accelere-sur-deux-dossiers-chauds-modric-a-l-ac-milan-apres-le-mondial-des-clubs-les-5-infos-mercato-du-jour-20250625\" data-fig-type=\"NewsFlash\" data-gtm-custom-categorie=\"navigation\" data-gtm-custom-action=\"crossclick\" data-gtm-custom-label=\"Contextuel\" data-gtm-event=\"customEventSPE\" data-fig-domain=\"LEFIGARO\" target=\"_blank\" rel=\"noopener\">AC Milan<\/a>\u00a0l\u2019hiver dernier, quitteront les Rossoneri \u00e0 la fin du mois de juin, a annonc\u00e9 la formation lombarde ce samedi. Ils retournent respectivement au\u00a0<a href=\"http:\/\/www.lefigaro.fr\/sports\/football\/coupe-du-monde-des-clubs-al-hilal-l-emporte-contre-pachuca-et-retrouvera-manchester-city-en-8e-de-finale-20250627\" data-fig-type=\"NewsFlash\" data-gtm-custom-categorie=\"navigation\" data-gtm-custom-action=\"crossclick\" data-gtm-custom-label=\"Contextuel\" data-gtm-event=\"customEventSPE\" data-fig-domain=\"LEFIGARO\" target=\"_blank\" rel=\"noopener\">Manchester City FC<\/a>\u00a0et au\u00a0<a href=\"http:\/\/www.lefigaro.fr\/sports\/football\/coupe-du-monde-des-clubs-chelsea-domine-l-esperance-de-tunis-et-composte-son-billet-pour-les-huitiemes-de-finale-20250625\" data-fig-type=\"NewsFlash\" data-gtm-custom-categorie=\"navigation\" data-gtm-custom-action=\"crossclick\" data-gtm-custom-label=\"Contextuel\" data-gtm-event=\"customEventSPE\" data-fig-domain=\"LEFIGARO\" target=\"_blank\" rel=\"noopener\">Chelsea FC<\/a>. Pas certain qu\u2019ils y restent pour la saison 2025-2026. Le Britannique n\u2019a disput\u00e9 que 11 rencontres de Serie A avec le club milanais ; le Portugais, pour sa part, a pris part \u00e0 15 matches de championnat (2 buts).<\/p>\n<p>Youssoufa Moukoko quitte le Borussia Dortmund (officiel)<\/p>\n<p class=\"fig-paragraph\">Un d\u00e9part attendu. Le\u00a0<a href=\"http:\/\/www.lefigaro.fr\/sports\/football\/coupe-du-monde\/coupe-du-monde-des-clubs-pluie-de-buts-entre-dortmund-et-le-mamelodi-sundowns-le-borussia-qualifie-20250621\" data-fig-type=\"NewsFlash\" data-gtm-custom-categorie=\"navigation\" data-gtm-custom-action=\"crossclick\" data-gtm-custom-label=\"Contextuel\" data-gtm-event=\"customEventSPE\" data-fig-domain=\"LEFIGARO\" target=\"_blank\" rel=\"noopener\">BV Borussia 09 Dortmund<\/a>\u00a0a annonc\u00e9, ce samedi, le transfert de\u00a0<a href=\"http:\/\/www.lefigaro.fr\/sports\/football\/ligue-1\/un-joueur-de-ligue-1-accuse-d-avoir-menti-sur-son-identite-et-son-age-20241213\" data-fig-type=\"NewsFlash\" data-gtm-custom-categorie=\"navigation\" data-gtm-custom-action=\"crossclick\" data-gtm-custom-label=\"Contextuel\" data-gtm-event=\"customEventSPE\" data-fig-domain=\"LEFIGARO\" target=\"_blank\" rel=\"noopener\">Youssoufa Moukoko<\/a>\u00a0au FC Copenhague. \u00abUne histoire sp\u00e9ciale \u00e9crite en noir et jaune \u2013 merci pour tes 9 ann\u00e9es sous le maillot du BVB et bonne chance pour l\u2019avenir, Mouki\u00a0!\u00bb, a publi\u00e9, sur ses r\u00e9seaux sociaux le club allemand. Le montant de l\u2019op\u00e9ration s\u2019\u00e9l\u00e8verait \u00e0 5 M\u20ac, d\u2019apr\u00e8s le site sp\u00e9cialis\u00e9 Transfermarkt. \u00c2g\u00e9 de 20 ans, l\u2019avant-centre sort d\u2019un pr\u00eat peu r\u00e9ussi \u00e0 l\u2019<a href=\"http:\/\/www.lefigaro.fr\/sports\/football\/ligue-1\/ligue-1-touche-au-genou-droit-le-capitaine-de-l-ogc-nice-dante-forfait-pour-le-deplacement-a-paris-20250423\" data-fig-type=\"NewsFlash\" data-gtm-custom-categorie=\"navigation\" data-gtm-custom-action=\"crossclick\" data-gtm-custom-label=\"Contextuel\" data-gtm-event=\"customEventSPE\" data-fig-domain=\"LEFIGARO\" target=\"_blank\" rel=\"noopener\">OGC Nice<\/a>\u00a0avec seulement 2 buts et 2 passes d\u00e9cisives en 11 matches de Ligue 1.<\/p>\n<p>Jhon Dur\u00e1n en route vers Fenerbah\u00e7e<\/p>\n<p class=\"fig-paragraph\">Il devrait rejoindre la Turquie. Seulement six mois apr\u00e8s son arriv\u00e9e en Arabie saoudite,\u00a0<a href=\"http:\/\/www.lefigaro.fr\/sports\/football\/foot-1000km-d-avion-par-jour-le-trajet-indecent-de-jhon-duran-pour-s-entrainer-avec-son-club-en-arabie-saoudite-20250205\" data-fig-type=\"NewsFlash\" data-gtm-custom-categorie=\"navigation\" data-gtm-custom-action=\"crossclick\" data-gtm-custom-label=\"Contextuel\" data-gtm-event=\"customEventSPE\" data-fig-domain=\"LEFIGARO\" target=\"_blank\" rel=\"noopener\">Jhon Dur\u00e1n<\/a>\u00a0se rapprocherait du\u00a0<a href=\"http:\/\/www.lefigaro.fr\/sports\/basket\/monaco-fenerbahce-guduric-dechaine-la-terrible-defense-turque-spanoulis-passe-au-travers-les-tops-flops-de-la-finale-d-euroligue-20250525\" data-fig-type=\"NewsFlash\" data-gtm-custom-categorie=\"navigation\" data-gtm-custom-action=\"crossclick\" data-gtm-custom-label=\"Contextuel\" data-gtm-event=\"customEventSPE\" data-fig-domain=\"LEFIGARO\" target=\"_blank\" rel=\"noopener\">Fenerbah\u00e7e SK<\/a>. La formation stambouliote \u00abest d\u00e9sormais sur le point de conclure un accord apr\u00e8s le feu vert d\u2019Al-Nassr au d\u00e9part de l\u2019attaquant colombien\u00bb, assure le journaliste sp\u00e9cialis\u00e9 Fabrizio Romano. Ce serait un gros coup pour les Bleus marine et Jaunes. En effet, il y a encore quelques mois, l\u2019avant-centre \u00e2g\u00e9 de 21 ans \u00e9tait l\u2019un des buteurs les plus courtis\u00e9s sur le march\u00e9 des transferts. L\u2019ex-joueur de l\u2019Aston Villa FC a marqu\u00e9 8 buts en seulement 13 apparitions en Saudi Pro League.<\/p>\n<p>AS Monaco\u00a0: Paul Pogba a pass\u00e9 avec succ\u00e8s sa visite m\u00e9dicale<\/p>\n<p class=\"fig-paragraph\">Ce n\u2019est plus qu\u2019une question de temps.\u00a0<a href=\"http:\/\/www.lefigaro.fr\/sports\/football\/transferts\/mercato-en-attendant-pogba-accord-total-pour-fati-a-monaco-20250627\" data-fig-type=\"NewsFlash\" data-gtm-custom-categorie=\"navigation\" data-gtm-custom-action=\"crossclick\" data-gtm-custom-label=\"Contextuel\" data-gtm-event=\"customEventSPE\" data-fig-domain=\"LEFIGARO\" target=\"_blank\" rel=\"noopener\">Paul Pogba<\/a>\u00a0a pass\u00e9 avec succ\u00e8s sa visite m\u00e9dicale avec l\u2019<a href=\"http:\/\/www.lefigaro.fr\/sports\/football\/transferts\/giroud-vers-lille-pogba-passe-sa-visite-medicale-a-monaco-gyoekeres-privilegie-united-les-5-infos-mercato-du-jour-20250627\" data-fig-type=\"NewsFlash\" data-gtm-custom-categorie=\"navigation\" data-gtm-custom-action=\"crossclick\" data-gtm-custom-label=\"Contextuel\" data-gtm-event=\"customEventSPE\" data-fig-domain=\"LEFIGARO\" target=\"_blank\" rel=\"noopener\">AS Monaco<\/a>, rapporte\u00a0<a href=\"https:\/\/www.skysports.com\/transfer-centre\" target=\"_blank\" rel=\"nofollow noopener\" data-gtm-custom-categorie=\"navigation\" data-gtm-custom-action=\"crossclick\" data-gtm-custom-label=\"Contextuel\" data-gtm-event=\"customEventSPE\">Sky Sports<\/a> \u00a0ce samedi. Il devrait officiellement signer son contrat de deux ans dans la journ\u00e9e. Pour rappel, le milieu de terrain tricolore, \u00e2g\u00e9 de 32 ans, n\u2019a plus jou\u00e9 depuis pr\u00e8s de deux saisons en raison d\u2019une suspension pour dopage. Sa condition physique est ainsi incertaine. Il lui faudra sans doute du temps pour retrouver son meilleur niveau.<\/p>\n<p class=\"fig-body-link\">\n            \u00c0 lire aussi<br \/>\n        <a class=\"fig-body-link__link\" href=\"http:\/\/www.lefigaro.fr\/sports\/football\/transferts\/mercato-le-capitaine-de-strasbourg-en-direction-de-sunderland-20250628\" data-fig-type=\"NewsFlash\" data-gtm-custom-categorie=\"navigation\" data-gtm-custom-action=\"crossclick\" data-gtm-custom-label=\"Contextuel\" data-gtm-event=\"customEventSPE\" data-fig-domain=\"LEFIGARO\" target=\"_blank\" rel=\"noopener\">Mercato\u00a0: le capitaine de Strasbourg en direction de Sunderland<br \/>\n    <\/a>\n<\/p>\n<p>Pedro Chirivella et Nantes, c\u2019est fini<\/p>\n<p class=\"fig-paragraph\">Une page se tourne au\u00a0<a href=\"http:\/\/www.lefigaro.fr\/sports\/football\/ligue-1\/ligue-1-les-dates-de-reprise-de-l-entrainement-sont-connues-20250612\" data-fig-type=\"NewsFlash\" data-gtm-custom-categorie=\"navigation\" data-gtm-custom-action=\"crossclick\" data-gtm-custom-label=\"Contextuel\" data-gtm-event=\"customEventSPE\" data-fig-domain=\"LEFIGARO\" target=\"_blank\" rel=\"noopener\">FC Nantes<\/a>. Les Canaris ont officialis\u00e9, ce samedi, le d\u00e9part de\u00a0<a href=\"http:\/\/www.lefigaro.fr\/sports\/football\/transferts\/mercato-pedro-chirivella-s-engage-avec-le-panathinaikos-pour-deux-saisons-20250628\" data-fig-type=\"NewsFlash\" data-gtm-custom-categorie=\"navigation\" data-gtm-custom-action=\"crossclick\" data-gtm-custom-label=\"Contextuel\" data-gtm-event=\"customEventSPE\" data-fig-domain=\"LEFIGARO\" target=\"_blank\" rel=\"noopener\">Pedro Chirivella<\/a>\u00a0au Panathina\u00efk\u00f3s. \u00abC\u2019est une page qui se tourne. Capitaine exemplaire, Pedro a toujours port\u00e9 nos couleurs avec fiert\u00e9 et d\u00e9termination. Leader respect\u00e9 sur le terrain comme en dehors, il a marqu\u00e9 l\u2019histoire du FC Nantes. Muchas Gracias, Pedro\u00bb, a publi\u00e9 la formation nantaise sur ses r\u00e9seaux sociaux. En 2024-2025, le milieu de terrain \u00e2g\u00e9 de 28 ans a particip\u00e9 \u00e0 30 matches de Ligue 1 (2 passes d\u00e9cisives).<\/p>\n<p class=\"fig-paragraph\"><strong>\u00c0 VOIR AUSSI &#8211; <\/strong>Coupe du monde des clubs\u00a0: le Paris SG se pr\u00e9pare avant d\u2019affronter l\u2019Inter Miami en huiti\u00e8mes de finale<\/p>\n","protected":false},"excerpt":{"rendered":"L\u2019AC Milan annonce les d\u00e9parts de Kyle Walker et Jo\u00e3o F\u00e9lix, Jhon Dur\u00e1n vers Fenerbah\u00e7e, et la signature&hellip;\n","protected":false},"author":2,"featured_media":211170,"comment_status":"","ping_status":"","sticky":false,"template":"","format":"standard","meta":{"footnotes":""},"categories":[1412],"tags":[30513,2266,5696,69,2261,1451,462,13486,63,1452,1453,1454,1455,1011,27,3309,6201,453,66,446,1434,32134,70,67,60,969,10662],"class_list":{"0":"post-211169","1":"post","2":"type-post","3":"status-publish","4":"format-standard","5":"has-post-thumbnail","7":"category-f1","8":"tag-ac-milan","9":"tag-as-monaco","10":"tag-borussia-dortmund","11":"tag-bundesliga","12":"tag-calcio","13":"tag-f1","14":"tag-fc-nantes","15":"tag-fenerbace","16":"tag-football","17":"tag-formula-1","18":"tag-formula1","19":"tag-formule-1","20":"tag-formule1","21":"tag-fr","22":"tag-france","23":"tag-l1","24":"tag-l2","25":"tag-liga","26":"tag-ligue-1","27":"tag-ligue-2","28":"tag-mercato","29":"tag-paul-pogba","30":"tag-premier-league","31":"tag-serie-a","32":"tag-sports","33":"tag-transfert","34":"tag-transferts"},"share_on_mastodon":{"url":"","error":""},"_links":{"self":[{"href":"https:\/\/www.europesays.com\/fr\/wp-json\/wp\/v2\/posts\/211169","targetHints":{"allow":["GET"]}}],"collection":[{"href":"https:\/\/www.europesays.com\/fr\/wp-json\/wp\/v2\/posts"}],"about":[{"href":"https:\/\/www.europesays.com\/fr\/wp-json\/wp\/v2\/types\/post"}],"author":[{"embeddable":true,"href":"https:\/\/www.europesays.com\/fr\/wp-json\/wp\/v2\/users\/2"}],"replies":[{"embeddable":true,"href":"https:\/\/www.europesays.com\/fr\/wp-json\/wp\/v2\/comments?post=211169"}],"version-history":[{"count":0,"href":"https:\/\/www.europesays.com\/fr\/wp-json\/wp\/v2\/posts\/211169\/revisions"}],"wp:featuredmedia":[{"embeddable":true,"href":"https:\/\/www.europesays.com\/fr\/wp-json\/wp\/v2\/media\/211170"}],"wp:attachment":[{"href":"https:\/\/www.europesays.com\/fr\/wp-json\/wp\/v2\/media?parent=211169"}],"wp:term":[{"taxonomy":"category","embeddable":true,"href":"https:\/\/www.europesays.com\/fr\/wp-json\/wp\/v2\/categories?post=211169"},{"taxonomy":"post_tag","embeddable":true,"href":"https:\/\/www.europesays.com\/fr\/wp-json\/wp\/v2\/tags?post=211169"}],"curies":[{"name":"wp","href":"https:\/\/api.w.org\/{rel}","templated":true}]}}