{"id":211177,"date":"2025-06-28T15:12:09","date_gmt":"2025-06-28T15:12:09","guid":{"rendered":"https:\/\/www.europesays.com\/fr\/211177\/"},"modified":"2025-06-28T15:12:09","modified_gmt":"2025-06-28T15:12:09","slug":"la-pittoresque-aventure-du-peintre-qui-voulait-exposer-son-portrait-de-donald-trump","status":"publish","type":"post","link":"https:\/\/www.europesays.com\/fr\/211177\/","title":{"rendered":"La pittoresque aventure du peintre qui voulait exposer son portrait de Donald Trump"},"content":{"rendered":"<p>Selon son auteur, cette toile \u00abproph\u00e9tique, symbolique, patriotique.. et historique\u00bb, m\u00e9ritait sa place dans un mus\u00e9e national de Washington.<\/p>\n<p class=\"fig-paragraph\">Tout commence par une \u00abvision\u00bb. En 2015, Julian Raven, un artiste install\u00e9 \u00e0 New York est en train de regarder une photo de\u00a0<a href=\"http:\/\/www.lefigaro.fr\/international\/au-sommet-de-l-otan-donald-trump-imperial-face-a-la-docilite-des-allies-20250625\" data-fig-type=\"Article\" data-gtm-custom-categorie=\"navigation\" data-gtm-custom-action=\"crossclick\" data-gtm-custom-label=\"Contextuel\" data-gtm-event=\"customEventSPE\" data-fig-domain=\"LEFIGARO\" target=\"_blank\" rel=\"noopener\">Donald Trump<\/a>\u00a0tout en l\u2019\u00e9coutant parler lorsqu\u2019il imagine un aigle rattrapant un\u00a0<a href=\"http:\/\/www.lefigaro.fr\/international\/elbridge-colby-porte-drapeau-du-grand-realignement-strategique-americain-20250311\" data-fig-type=\"Article\" data-gtm-custom-categorie=\"navigation\" data-gtm-custom-action=\"crossclick\" data-gtm-custom-label=\"Contextuel\" data-gtm-event=\"customEventSPE\" data-fig-domain=\"LEFIGARO\" target=\"_blank\" rel=\"noopener\">drapeau am\u00e9ricain<\/a>\u00a0en chute libre. De l\u00e0, na\u00eet une peinture monumentale qui repr\u00e9sente son idole politique, les yeux pliss\u00e9s, aux c\u00f4t\u00e9s d\u2019un aigle tenant dans ses serres la banni\u00e8re \u00e9toil\u00e9e et en arri\u00e8re-plan un globe sur lequel est dessin\u00e9 le territoire am\u00e9ricain nimb\u00e9 d\u2019une lumi\u00e8re biblique. Julian Raven, un chr\u00e9tien \u00e9vang\u00e9lique conservateur, a \u00e9maill\u00e9 sa toile de symboles: un f\u0153tus, le bord effiloch\u00e9 du drapeau, t\u00e9moin du piteux \u00e9tat du pays, le mur \u00e0 la fronti\u00e8re avec une porte pour laisser passer les immigr\u00e9s en situation r\u00e9guli\u00e8re\u2026 La critique n\u2019est gu\u00e8re enthousiaste. Un journaliste compare l\u2019\u0153uvre \u00e0 une affiche communiste \u00abf\u00eatant les exploits du Camarade Tito\u00bb. Un autre se demande s\u2019il s\u2019agit d\u2019un tableau ou \u00abd\u2019un trip d\u2019acide\u00bb.<\/p>\n<p class=\"fig-paragraph\">Mais le peintre, un grand type \u00e0 l\u2019allure de\u00a0<a href=\"http:\/\/www.lefigaro.fr\/arts-expositions\/1874-eugene-boudin-claude-monet-paul-cezane-l-explosion-des-impressionnistes-20250420\" data-fig-type=\"Article\" data-gtm-custom-categorie=\"navigation\" data-gtm-custom-action=\"crossclick\" data-gtm-custom-label=\"Contextuel\" data-gtm-event=\"customEventSPE\" data-fig-domain=\"LEFIGARO\" target=\"_blank\" rel=\"noopener\">Claude Monet<\/a>\u00a0qui arbore une \u00e9norme barbe blanche se taille un franc succ\u00e8s chez les R\u00e9publicains. Sa toile baptis\u00e9e \u00abSans peur et sans honte\u00bb est montr\u00e9e dans les \u00c9tats conservateurs et figure \u00e0 la Convention r\u00e9publicaine de 2016 o\u00f9 Donald Trump est choisi comme candidat aux pr\u00e9sidentielles. Julian Raven rencontre m\u00eame le promoteur immobilier suite \u00e0 un quiproquo rocambolesque. Il est venu \u00e0 la\u00a0<a href=\"https:\/\/www.lefigaro.fr\/international\/2017\/01\/19\/01003-20170119ARTFIG00341-de-la-trump-tower-a-la-maison-blanche.php\" data-fig-type=\"Article\" data-gtm-custom-categorie=\"navigation\" data-gtm-custom-action=\"crossclick\" data-gtm-custom-label=\"Contextuel\" data-gtm-event=\"customEventSPE\" data-fig-domain=\"LEFIGARO\" target=\"_blank\" rel=\"noopener\">Trump Tower<\/a>\u00a0\u00e0 New York pour essayer de lui offrir une reproduction de sa peinture. Ses conseillers le font entrer pensant qu\u2019il a \u00e9t\u00e9 invit\u00e9 \u00e0 participer \u00e0 une r\u00e9union\u2026 de pasteurs noirs venus discuter avec le grand homme des probl\u00e8mes de leurs \u00e9glises!<\/p>\n<p>    Kim Sajet, la directrice de la National Portrait Gallery o\u00f9 se trouvent les portraits des pr\u00e9sidents am\u00e9ricains a jug\u00e9 la toile \u00abtrop pro Trump\u00bb, \u00abtrop politique\u00bb.<br \/>\n                MANDEL NGAN \/ AFP<\/p>\n<p>Personnage truculent<\/p>\n<p class=\"fig-paragraph\">Son \u0153uvre \u00abproph\u00e9tique, symbolique, patriotique.. et historique\u00bb, comme il la d\u00e9crit, m\u00e9rite d\u2019\u00eatre expos\u00e9e, d\u00e9cide-t-il, dans un mus\u00e9e national de Washington. Il la pr\u00e9sente donc \u00e0 la National Portrait Gallery o\u00f9 se trouvent les portraits des pr\u00e9sidents am\u00e9ricains. Quelques jours plus tard, \u00e0 sa grande surprise, Kim Sajet, la directrice du mus\u00e9e, l\u2019appelle en personne. Las! Ce n\u2019est pas pour l\u2019encenser. Sa toile est \u00abtrop pro Trump\u00bb, \u00abtrop politique\u00bb, lui dit-elle avant d\u2019ajouter: \u00ab Je sais que c\u2019est dur, et qu\u2019aucun artiste ne veut entendre cela, mais le tableau n\u2019est pas r\u00e9ussi\u00bb.<\/p>\n<p class=\"fig-paragraph\">Furieux, Julian Raven, un personnage truculent aussi religieux que cultiv\u00e9 lance une action en justice contre le Smithsonian, l\u2019institution qui g\u00e8re 21 mus\u00e9es dont la Portrait Gallery, l\u2019accusant d\u2019\u00eatre biais\u00e9 politiquement, de n\u2019avoir pas soumis son oeuvre \u00e0 un processus rigoureux de s\u00e9lection et d\u2019avoir donc viol\u00e9 ses droits constitutionnels \u00e0\u00a0<a href=\"http:\/\/www.lefigaro.fr\/actualite-france\/le-delit-d-entrave-a-l-aide-a-mourir-heurte-t-il-la-liberte-d-expression-20250527\" data-fig-type=\"Article\" data-gtm-custom-categorie=\"navigation\" data-gtm-custom-action=\"crossclick\" data-gtm-custom-label=\"Contextuel\" data-gtm-event=\"customEventSPE\" data-fig-domain=\"LEFIGARO\" target=\"_blank\" rel=\"noopener\">la libert\u00e9 d\u2019expression<\/a>\u00a0et \u00e0 une proc\u00e9dure l\u00e9gale \u00e9quitable. Le tribunal rejette sa plainte. Il perd de nouveau en appel. Le juge lui donne cependant raison sur un point. Le contenu de la conversation t\u00e9l\u00e9phonique avec Kim Sajet a \u00e9t\u00e9 \u00abodieux\u00bb, estime le magistrat, et a tout de \u00abl\u2019insulte professionnelle . . . partisane et non m\u00e9rit\u00e9e.\u00bb Le peintre ne s\u2019arr\u00eate pas l\u00e0. Il continue \u00e0 lancer diverses proc\u00e9dures contre Sajet tout en \u00e9crivant un livre sur son combat contre le Smithsonian intitul\u00e9 \u00abOdious and Cerberus\u00bb. Ce qui le rend c\u00e9l\u00e8bre dans les milieux conservateurs.<\/p>\n<p class=\"fig-body-link\">\n            \u00c0 lire aussi<br \/>\n        <a class=\"fig-body-link__link fig-premium-mark\" href=\"http:\/\/www.lefigaro.fr\/international\/jon-mcnaughton-ce-peintre-trumpiste-dans-la-veine-des-grands-illustrateurs-americains-20240629\" data-fig-type=\"Article\" data-gtm-custom-categorie=\"navigation\" data-gtm-custom-action=\"crossclick\" data-gtm-custom-label=\"Contextuel\" data-gtm-event=\"customEventSPE\" data-fig-domain=\"LEFIGARO\" target=\"_blank\" rel=\"noopener\">Jon McNaughton, ce peintre trumpiste dans la veine des grands illustrateurs am\u00e9ricains<br \/>\n    <\/a>\n<\/p>\n<p>L\u2019artiste n\u2019est plus trumpiste<\/p>\n<p class=\"fig-paragraph\">Apr\u00e8s le retour au pouvoir de Donald Trump, Julian Raven, d\u00e9cid\u00e9ment obstin\u00e9, soumet de nouveau son oeuvre \u00e0 la Portrait Gallery et essuie de nouveau un refus. Ces derni\u00e8res semaines pourtant, il a repris espoir. Le pr\u00e9sident qui entend contr\u00f4ler toutes les institutions culturelles a annonc\u00e9 qu\u2019il limogeait Kim Sajet. Il lui reproche d\u2019\u00eatre trop biais\u00e9e politiquement et de d\u00e9fendre la diversit\u00e9 et l\u2019inclusion, la b\u00eate noire des conservateurs.\u00a0<a href=\"http:\/\/www.lefigaro.fr\/vox\/monde\/l-editorial-de-philippe-gelie-trump-musk-feu-d-artifice-a-la-maison-blanche-20250606\" data-fig-type=\"Article\" data-gtm-custom-categorie=\"navigation\" data-gtm-custom-action=\"crossclick\" data-gtm-custom-label=\"Contextuel\" data-gtm-event=\"customEventSPE\" data-fig-domain=\"LEFIGARO\" target=\"_blank\" rel=\"noopener\">La Maison Blanche<\/a>\u00a0a dress\u00e9 une longue liste de ses soi-disant m\u00e9faits, parmi lesquels ses dons \u00e0 des candidats d\u00e9mocrates et son rejet du fameux tableau de Raven! \u00c0 la grande joie du peintre qui confie au Washington Post: \u00abJ\u2019ai \u00e9t\u00e9 tr\u00e8s encourag\u00e9\u00bb par le fait que l\u2019administration cite cette histoire.<\/p>\n<p class=\"fig-paragraph\">Il n\u2019est pas s\u00fbr toutefois que le nouveau directeur accueille \u00e0 bras ouverts sa toile. Car l\u2019artiste n\u2019est plus trumpiste. Il a \u00e9t\u00e9 tr\u00e8s choqu\u00e9 par la tentative du pr\u00e9sident de se maintenir ill\u00e9galement au pouvoir en 2020 et l\u2019assaut de ses partisans contre la Capitole. Il a appel\u00e9 publiquement \u00e0 recouvrir d\u2019un voile noir la photo de Trump expos\u00e9e \u00e0 la Portrait Gallery. Cela ne l\u2019a pas emp\u00each\u00e9 d\u2019envoyer r\u00e9cemment plusieurs missives aux conseillers du chef de l\u2019\u00c9tat pour plaider sa cause. Car m\u00eame s\u2019il ne vote plus Trump, il r\u00eave toujours d\u2019avoir sa peinture accroch\u00e9e dans le mus\u00e9e aux c\u00f4t\u00e9s des portraits de George Bush et de Barack Obama.<\/p>\n","protected":false},"excerpt":{"rendered":"Selon son auteur, cette toile \u00abproph\u00e9tique, symbolique, patriotique.. et historique\u00bb, m\u00e9ritait sa place dans un mus\u00e9e national de&hellip;\n","protected":false},"author":2,"featured_media":211178,"comment_status":"","ping_status":"","sticky":false,"template":"","format":"standard","meta":{"footnotes":""},"categories":[1358],"tags":[259,260,1348,1384,1385,1386,58,75,59,35076,1011,27,14,261,262],"class_list":{"0":"post-211177","1":"post","2":"type-post","3":"status-publish","4":"format-standard","5":"has-post-thumbnail","7":"category-arts-et-design","8":"tag-actualite-internationale","9":"tag-affaires-etrangeres","10":"tag-arts","11":"tag-arts-and-design","12":"tag-arts-et-design","13":"tag-design","14":"tag-divertissement","15":"tag-donald-trump","16":"tag-entertainment","17":"tag-etat-unis","18":"tag-fr","19":"tag-france","20":"tag-international","21":"tag-ministere-des-affaires-etrangeres","22":"tag-politique-etrangere"},"share_on_mastodon":{"url":"","error":""},"_links":{"self":[{"href":"https:\/\/www.europesays.com\/fr\/wp-json\/wp\/v2\/posts\/211177","targetHints":{"allow":["GET"]}}],"collection":[{"href":"https:\/\/www.europesays.com\/fr\/wp-json\/wp\/v2\/posts"}],"about":[{"href":"https:\/\/www.europesays.com\/fr\/wp-json\/wp\/v2\/types\/post"}],"author":[{"embeddable":true,"href":"https:\/\/www.europesays.com\/fr\/wp-json\/wp\/v2\/users\/2"}],"replies":[{"embeddable":true,"href":"https:\/\/www.europesays.com\/fr\/wp-json\/wp\/v2\/comments?post=211177"}],"version-history":[{"count":0,"href":"https:\/\/www.europesays.com\/fr\/wp-json\/wp\/v2\/posts\/211177\/revisions"}],"wp:featuredmedia":[{"embeddable":true,"href":"https:\/\/www.europesays.com\/fr\/wp-json\/wp\/v2\/media\/211178"}],"wp:attachment":[{"href":"https:\/\/www.europesays.com\/fr\/wp-json\/wp\/v2\/media?parent=211177"}],"wp:term":[{"taxonomy":"category","embeddable":true,"href":"https:\/\/www.europesays.com\/fr\/wp-json\/wp\/v2\/categories?post=211177"},{"taxonomy":"post_tag","embeddable":true,"href":"https:\/\/www.europesays.com\/fr\/wp-json\/wp\/v2\/tags?post=211177"}],"curies":[{"name":"wp","href":"https:\/\/api.w.org\/{rel}","templated":true}]}}