{"id":211181,"date":"2025-06-28T15:14:18","date_gmt":"2025-06-28T15:14:18","guid":{"rendered":"https:\/\/www.europesays.com\/fr\/211181\/"},"modified":"2025-06-28T15:14:18","modified_gmt":"2025-06-28T15:14:18","slug":"ou-a-ete-tourne-le-telefilm-avec-elodie-varlet-et-samy-gharbi-diffuse-ce-samedi-28-juin-2025","status":"publish","type":"post","link":"https:\/\/www.europesays.com\/fr\/211181\/","title":{"rendered":"O\u00f9 a \u00e9t\u00e9 tourn\u00e9 le t\u00e9l\u00e9film avec Elodie Varlet et Samy Gharbi diffus\u00e9 ce samedi 28 juin 2025 ?"},"content":{"rendered":"<p>Ce samedi 28 juin France 3 propose de passer la soir\u00e9e en compagnie de Samy Gharbi et Elodie Varlet dans Le secret de la grotte. O\u00f9 la fiction polici\u00e8re a-t-elle \u00e9t\u00e9 tourn\u00e9e ? On vous explique tout. <\/p>\n<p>Face au Grand Quiz de TF1 et au rugby sur France 2, France 3 prend le contrepied ce samedi 28 juin et propose le t\u00e9l\u00e9film policier <a href=\"https:\/\/www.programme-tv.net\/programme\/telefilm\/24080852-le-secret-de-la-grotte\/\" target=\"_blank\" rel=\"noopener\"><b>Le secret de la grotte<\/b><\/a>. Au casting de cette fiction in\u00e9dite (<a href=\"https:\/\/www.programme-tv.net\/news\/series-tv\/322259-le-secret-de-la-grotte-france-3-faut-il-regarder-la-fiction-policiere-avec-elodie-varlet-et-samy-gharbi-diffusee-ce-samedi-11-mars-notre-avis\/\" data-api-deeplink=\"teleloisirs:\/\/news\/322259\" target=\"_blank\" rel=\"noopener\">notre avis<\/a>), les t\u00e9l\u00e9spectateurs retrouveront un duo de s\u00e9ries ultra-populaires : <b>\u00c9lodie Varlet <\/b>(Manon Ferret-Duval) popularis\u00e9e pour son r\u00f4le dans Plus belle la vie, et <a href=\"https:\/\/www.programme-tv.net\/news\/series-tv\/321378-fallait-bien-que-ca-arrive-samy-gharbi-karim-dans-demain-nous-appartient-inquiete-ses-fans-avec-un-message-sur-instagram\/\" data-api-deeplink=\"teleloisirs:\/\/news\/321378\" target=\"_blank\" rel=\"noopener\"><b>Samy Gharbi<\/b><\/a> (Riad Lekcir) de Demain nous appartient. Cette intrigue polici\u00e8re fait voyager \u00e0 travers plusieurs des splendeurs du d\u00e9partement de l\u2019Ard\u00e8che.<\/p>\n<p>Le secret de la grotte : De quoi parle le t\u00e9l\u00e9film rediffus\u00e9 ce samedi 28 juin ?<\/p>\n<p>Le secret de la grotte prend pour point de d\u00e9part l\u2019assassinat d\u2019une figure locale, retrouv\u00e9e morte sur les bords de la rivi\u00e8re Ard\u00e8che, pr\u00e8s de la ville de Vallon-Pont-d\u2019Arc. Il se trouve que l&rsquo;arme du crime est une pierre taill\u00e9e datant de plus de 40 000 ans, p\u00e9riode correspondant \u00e0 des peintures rupestres dans la grotte du coin. Le capitaine de gendarmerie Riad Lekcir est charg\u00e9 de l\u2019affaire et va devoir travailler avec Manon Ferret-Duval. Probl\u00e8me, un douloureux pass\u00e9 lie les deux enqu\u00eateurs : en 1994, parall\u00e8lement \u00e0 la d\u00e9couverte de cette grotte, Kamel, le fr\u00e8re a\u00een\u00e9 de Riad, a \u00e9t\u00e9 accus\u00e9 d\u2019avoir tu\u00e9 les parents de Manon. Puis, il a \u00e9t\u00e9 arr\u00eat\u00e9 et s\u2019est suicid\u00e9 en garde \u00e0 vue. Un lien existe-t-il entre ce meurtre et l\u2019assassinat qui vient d\u2019avoir lieu ?<\/p>\n<p>                        Le secret de la grotte : o\u00f9 a \u00e9t\u00e9 tourn\u00e9 le t\u00e9l\u00e9film avec Elodie Varlet et Samy Gharbi ?<\/p>\n<p>Le secret de la grotte a \u00e9t\u00e9 tourn\u00e9 du 19 octobre au 16 novembre 2022 dans plusieurs lieux du d\u00e9partement de l\u2019Ard\u00e8che. De nombreuses prises de vue ont \u00e9t\u00e9 r\u00e9alis\u00e9es \u00e0 Vallon-Pont-d&rsquo;Arc, notamment pour les d\u00e9cors des maisons de plusieurs des protagonistes, mais aussi dans la ville de Vagnas o\u00f9 la mairie et La maison pour tous ont abrit\u00e9 les d\u00e9cors de la gendarmerie. Parmi les merveilles de paysages naturels, vous pourrez aussi voir Le Cirque de Gens, ainsi que le Pont d\u2019Arc. Enfin, le tournage des sc\u00e8nes de la grotte s&rsquo;est d\u00e9roul\u00e9, le temps d&rsquo;une journ\u00e9e, dans la Grotte Chauvet 2, situ\u00e9e pr\u00e8s de Vallon-Pont-d\u2019Arc. Il s&rsquo;agit d&rsquo;une r\u00e9plique exacte de la Grotte Chauvet, orn\u00e9e d&rsquo;\u00e2ge pal\u00e9olithique et d\u00e9couverte en 1994 par Jean-Marie Chauvet. La v\u00e9ritable grotte n&rsquo;est pas ouverte au public, seuls des chercheurs peuvent s&rsquo;y rendre pour leurs travaux.<\/p>\n","protected":false},"excerpt":{"rendered":"Ce samedi 28 juin France 3 propose de passer la soir\u00e9e en compagnie de Samy Gharbi et Elodie&hellip;\n","protected":false},"author":2,"featured_media":211182,"comment_status":"","ping_status":"","sticky":false,"template":"","format":"standard","meta":{"footnotes":""},"categories":[1356],"tags":[244,58,35078,59,1011,27,876,35080,35079,35077,252,1364],"class_list":{"0":"post-211181","1":"post","2":"type-post","3":"status-publish","4":"format-standard","5":"has-post-thumbnail","7":"category-television","8":"tag-commentaire","9":"tag-divertissement","10":"tag-elodie-varlet","11":"tag-entertainment","12":"tag-fr","13":"tag-france","14":"tag-france-3","15":"tag-le-secret-de-la-grotte","16":"tag-le-secret-de-la-grotte-11032023-211000-france-3","17":"tag-samy-gharbi","18":"tag-television","19":"tag-tv"},"share_on_mastodon":{"url":"","error":""},"_links":{"self":[{"href":"https:\/\/www.europesays.com\/fr\/wp-json\/wp\/v2\/posts\/211181","targetHints":{"allow":["GET"]}}],"collection":[{"href":"https:\/\/www.europesays.com\/fr\/wp-json\/wp\/v2\/posts"}],"about":[{"href":"https:\/\/www.europesays.com\/fr\/wp-json\/wp\/v2\/types\/post"}],"author":[{"embeddable":true,"href":"https:\/\/www.europesays.com\/fr\/wp-json\/wp\/v2\/users\/2"}],"replies":[{"embeddable":true,"href":"https:\/\/www.europesays.com\/fr\/wp-json\/wp\/v2\/comments?post=211181"}],"version-history":[{"count":0,"href":"https:\/\/www.europesays.com\/fr\/wp-json\/wp\/v2\/posts\/211181\/revisions"}],"wp:featuredmedia":[{"embeddable":true,"href":"https:\/\/www.europesays.com\/fr\/wp-json\/wp\/v2\/media\/211182"}],"wp:attachment":[{"href":"https:\/\/www.europesays.com\/fr\/wp-json\/wp\/v2\/media?parent=211181"}],"wp:term":[{"taxonomy":"category","embeddable":true,"href":"https:\/\/www.europesays.com\/fr\/wp-json\/wp\/v2\/categories?post=211181"},{"taxonomy":"post_tag","embeddable":true,"href":"https:\/\/www.europesays.com\/fr\/wp-json\/wp\/v2\/tags?post=211181"}],"curies":[{"name":"wp","href":"https:\/\/api.w.org\/{rel}","templated":true}]}}