{"id":211183,"date":"2025-06-28T15:15:12","date_gmt":"2025-06-28T15:15:12","guid":{"rendered":"https:\/\/www.europesays.com\/fr\/211183\/"},"modified":"2025-06-28T15:15:12","modified_gmt":"2025-06-28T15:15:12","slug":"chantal-goya-remercie-julien-dore-qui-lui-a-propose-son-costume-apres-la-disparition-de-pandi-panda","status":"publish","type":"post","link":"https:\/\/www.europesays.com\/fr\/211183\/","title":{"rendered":"Chantal Goya remercie Julien Dor\u00e9 qui lui a propos\u00e9 son costume apr\u00e8s la disparition de Pandi-Panda"},"content":{"rendered":"<p class=\"article-p mdl\">La saga du panda continue. La chanteuse\u00a0Chantal Goya, interpr\u00e8te du c\u00e9l\u00e8bre Pandi-Panda, raconte sur les r\u00e9seaux sociaux avoir constat\u00e9 la disparition du costume de panda utilis\u00e9 sur sc\u00e8ne dans le cadre de la chanson. Et alors que la chanteuse lan\u00e7ait un appel \u00e0 l&rsquo;aide pour le retrouver, une solution insolite s&rsquo;est pr\u00e9sent\u00e9e \u00e0 elle : le chanteur\u00a0<a class=\"link\" href=\"https:\/\/www.rtl.fr\/culture\/musique\/qu-est-ce-que-j-apprends-julien-dore-propose-d-aider-chantal-goya-qui-ne-peut-plus-chanter-pandi-panda-7900519928\" title=\"&quot;Qu&#039;est-ce que j&#039;apprends ?&quot; : Julien Dor\u00e9 propose d&#039;aider Chantal Goya, qui ne peut plus chanter &quot;Pandi-Panda&quot;\" target=\"_blank\" rel=\"nofollow noopener\">Julien Dor\u00e9<\/a>\u00a0a vol\u00e9 \u00e0 sa rescousse, lui offrant <strong>son propre costume de panda<\/strong> !<\/p>\n<p class=\"article-p mdl\">Dans une vid\u00e9o publi\u00e9e sur Instagram, vendredi 27 juin, ce dernier s&rsquo;est \u00e9mu de la d\u00e9tresse de <strong>Chantal Goya<\/strong>, et a d\u00e9cid\u00e9 de lui proposer son aide. Dans la foul\u00e9e, la chanteuse de Jeannot Lapin\u00a0a, \u00e0 son tour, tenu \u00e0<strong>\u00a0<\/strong>le remercier, dans une vid\u00e9o publi\u00e9e sur Instagram.<\/p>\n<p class=\"article-p mdl\">\u00ab\u00a0Coucou mon Julien, <strong>je voudrais te remercier pour ce joli geste d&rsquo;amour<\/strong> que tu viens de faire pour tous les enfants qui aimaient Pandi-Panda. Tu vas leur pr\u00eater, tu vas leur donner un Pandi-Panda, le cousin de Pandi-Panda on va dire\u00a0! Parce que c&rsquo;est vrai que Pandi-Panda on ne le retrouve toujours pas\u00a0\u00bb, a-t-elle regrett\u00e9.<\/p>\n<p class=\"article-p mdl\">\u00ab\u00a0Je vais attendre encore\u00a0\u00bb, ajoute\u00a0<a class=\"link\" href=\"https:\/\/www.rtl.fr\/culture\/musique\/chantal-goya-elle-ne-peut-plus-chanter-l-un-de-ses-tubes-car-un-costume-a-disparu-7900519525\" title=\"&quot;Il faut qu&#039;on nous le rende&quot; : Chantal Goya lance un appel apr\u00e8s le vol de Pandi Panda\" target=\"_blank\" rel=\"nofollow noopener\">Chantal Goya<\/a>. \u00ab\u00a0Peut-\u00eatre que finalement, on me le rendra, m\u00eame anonymement, ce n&rsquo;est pas grave. M\u00eame si je le vois, je lui offrirai un caf\u00e9. Peut-\u00eatre qu&rsquo;il \u00e9tait tellement fan de <strong>Pandi-Panda <\/strong>qu&rsquo;il voulait le garder quelques jours pour lui\u00a0\u00bb.\u00a0La chanteuse a par ailleurs promis \u00e0 Julien Dor\u00e9 : \u00ab\u00a0Si on ne le retrouve jamais, ce sera le tien qui prendra la suite, <strong>qui prendra la rel\u00e8ve<\/strong>\u00ab\u00a0.<\/p>\n<p>    La r\u00e9daction vous recommande<\/p>\n<p class=\"s-newsletter__title\">\n                L\u2019actualit\u00e9 par la r\u00e9daction de RTL dans votre bo\u00eete mail.\n            <\/p>\n<p class=\"s-newsletter__subtitle\">\n                Gr\u00e2ce \u00e0 votre compte RTL abonnez-vous \u00e0 la newsletter RTL info pour suivre toute l&rsquo;actualit\u00e9 au quotidien\n            <\/p>\n<p>\n                                    Lire la suite\n                                <\/p>\n","protected":false},"excerpt":{"rendered":"La saga du panda continue. La chanteuse\u00a0Chantal Goya, interpr\u00e8te du c\u00e9l\u00e8bre Pandi-Panda, raconte sur les r\u00e9seaux sociaux avoir&hellip;\n","protected":false},"author":2,"featured_media":211184,"comment_status":"","ping_status":"","sticky":false,"template":"","format":"standard","meta":{"footnotes":""},"categories":[1355],"tags":[1695,27409,58,1719,59,107,1011,27,1757,4004,1361,873,35081],"class_list":{"0":"post-211183","1":"post","2":"type-post","3":"status-publish","4":"format-standard","5":"has-post-thumbnail","7":"category-musique","8":"tag-chanson","9":"tag-costumes","10":"tag-divertissement","11":"tag-enfants","12":"tag-entertainment","13":"tag-fil-info","14":"tag-fr","15":"tag-france","16":"tag-insolite","17":"tag-julien-dore","18":"tag-music","19":"tag-musique","20":"tag-pandas"},"share_on_mastodon":{"url":"","error":""},"_links":{"self":[{"href":"https:\/\/www.europesays.com\/fr\/wp-json\/wp\/v2\/posts\/211183","targetHints":{"allow":["GET"]}}],"collection":[{"href":"https:\/\/www.europesays.com\/fr\/wp-json\/wp\/v2\/posts"}],"about":[{"href":"https:\/\/www.europesays.com\/fr\/wp-json\/wp\/v2\/types\/post"}],"author":[{"embeddable":true,"href":"https:\/\/www.europesays.com\/fr\/wp-json\/wp\/v2\/users\/2"}],"replies":[{"embeddable":true,"href":"https:\/\/www.europesays.com\/fr\/wp-json\/wp\/v2\/comments?post=211183"}],"version-history":[{"count":0,"href":"https:\/\/www.europesays.com\/fr\/wp-json\/wp\/v2\/posts\/211183\/revisions"}],"wp:featuredmedia":[{"embeddable":true,"href":"https:\/\/www.europesays.com\/fr\/wp-json\/wp\/v2\/media\/211184"}],"wp:attachment":[{"href":"https:\/\/www.europesays.com\/fr\/wp-json\/wp\/v2\/media?parent=211183"}],"wp:term":[{"taxonomy":"category","embeddable":true,"href":"https:\/\/www.europesays.com\/fr\/wp-json\/wp\/v2\/categories?post=211183"},{"taxonomy":"post_tag","embeddable":true,"href":"https:\/\/www.europesays.com\/fr\/wp-json\/wp\/v2\/tags?post=211183"}],"curies":[{"name":"wp","href":"https:\/\/api.w.org\/{rel}","templated":true}]}}