{"id":21119,"date":"2025-04-13T02:09:22","date_gmt":"2025-04-13T02:09:22","guid":{"rendered":"https:\/\/www.europesays.com\/fr\/21119\/"},"modified":"2025-04-13T02:09:22","modified_gmt":"2025-04-13T02:09:22","slug":"metz-double-provisoirement-le-paris-fc-caen-ny-arrive-toujours-pas","status":"publish","type":"post","link":"https:\/\/www.europesays.com\/fr\/21119\/","title":{"rendered":"Metz double (provisoirement ?) le Paris FC, Caen n\u2019y arrive toujours pas"},"content":{"rendered":"<p>D\u00e9but de la 30e journ\u00e9e de Ligue 2 ce vendredi, avec notamment le succ\u00e8s de Metz, qui revient \u00e0 un point du leader lorientais, et le nul de la lanterne rouge caennaise.<\/p>\n<p class=\"fig-paragraph\">Metz, large vainqueur \u00e0 Martigues<a href=\"https:\/\/www.lefigaro.fr\/sports\/football\/live\/ligue-2\/2024\/2448975\/martigues-metz\" target=\"_blank\" rel=\"noopener\" data-gtm-custom-categorie=\"navigation\" data-gtm-custom-action=\"crossclick\" data-gtm-custom-label=\"Contextuel\" data-gtm-event=\"customEventSPE\">\u00a04 \u00e0 1<\/a>, s&rsquo;est hiss\u00e9 provisoirement \u00e0 la deuxi\u00e8me place du\u00a0<a href=\"https:\/\/www.lefigaro.fr\/sports\/football\/ligue-2\/classement\" target=\"_blank\" rel=\"noopener\" data-gtm-custom-categorie=\"navigation\" data-gtm-custom-action=\"crossclick\" data-gtm-custom-label=\"Contextuel\" data-gtm-event=\"customEventSPE\">classement de Ligue 2<\/a>, vendredi soir lors de\u00a0<a href=\"https:\/\/www.lefigaro.fr\/sports\/football\/ligue-2\/calendrier-resultats\" target=\"_blank\" rel=\"noopener\" data-gtm-custom-categorie=\"navigation\" data-gtm-custom-action=\"crossclick\" data-gtm-custom-label=\"Contextuel\" data-gtm-event=\"customEventSPE\">la 30e journ\u00e9e<\/a>, en attendant le match du Paris FC en d\u00e9placement samedi \u00e0 Grenoble. Les Messins, d\u00e9sormais 60 points, reviennent \u00e0 un point du leader Lorient qui dispute un derby breton samedi (14h00) \u00e0 Guingamp (5e, 48pts) et doublent le PFC, qui effectuera un d\u00e9placement p\u00e9rilleux dans la soir\u00e9e \u00e0 Grenoble (9e, 40 pts).<\/p>\n<p class=\"fig-paragraph\">Dans le match qu&rsquo;ils devaient remporter pour rester au contact, les Lorrains ont d&rsquo;entr\u00e9e montr\u00e9 qui \u00e9tait le patron sur la pelouse. Face \u00e0 une \u00e9quipe mart\u00e9gale priv\u00e9e de deux cadres, le capitaine Samir Belloumou et Yanis Hadjem, ils ont livr\u00e9 un r\u00e9cital dans une premi\u00e8re p\u00e9riode domin\u00e9e de la t\u00eate et des \u00e9paules avec trois buts \u00e0 la cl\u00e9. Papa Diallo a montr\u00e9 la voie (2e) avant deux p\u00e9nalties transform\u00e9s par Gauthier Hein (16e et 35e). Les Mart\u00e9gaux ont \u00e0 peine contrari\u00e9 la supr\u00e9matie messine en revenant bri\u00e8vement au score par Karim Trili (13e). Dans un second acte \u00e0 sens unique, Ablie Jallow a ajout\u00e9 un 4e but en fin de match (81e).<\/p>\n<p>Dunkerque battu<\/p>\n<p class=\"fig-paragraph\">Il y a eu plus de suspense en revanche au stade de La Licorne o\u00f9 Amiens (12e, 37pts), bien que r\u00e9duit \u00e0 dix pendant un peu plus d&rsquo;une mi-temps, s&rsquo;est offert le scalp de Dunkerque (1-0). Apr\u00e8s leur \u00e9pop\u00e9e en Coupe de France,\u00a0<a href=\"http:\/\/www.lefigaro.fr\/sports\/football\/coupe-de-france\/dunkerque-psg-dembele-sans-pitie-une-defense-parisienne-trop-friable-les-tops-et-les-flops-20250402\" data-fig-type=\"NewsFlash\" data-gtm-custom-categorie=\"navigation\" data-gtm-custom-action=\"crossclick\" data-gtm-custom-label=\"Contextuel\" data-gtm-event=\"customEventSPE\" data-fig-domain=\"LEFIGARO\" target=\"_blank\" rel=\"noopener\">o\u00f9 ils ont \u00e9t\u00e9 \u00e9limin\u00e9s par Paris en demi-finale<\/a>, les Nordistes (4e, 51 pts) ont \u00e9t\u00e9 punis par le rempla\u00e7ant Malick Mbaye parti \u00e0 la limite du hors-jeu pour inscrire l&rsquo;unique but du match \u00e0 l&rsquo;heure de jeu. La quatri\u00e8me place de l&rsquo;USLD, synonyme de barrage \u00e0 domicile, est sous la menace des Guingampais.<\/p>\n<p class=\"fig-paragraph\">Dans un sursaut d&rsquo;orgueil, Clermont a partag\u00e9 les points avec Pau (2-2). Mais ce point glan\u00e9 est une moindre r\u00e9compense par rapport \u00e0 la qualit\u00e9 de jeu d\u00e9ploy\u00e9 pour la premi\u00e8re de S\u00e9bastien Mazeyrat, dont l&rsquo;arriv\u00e9e sur le banc cette semaine \u00e0 la place de Laurent Batlles, semble avoir cr\u00e9\u00e9 un v\u00e9ritable \u00e9lectrochoc.<\/p>\n<p class=\"fig-paragraph\">Tout en bas, le SM Caen a longtemps cru pouvoir l&#8217;emporter mais a \u00e9t\u00e9 rejoint in extremis sur une \u00e9ni\u00e8me erreur d\u00e9fensive dans le temps additionnel dont a profit\u00e9 Ibrahima Bald\u00e9 (90e). Avec ce match nul (2-2), le club d\u00e9tenu par Kylian Mbapp\u00e9 (21 pts) pointe \u00e0 sept longueurs de Clermont et Martigues \u00e0 quatre journ\u00e9es de la fin.<\/p>\n","protected":false},"excerpt":{"rendered":"D\u00e9but de la 30e journ\u00e9e de Ligue 2 ce vendredi, avec notamment le succ\u00e8s de Metz, qui revient&hellip;\n","protected":false},"author":2,"featured_media":21120,"comment_status":"","ping_status":"","sticky":false,"template":"","format":"standard","meta":{"footnotes":""},"categories":[1888],"tags":[1111,1928,11,1927,454,69,448,83,451,64,1777,450,449,674,1011,27,452,453,66,446,447,12,1926,626,1925,70,25,455],"class_list":{"0":"post-21119","1":"post","2":"type-post","3":"status-publish","4":"format-standard","5":"has-post-thumbnail","7":"category-paris","8":"tag-actu","9":"tag-actu-paris","10":"tag-actualites","11":"tag-actualites-paris","12":"tag-ballon-dor","13":"tag-bundesliga","14":"tag-champions-league","15":"tag-coupe-de-france","16":"tag-coupe-du-monde","17":"tag-equipe-de-france","18":"tag-eu","19":"tag-euro","20":"tag-europa-league","21":"tag-europe","22":"tag-fr","23":"tag-france","24":"tag-italie","25":"tag-liga","26":"tag-ligue-1","27":"tag-ligue-2","28":"tag-ligue-des-champions","29":"tag-news","30":"tag-news-paris","31":"tag-paris","32":"tag-paris-news","33":"tag-premier-league","34":"tag-republique-francaise","35":"tag-uefa"},"share_on_mastodon":{"url":"https:\/\/pubeurope.com\/@fr\/114328224625303852","error":""},"_links":{"self":[{"href":"https:\/\/www.europesays.com\/fr\/wp-json\/wp\/v2\/posts\/21119","targetHints":{"allow":["GET"]}}],"collection":[{"href":"https:\/\/www.europesays.com\/fr\/wp-json\/wp\/v2\/posts"}],"about":[{"href":"https:\/\/www.europesays.com\/fr\/wp-json\/wp\/v2\/types\/post"}],"author":[{"embeddable":true,"href":"https:\/\/www.europesays.com\/fr\/wp-json\/wp\/v2\/users\/2"}],"replies":[{"embeddable":true,"href":"https:\/\/www.europesays.com\/fr\/wp-json\/wp\/v2\/comments?post=21119"}],"version-history":[{"count":0,"href":"https:\/\/www.europesays.com\/fr\/wp-json\/wp\/v2\/posts\/21119\/revisions"}],"wp:featuredmedia":[{"embeddable":true,"href":"https:\/\/www.europesays.com\/fr\/wp-json\/wp\/v2\/media\/21120"}],"wp:attachment":[{"href":"https:\/\/www.europesays.com\/fr\/wp-json\/wp\/v2\/media?parent=21119"}],"wp:term":[{"taxonomy":"category","embeddable":true,"href":"https:\/\/www.europesays.com\/fr\/wp-json\/wp\/v2\/categories?post=21119"},{"taxonomy":"post_tag","embeddable":true,"href":"https:\/\/www.europesays.com\/fr\/wp-json\/wp\/v2\/tags?post=21119"}],"curies":[{"name":"wp","href":"https:\/\/api.w.org\/{rel}","templated":true}]}}