{"id":211193,"date":"2025-06-28T15:21:09","date_gmt":"2025-06-28T15:21:09","guid":{"rendered":"https:\/\/www.europesays.com\/fr\/211193\/"},"modified":"2025-06-28T15:21:09","modified_gmt":"2025-06-28T15:21:09","slug":"tentative-dextorsion-avec-violences-sur-un-serveur-du-nomah-a-ajaccio-le-gerant-condamne-a-18-mois-de-prison-ferme","status":"publish","type":"post","link":"https:\/\/www.europesays.com\/fr\/211193\/","title":{"rendered":"Tentative d&rsquo;extorsion avec violences sur un serveur du Nomah \u00e0 Ajaccio, le g\u00e9rant condamn\u00e9 \u00e0 18 mois de prison ferme"},"content":{"rendered":"<p>Olivier Birgy, g\u00e9rant du Nomah, restaurant sur la route de Mezzavia, bien connu des Ajacciens pour ses soir\u00e9es festives, a \u00e9t\u00e9 condamn\u00e9 en comparution sur reconnaissance pr\u00e9alable de culpabilit\u00e9 (CRPC) \u00e0 18 mois de prison ferme pour \u00ab\u00a0tentative d&rsquo;extorsion avec violences ayant entra\u00een\u00e9 une incapacit\u00e9 totale de travail n&rsquo;exc\u00e9dant pas 8 jours\u00a0\u00bb &#8211; en l&rsquo;occurrence un jour &#8211; et \u00ab\u00a0exercice d&rsquo;une profession commerciale ou industrielle malgr\u00e9 interdiction judiciaire\u00a0\u00bb, selon les termes pr\u00e9cis\u00e9s par Nicolas Septe, procureur de la r\u00e9publique \u00e0 Ajaccio. Le pr\u00e9venu a \u00e9t\u00e9 imm\u00e9diatement incarc\u00e9r\u00e9.<\/p>\n<p>Persuad\u00e9 que l&rsquo;un des serveurs de son \u00e9tablissement avait mis en place un syst\u00e8me de surfacturation des clients, Olivier Birgy a, selon son avocate Me Aljia Fazai-Codaccioni, d\u00e9cid\u00e9 de r\u00e9gler lui-m\u00eame le probl\u00e8me plut\u00f4t que de se tourner vers la justice\u00a0: \u00ab\u00a0On a rapport\u00e9 \u00e0 mon client qu&rsquo;il y avait un probl\u00e8me d&rsquo;encaissements aupr\u00e8s de clients et qu&rsquo;un certain serveur \u00e9tait \u00e0 l&rsquo;origine des fausses facturations. Au d\u00e9part, mon client est donc lui-m\u00eame victime de d\u00e9tournement de fonds. Mais il s&#8217;emporte, veut r\u00e9cup\u00e9rer l&rsquo;argent pour ses clients, porte des coups qui, a-t-il affirm\u00e9, ont \u00e9t\u00e9 r\u00e9ciproques.\u00a0\u00bb<\/p>\n<p>Coups, humiliations, le serveur suspect\u00e9 de surfacturer les clients, appelle la police<\/p>\n<p>De son c\u00f4t\u00e9, le serveur agress\u00e9 et apeur\u00e9 a pr\u00e9venu la police. Il d\u00e9clare qu&rsquo;Olivier Birgy lui a port\u00e9 des coups apr\u00e8s l&rsquo;avoir menac\u00e9, soumis \u00e0 \u00ab\u00a0diverses humiliations\u00a0\u00bb et r\u00e9clam\u00e9 la remise de 10\u00a0000\u00a0euros en esp\u00e8ces. Ces faits ont \u00e9t\u00e9 commis entre le 2\u00a0mai et le 24\u00a0juin 2025.<\/p>\n<p><a href=\"https:\/\/www.corsematin.com\/article\/cargese\/une-nouvelle-mise-en-examen-dans-laffaire-de-racket-a-cargese\" target=\"_blank\" rel=\"nofollow noopener\">Une nouvelle mise en examen dans l&rsquo;affaire de racket \u00e0 Cargese<\/a><\/p>\n<p>Plac\u00e9 en garde \u00e0 vue, le g\u00e9rant a accept\u00e9 la comparution sur reconnaissance pr\u00e9alable de culpabilit\u00e9 (CRPC) et la peine propos\u00e9e par le parquet. \u00ab\u00a0Nous avons accept\u00e9 la CRPC car mon client risquait une peine beaucoup plus s\u00e9v\u00e8re en comparution imm\u00e9diate\u00a0\u00bb, pr\u00e9cise Me Fazai-Codaccioni.<\/p>\n<p>Car Olivier Birgy est r\u00e9cidiviste. Il a d\u00e9j\u00e0 \u00e9t\u00e9 condamn\u00e9 par le tribunal correctionnel d&rsquo;Ajaccio en octobre\u00a02020 dans une affaire de racket (pour environ un million d&rsquo;euros) d&rsquo;un retrait\u00e9 \u00e0 Carghjese.<\/p>\n<p>La chambre correctionnelle de la Cour d&rsquo;appel de Bastia avait prononc\u00e9 en mai\u00a02021 l&rsquo;interdiction pour Olivier Birgy d&rsquo;exercer une profession commerciale ou industrielle, rappelle le procureur de la R\u00e9publique. Interdiction dont le g\u00e9rant du Nomah n&rsquo;a pas tenu compte depuis le 2\u00a0d\u00e9cembre 2024.<\/p>\n","protected":false},"excerpt":{"rendered":"Olivier Birgy, g\u00e9rant du Nomah, restaurant sur la route de Mezzavia, bien connu des Ajacciens pour ses soir\u00e9es&hellip;\n","protected":false},"author":2,"featured_media":211194,"comment_status":"","ping_status":"","sticky":false,"template":"","format":"standard","meta":{"footnotes":""},"categories":[6],"tags":[17,3396,1102,35,35082,33,34,274,1011,27,35084,35083,3356,7451,2949],"class_list":{"0":"post-211193","1":"post","2":"type-post","3":"status-publish","4":"format-standard","5":"has-post-thumbnail","7":"category-economie","8":"tag-17","9":"tag-avec","10":"tag-breakingnews","11":"tag-business","12":"tag-dextorsion","13":"tag-economie","14":"tag-economy","15":"tag-faits-divers-justice","16":"tag-fr","17":"tag-france","18":"tag-nomah","19":"tag-serveur","20":"tag-sur","21":"tag-tentative","22":"tag-violences"},"share_on_mastodon":{"url":"","error":""},"_links":{"self":[{"href":"https:\/\/www.europesays.com\/fr\/wp-json\/wp\/v2\/posts\/211193","targetHints":{"allow":["GET"]}}],"collection":[{"href":"https:\/\/www.europesays.com\/fr\/wp-json\/wp\/v2\/posts"}],"about":[{"href":"https:\/\/www.europesays.com\/fr\/wp-json\/wp\/v2\/types\/post"}],"author":[{"embeddable":true,"href":"https:\/\/www.europesays.com\/fr\/wp-json\/wp\/v2\/users\/2"}],"replies":[{"embeddable":true,"href":"https:\/\/www.europesays.com\/fr\/wp-json\/wp\/v2\/comments?post=211193"}],"version-history":[{"count":0,"href":"https:\/\/www.europesays.com\/fr\/wp-json\/wp\/v2\/posts\/211193\/revisions"}],"wp:featuredmedia":[{"embeddable":true,"href":"https:\/\/www.europesays.com\/fr\/wp-json\/wp\/v2\/media\/211194"}],"wp:attachment":[{"href":"https:\/\/www.europesays.com\/fr\/wp-json\/wp\/v2\/media?parent=211193"}],"wp:term":[{"taxonomy":"category","embeddable":true,"href":"https:\/\/www.europesays.com\/fr\/wp-json\/wp\/v2\/categories?post=211193"},{"taxonomy":"post_tag","embeddable":true,"href":"https:\/\/www.europesays.com\/fr\/wp-json\/wp\/v2\/tags?post=211193"}],"curies":[{"name":"wp","href":"https:\/\/api.w.org\/{rel}","templated":true}]}}