{"id":211195,"date":"2025-06-28T15:22:09","date_gmt":"2025-06-28T15:22:09","guid":{"rendered":"https:\/\/www.europesays.com\/fr\/211195\/"},"modified":"2025-06-28T15:22:09","modified_gmt":"2025-06-28T15:22:09","slug":"la-corse-vote-la-reconnaissance-de-letat-palestinien-et-devance-la-france","status":"publish","type":"post","link":"https:\/\/www.europesays.com\/fr\/211195\/","title":{"rendered":"La Corse vote la reconnaissance de l\u2019Etat Palestinien (et devance la France)"},"content":{"rendered":"<p>En politique, les motions adopt\u00e9es d\u00e9passent rarement l\u2019ordre du symbolique et du diplomatique. Et c\u2019est ce que vient de faire l\u2019assembl\u00e9e de la collectivit\u00e9 de <a href=\"https:\/\/www.20minutes.fr\/dossier\/corse\" class=\"color-ultramarine c-link\" target=\"_blank\" rel=\"noopener\">Corse <\/a>qui, r\u00e9unie ce vendredi,<a href=\"https:\/\/x.com\/AssembleeCorse\/status\/1938691386716332518\" rel=\"nofollow\" target=\"_blank\" class=\"color-ultramarine c-link\"> a adopt\u00e9 une motion intitul\u00e9e \u00ab\u00a0soutien au peuple palestinien<\/a> et violations du droit international par l\u2019\u00c9tat <a href=\"https:\/\/www.20minutes.fr\/monde\/israel\/\" class=\"color-ultramarine c-link\" target=\"_blank\" rel=\"noopener\">isra\u00e9lien <\/a>dans la bande de <a href=\"https:\/\/www.20minutes.fr\/monde\/gaza\/\" class=\"color-ultramarine c-link\" target=\"_blank\" rel=\"noopener\">Gaza\u00a0<\/a>\u00bb.<\/p>\n<p>Dans celle-ci, la Corse \u00ab\u00a0reconna\u00eet officiellement l\u2019Etat de la <a href=\"https:\/\/www.20minutes.fr\/monde\/palestine\/\" class=\"color-ultramarine c-link\" target=\"_blank\" rel=\"noopener\">Palestine<\/a> dans les fronti\u00e8res de\u00a01967\u00a0\u00bb. Ce faisant, la Corse, qui tente toujours de n\u00e9gocier un statut d\u2019autonomie, devance l\u2019Etat fran\u00e7ais dans cette reconnaissance qu\u2019Emmanuel Macron avant un temps dit envisager.<\/p>\n<p>Si Netanyahou venait en France<\/p>\n<p>La motion demande par ailleurs \u00e0 \u00ab\u00a0ce que le mandat d\u2019arr\u00eat de la <a href=\"https:\/\/www.20minutes.fr\/monde\/cpi\/\" class=\"color-ultramarine c-link\" target=\"_blank\" rel=\"noopener\">Cour p\u00e9nale internationale<\/a> \u00e9mit le 21\u00a0novembre 2024, notamment <a href=\"https:\/\/www.20minutes.fr\/monde\/israel\/4122619-20241121-guerre-proche-orient-cpi-emet-mandats-arret-contre-benyamin-netanyahou-chef-militaire-hamas\" class=\"color-ultramarine c-link\" target=\"_blank\" rel=\"noopener\">\u00e0 l\u2019encontre de Benyamin Netanyahou <\/a>soit strictement appliqu\u00e9, et que les autorit\u00e9s fran\u00e7aises remplissent leurs obligations internationales en proc\u00e9dant \u00e0 l\u2019arrestation de toute personne poursuivie par la CPI entrant sur le territoire national\u00a0\u00bb.<\/p>\n<p><a href=\"https:\/\/www.20minutes.fr\/monde\/4123395-20241126-guerre-proche-orient-si-netanyahou-vient-france-doit-appliquer-regles-arreter-yael-braun-pivet\" class=\"color-ultramarine c-link\" target=\"_blank\" rel=\"noopener\">Une obligation que la France n\u2019a pas eu l\u2019occasion d\u2019accomplir<\/a> mais pour laquelle, Michel Barnier, alors Premier ministre, avait fait savoir que le pays \u00ab\u00a0appliquera rigoureusement les obligations qui lui incombent\u00a0\u00bb.<\/p>\n<\/p>\n<p>Le texte a \u00e9t\u00e9 soumis au vote des \u00e9lus corses \u00e0 l\u2019initiative de Marie-Antoinette Maupertuis, la pr\u00e9sidente de l\u2019assembl\u00e9e, d\u00e9pos\u00e9e avec les partis Fa populu inseme (Rassembler les gens) et Core in fronte (Le C\u0153ur en avant).<\/p>\n","protected":false},"excerpt":{"rendered":"En politique, les motions adopt\u00e9es d\u00e9passent rarement l\u2019ordre du symbolique et du diplomatique. Et c\u2019est ce que vient&hellip;\n","protected":false},"author":2,"featured_media":211196,"comment_status":"","ping_status":"","sticky":false,"template":"","format":"standard","meta":{"footnotes":""},"categories":[5],"tags":[47,11,952,3259,2517,5887,8421,1011,27,665,3519,14,664,74,12,3518,28],"class_list":{"0":"post-211195","1":"post","2":"type-post","3":"status-publish","4":"format-standard","5":"has-post-thumbnail","7":"category-international","8":"tag-actualite","9":"tag-actualites","10":"tag-benyamin-netanyahou","11":"tag-conflit-israelo-palestinien","12":"tag-corse","13":"tag-cour-penale-internationale","14":"tag-etat-palestinien","15":"tag-fr","16":"tag-france","17":"tag-gaza","18":"tag-hamas","19":"tag-international","20":"tag-israel","21":"tag-monde","22":"tag-news","23":"tag-palestine","24":"tag-world"},"share_on_mastodon":{"url":"","error":""},"_links":{"self":[{"href":"https:\/\/www.europesays.com\/fr\/wp-json\/wp\/v2\/posts\/211195","targetHints":{"allow":["GET"]}}],"collection":[{"href":"https:\/\/www.europesays.com\/fr\/wp-json\/wp\/v2\/posts"}],"about":[{"href":"https:\/\/www.europesays.com\/fr\/wp-json\/wp\/v2\/types\/post"}],"author":[{"embeddable":true,"href":"https:\/\/www.europesays.com\/fr\/wp-json\/wp\/v2\/users\/2"}],"replies":[{"embeddable":true,"href":"https:\/\/www.europesays.com\/fr\/wp-json\/wp\/v2\/comments?post=211195"}],"version-history":[{"count":0,"href":"https:\/\/www.europesays.com\/fr\/wp-json\/wp\/v2\/posts\/211195\/revisions"}],"wp:featuredmedia":[{"embeddable":true,"href":"https:\/\/www.europesays.com\/fr\/wp-json\/wp\/v2\/media\/211196"}],"wp:attachment":[{"href":"https:\/\/www.europesays.com\/fr\/wp-json\/wp\/v2\/media?parent=211195"}],"wp:term":[{"taxonomy":"category","embeddable":true,"href":"https:\/\/www.europesays.com\/fr\/wp-json\/wp\/v2\/categories?post=211195"},{"taxonomy":"post_tag","embeddable":true,"href":"https:\/\/www.europesays.com\/fr\/wp-json\/wp\/v2\/tags?post=211195"}],"curies":[{"name":"wp","href":"https:\/\/api.w.org\/{rel}","templated":true}]}}