{"id":211198,"date":"2025-06-28T15:24:10","date_gmt":"2025-06-28T15:24:10","guid":{"rendered":"https:\/\/www.europesays.com\/fr\/211198\/"},"modified":"2025-06-28T15:24:10","modified_gmt":"2025-06-28T15:24:10","slug":"des-recherches-en-cours-pour-retrouver-elena-une-adolescente-disparue-depuis-mercredi","status":"publish","type":"post","link":"https:\/\/www.europesays.com\/fr\/211198\/","title":{"rendered":"des recherches en cours pour retrouver Elena, une adolescente disparue depuis mercredi"},"content":{"rendered":"<p>Le portable de la jeune fille a born\u00e9 pour la derni\u00e8re fois mercredi, \u00e0 proximit\u00e9 de la station Pyramides, en plein c\u0153ur de Paris.<\/p>\n<p class=\"fig-paragraph\">D\u00e9j\u00e0 trois jours d\u2019angoisse. \u00c0 Paris, les parents d\u2019Elena C., 14 ans, ont lanc\u00e9 un avis de recherche pour retrouver leur fille,\u00a0<a href=\"http:\/\/www.lefigaro.fr\/actualite-france\/en-2024-105-enfants-etaient-portes-disparus-chaque-jour-en-france-20250525\" data-fig-type=\"NewsFlash\" data-gtm-custom-categorie=\"navigation\" data-gtm-custom-action=\"crossclick\" data-gtm-custom-label=\"Contextuel\" data-gtm-event=\"customEventSPE\" data-fig-domain=\"LEFIGARO\" target=\"_blank\" rel=\"noopener\">disparue<\/a>\u00a0depuis mercredi. Une source polici\u00e8re confirme au Figaro que des recherches sont en cours pour la retrouver.<\/p>\n<p class=\"fig-paragraph\">Le t\u00e9l\u00e9phone portable de l\u2019adolescente a born\u00e9 pour la derni\u00e8re fois mercredi, aux alentours de 15 heures \u00e0 proximit\u00e9 la station de m\u00e9tro Pyramides, situ\u00e9 avenue de l\u2019Op\u00e9ra, dans le 1er arrondissement de Paris. D\u2019apr\u00e8s la m\u00e8re de l\u2019adolescente, des recherches sont en cours par la Brigade des Mineurs de Paris, notamment dans le 9e, 10, 11e et le 19e arrondissement de Paris, mais \u00e9galement au nord de la capitale, sur les communes du Bourget, de Saint-Denis, de Villemomble et de l\u2019a\u00e9roport Roissy Charles de\u00a0Gaulle.<\/p>\n<p class=\"fig-paragraph\">La jeune fille mesure 1m70, a les cheveux blonds et les yeux bleus. Toutes personnes ayant des informations sont invit\u00e9es \u00e0 contacter les parents d\u2019Elena au 06.68.45.95.22 ou 06.23.21.08.54. \u00abNous t\u2019aimons mon amour reviens-nous vite\u00bb, \u00e9crit sa m\u00e8re sur\u00a0<a href=\"https:\/\/www.instagram.com\/p\/DLam8lMARd2\/?img_index=1\" target=\"_blank\" rel=\"nofollow noopener\" data-gtm-custom-categorie=\"navigation\" data-gtm-custom-action=\"crossclick\" data-gtm-custom-label=\"Contextuel\" data-gtm-event=\"customEventSPE\">Instagram<\/a>.<\/p>\n<p>                            <script async src=\"\/\/www.instagram.com\/embed.js\"><\/script><\/p>\n","protected":false},"excerpt":{"rendered":"Le portable de la jeune fille a born\u00e9 pour la derni\u00e8re fois mercredi, \u00e0 proximit\u00e9 de la station&hellip;\n","protected":false},"author":2,"featured_media":211199,"comment_status":"","ping_status":"","sticky":false,"template":"","format":"standard","meta":{"footnotes":""},"categories":[2],"tags":[119,11,3694,271,2951,2715,3695,3696,118,1011,27,2825,1253,303,12,1072,2694,2949],"class_list":{"0":"post-211198","1":"post","2":"type-post","3":"status-publish","4":"format-standard","5":"has-post-thumbnail","7":"category-actualites","8":"tag-accident","9":"tag-actualites","10":"tag-affaires","11":"tag-crime","12":"tag-criminalite","13":"tag-disparition","14":"tag-enquetes","15":"tag-evenements","16":"tag-faits-divers","17":"tag-fr","18":"tag-france","19":"tag-insecurite","20":"tag-islamisme","21":"tag-justice","22":"tag-news","23":"tag-police","24":"tag-proces","25":"tag-violences"},"share_on_mastodon":{"url":"","error":""},"_links":{"self":[{"href":"https:\/\/www.europesays.com\/fr\/wp-json\/wp\/v2\/posts\/211198","targetHints":{"allow":["GET"]}}],"collection":[{"href":"https:\/\/www.europesays.com\/fr\/wp-json\/wp\/v2\/posts"}],"about":[{"href":"https:\/\/www.europesays.com\/fr\/wp-json\/wp\/v2\/types\/post"}],"author":[{"embeddable":true,"href":"https:\/\/www.europesays.com\/fr\/wp-json\/wp\/v2\/users\/2"}],"replies":[{"embeddable":true,"href":"https:\/\/www.europesays.com\/fr\/wp-json\/wp\/v2\/comments?post=211198"}],"version-history":[{"count":0,"href":"https:\/\/www.europesays.com\/fr\/wp-json\/wp\/v2\/posts\/211198\/revisions"}],"wp:featuredmedia":[{"embeddable":true,"href":"https:\/\/www.europesays.com\/fr\/wp-json\/wp\/v2\/media\/211199"}],"wp:attachment":[{"href":"https:\/\/www.europesays.com\/fr\/wp-json\/wp\/v2\/media?parent=211198"}],"wp:term":[{"taxonomy":"category","embeddable":true,"href":"https:\/\/www.europesays.com\/fr\/wp-json\/wp\/v2\/categories?post=211198"},{"taxonomy":"post_tag","embeddable":true,"href":"https:\/\/www.europesays.com\/fr\/wp-json\/wp\/v2\/tags?post=211198"}],"curies":[{"name":"wp","href":"https:\/\/api.w.org\/{rel}","templated":true}]}}