{"id":211200,"date":"2025-06-28T15:25:36","date_gmt":"2025-06-28T15:25:36","guid":{"rendered":"https:\/\/www.europesays.com\/fr\/211200\/"},"modified":"2025-06-28T15:25:36","modified_gmt":"2025-06-28T15:25:36","slug":"la-talaudiere-linspection-parlementaire-revele-des-conditions-carcerales-alarmantes","status":"publish","type":"post","link":"https:\/\/www.europesays.com\/fr\/211200\/","title":{"rendered":"LA TALAUDI\u00c8RE : L&rsquo;INSPECTION PARLEMENTAIRE R\u00c9V\u00c8LE DES CONDITIONS CARC\u00c9RALES ALARMANTES"},"content":{"rendered":"<p>Sa cinqui\u00e8me inspection depuis 2022 t\u00e9moigne d\u2019un engagement constant pour d\u00e9noncer les dysfonctionnements du syst\u00e8me carc\u00e9ral local. Cette visite de contr\u00f4le, men\u00e9e par temps de forte chaleur, a permis de documenter une situation pr\u00e9occupante tant pour les d\u00e9tenus que pour le personnel p\u00e9nitentiaire.<\/p>\n<p>Une surpopulation critique qui s\u2019aggrave<\/p>\n<p>L\u2019\u00e9tablissement accueille actuellement 464 d\u00e9tenus pour une capacit\u00e9 th\u00e9orique de 326 places, r\u00e9duite temporairement \u00e0 302 en raison de travaux de r\u00e9novation. Ce taux d\u2019occupation de pr\u00e8s de 150% repr\u00e9sente une augmentation significative par rapport aux 400 personnes incarc\u00e9r\u00e9es constat\u00e9es lors de la pr\u00e9c\u00e9dente visite parlementaire.<\/p>\n<p>L\u2019administration p\u00e9nitentiaire attribue cette progression \u00e0 l\u2019intensification de la lutte contre les points de trafic de stup\u00e9fiants dans l\u2019agglom\u00e9ration st\u00e9phanoise. La direction transmet hebdomadairement ces donn\u00e9es aux magistrats pour les informer de la situation avant toute d\u00e9cision d\u2019incarc\u00e9ration.<\/p>\n<p>Des ressources humaines insuffisantes<\/p>\n<p>Le manque de personnel aggrave consid\u00e9rablement les conditions de fonctionnement. Sur 115 postes de surveillants pr\u00e9vus, seuls 97 sont effectivement pourvus, repr\u00e9sentant un taux de vacance de 16%. Cette p\u00e9nurie d\u2019effectifs p\u00e8se sur l\u2019organisation quotidienne de l\u2019\u00e9tablissement et la qualit\u00e9 de la surveillance. Paradoxalement, la direction signale une diminution des incidents violents cette ann\u00e9e, avec des altercations principalement entre d\u00e9tenus plut\u00f4t qu\u2019envers le personnel.<\/p>\n<p>Des conditions de d\u00e9tention d\u00e9grad\u00e9es<\/p>\n<p>L\u2019inspection a r\u00e9v\u00e9l\u00e9 des situations d\u2019h\u00e9bergement probl\u00e9matiques, avec notamment trois personnes entass\u00e9es dans des cellules pr\u00e9vues pour deux occupants. Une cinquantaine de matelas sont actuellement dispos\u00e9s au sol, illustrant l\u2019ampleur du surpeuplement.<\/p>\n<p>Les fortes temp\u00e9ratures estivales transforment les cellules en v\u00e9ritables fours, poussant les d\u00e9tenus \u00e0 occulter leurs fen\u00eatres avec des journaux et cartons. Ironiquement, certains t\u00e9moignent que les conditions hivernales sont encore plus difficiles, avec des temp\u00e9ratures de gel \u00e0 l\u2019int\u00e9rieur des cellules.<\/p>\n<p>Une urgence sanitaire et s\u00e9curitaire<\/p>\n<p>La question du suicide en d\u00e9tention constitue un enjeu majeur. Trois jeunes d\u00e9tenus \u00e2g\u00e9s de 24, 26 et 29 ans se sont donn\u00e9 la mort par pendaison ces neuf derniers mois. La direction d\u00e9plore le manque d\u2019informations sur les ant\u00e9c\u00e9dents psychiatriques des arrivants, d\u00e9couvrant parfois a posteriori des tentatives pr\u00e9c\u00e9dentes.<\/p>\n<p>Durant la visite, un d\u00e9tenu a manifest\u00e9 publiquement ses intentions suicidaires depuis sa fen\u00eatre, n\u00e9cessitant une intervention imm\u00e9diate des surveillants. Cette sc\u00e8ne illustre la tension permanente qui r\u00e8gne dans l\u2019\u00e9tablissement.<\/p>\n<p>Des am\u00e9liorations ponctuelles insuffisantes<\/p>\n<p>Malgr\u00e9 ce tableau sombre, quelques progr\u00e8s ont \u00e9t\u00e9 not\u00e9s, notamment concernant la r\u00e9novation et l\u2019entretien des douches collectives. Ces am\u00e9liorations limit\u00e9es contrastent avec l\u2019ampleur des d\u00e9faillances structurelles observ\u00e9es.<\/p>\n<p>La v\u00e9tust\u00e9 du b\u00e2timent principal, construit en 1968, se manifeste par des murs d\u00e9cr\u00e9pis et des fen\u00eatres cass\u00e9es, document\u00e9s lors de cette inspection parlementaire.<\/p>\n<p>Un appel aux responsabilit\u00e9s institutionnelles<\/p>\n<p>La direction de l\u2019\u00e9tablissement exprime son souhait de disposer des moyens mat\u00e9riels et humains n\u00e9cessaires pour assurer un accueil d\u00e9cent des personnes incarc\u00e9r\u00e9es. Cette demande souligne le d\u00e9calage entre les missions assign\u00e9es et les ressources allou\u00e9es.<\/p>\n<p>L\u2019\u00e9lue d\u00e9nonce l\u2019inaction face aux injonctions du Conseil d\u2019\u00c9tat et questionne une politique judiciaire qui privil\u00e9gie l\u2019incarc\u00e9ration sans consid\u00e9ration pour les conditions de d\u00e9tention. Elle pointe du doigt une approche r\u00e9pressive qui n\u00e9glige les cons\u00e9quences humaines de ses d\u00e9cisions.<\/p>\n<p>Un syst\u00e8me en crise profonde<\/p>\n<p>Cette inspection met en lumi\u00e8re les dysfonctionnements chroniques du syst\u00e8me p\u00e9nitentiaire fran\u00e7ais. Entre surpopulation, sous-effectifs, v\u00e9tust\u00e9 des b\u00e2timents et risques suicidaires, l\u2019\u00e9tablissement st\u00e9phanois cristallise les d\u00e9faillances d\u2019une politique carc\u00e9rale en crise.<\/p>\n<p>L\u2019engagement parlementaire dans ce contr\u00f4le r\u00e9v\u00e8le l\u2019importance de la surveillance d\u00e9mocratique des lieux de privation de libert\u00e9, face \u00e0 des conditions qui interrogent le respect des droits fondamentaux.<\/p>\n","protected":false},"excerpt":{"rendered":"Sa cinqui\u00e8me inspection depuis 2022 t\u00e9moigne d\u2019un engagement constant pour d\u00e9noncer les dysfonctionnements du syst\u00e8me carc\u00e9ral local. Cette&hellip;\n","protected":false},"author":2,"featured_media":211201,"comment_status":"","ping_status":"","sticky":false,"template":"","format":"standard","meta":{"footnotes":""},"categories":[9653],"tags":[1111,11,2430,1777,674,118,1011,27,12053,3367,12,806,25,4001],"class_list":{"0":"post-211200","1":"post","2":"type-post","3":"status-publish","4":"format-standard","5":"has-post-thumbnail","7":"category-saint-etienne","8":"tag-actu","9":"tag-actualites","10":"tag-auvergne-rhone-alpes","11":"tag-eu","12":"tag-europe","13":"tag-faits-divers","14":"tag-fr","15":"tag-france","16":"tag-la-talaudiere","17":"tag-loire","18":"tag-news","19":"tag-prison","20":"tag-republique-francaise","21":"tag-saint-etienne"},"share_on_mastodon":{"url":"","error":""},"_links":{"self":[{"href":"https:\/\/www.europesays.com\/fr\/wp-json\/wp\/v2\/posts\/211200","targetHints":{"allow":["GET"]}}],"collection":[{"href":"https:\/\/www.europesays.com\/fr\/wp-json\/wp\/v2\/posts"}],"about":[{"href":"https:\/\/www.europesays.com\/fr\/wp-json\/wp\/v2\/types\/post"}],"author":[{"embeddable":true,"href":"https:\/\/www.europesays.com\/fr\/wp-json\/wp\/v2\/users\/2"}],"replies":[{"embeddable":true,"href":"https:\/\/www.europesays.com\/fr\/wp-json\/wp\/v2\/comments?post=211200"}],"version-history":[{"count":0,"href":"https:\/\/www.europesays.com\/fr\/wp-json\/wp\/v2\/posts\/211200\/revisions"}],"wp:featuredmedia":[{"embeddable":true,"href":"https:\/\/www.europesays.com\/fr\/wp-json\/wp\/v2\/media\/211201"}],"wp:attachment":[{"href":"https:\/\/www.europesays.com\/fr\/wp-json\/wp\/v2\/media?parent=211200"}],"wp:term":[{"taxonomy":"category","embeddable":true,"href":"https:\/\/www.europesays.com\/fr\/wp-json\/wp\/v2\/categories?post=211200"},{"taxonomy":"post_tag","embeddable":true,"href":"https:\/\/www.europesays.com\/fr\/wp-json\/wp\/v2\/tags?post=211200"}],"curies":[{"name":"wp","href":"https:\/\/api.w.org\/{rel}","templated":true}]}}