{"id":211204,"date":"2025-06-28T15:29:27","date_gmt":"2025-06-28T15:29:27","guid":{"rendered":"https:\/\/www.europesays.com\/fr\/211204\/"},"modified":"2025-06-28T15:29:27","modified_gmt":"2025-06-28T15:29:27","slug":"lorraine-deux-anciens-de-lasnl-a-lhonneur-les-toutes-dernieres-infos-du-mercato-regional-cest-le-cafe-des-sports","status":"publish","type":"post","link":"https:\/\/www.europesays.com\/fr\/211204\/","title":{"rendered":"Lorraine. Deux anciens de l\u2019ASNL \u00e0 l\u2019honneur, les toutes derni\u00e8res infos du mercato r\u00e9gional\u2026 C\u2019est le caf\u00e9 des sports"},"content":{"rendered":"<p>  Joyeux anniversaires<\/p>\n<p>Ce samedi, on souhaite un joyeux anniversaire \u00e0 <a href=\"https:\/\/www.estrepublicain.fr\/sport\/2012\/10\/13\/victime-de-ce-mercato-tres-calme\" target=\"_blank\" rel=\"noopener\">Reynald Lema\u00eetre<\/a> qui f\u00eate ses 42 ans. Ancien footballeur pass\u00e9 par l\u2019ASNL, le lat\u00e9ral gauche a eu du mal ensuite \u00e0 retrouver un club malgr\u00e9 ses 156 matchs en Ligue 1. C\u2019est aussi l\u2019anniversaire de Danilson Da Cruz, \u00e9galement pass\u00e9 par le club au chardon lors de la saison 2018-2019. Il f\u00eate ses 39 ans.<\/p>\n<p>  Sur le web<\/p>\n<p>Sur notre <a href=\"https:\/\/www.estrepublicain.fr\/sport\/sport-lorrain\" target=\"_blank\" rel=\"noopener\">site internet<\/a> , retrouvez notamment nos informations sur le mercato r\u00e9gional de foot.<\/p>\n<p>  \u00c0 la t\u00e9l\u00e9<\/p>\n<p>Rallye. Rallye de Gr\u00e8ce sur Canal +\u00a0Sport (7h20)<\/p>\n<p>Basket 3&#215;3. Coupe du monde sur l\u2019Equipe Live (11h)<\/p>\n<p>Golf. Open d\u2019Italie sur Golf +\u00a0(12h30)<\/p>\n<p>Cyclisme. Championnats de France, Course Elite F sur Eurosport 1 (12h55)<\/p>\n<p>Tennis. Tournoi WTA d\u2019Eastbourne sur BeIn Sports 4 (14h30)<\/p>\n<p>Volley-ball. Ligue des Nations, France &#8211; Slov\u00e9nie sur La Cha\u00eene l\u2019\u00c9quipe (14h30)<\/p>\n<p>Rugby. Test-match, Afrique du Sud &#8211; Barbarians sur Canal +\u00a0(16h55)<\/p>\n<p>Rugby. Top 14, finale Stade Toulousain &#8211; UBB sur France 2 (21h05)<\/p>\n","protected":false},"excerpt":{"rendered":"Joyeux anniversaires Ce samedi, on souhaite un joyeux anniversaire \u00e0 Reynald Lema\u00eetre qui f\u00eate ses 42 ans. Ancien&hellip;\n","protected":false},"author":2,"featured_media":211205,"comment_status":"","ping_status":"","sticky":false,"template":"","format":"standard","meta":{"footnotes":""},"categories":[9635],"tags":[1111,11,1704,1777,674,63,1011,27,775,1702,1703,12,25,517,1700],"class_list":{"0":"post-211204","1":"post","2":"type-post","3":"status-publish","4":"format-standard","5":"has-post-thumbnail","7":"category-nancy","8":"tag-actu","9":"tag-actualites","10":"tag-edition-nancy-et-agglomeration","11":"tag-eu","12":"tag-europe","13":"tag-football","14":"tag-fr","15":"tag-france","16":"tag-grand-est","17":"tag-nancy","18":"tag-nancy-ville-54b","19":"tag-news","20":"tag-republique-francaise","21":"tag-sport","22":"tag-sport-lorrain"},"share_on_mastodon":{"url":"","error":""},"_links":{"self":[{"href":"https:\/\/www.europesays.com\/fr\/wp-json\/wp\/v2\/posts\/211204","targetHints":{"allow":["GET"]}}],"collection":[{"href":"https:\/\/www.europesays.com\/fr\/wp-json\/wp\/v2\/posts"}],"about":[{"href":"https:\/\/www.europesays.com\/fr\/wp-json\/wp\/v2\/types\/post"}],"author":[{"embeddable":true,"href":"https:\/\/www.europesays.com\/fr\/wp-json\/wp\/v2\/users\/2"}],"replies":[{"embeddable":true,"href":"https:\/\/www.europesays.com\/fr\/wp-json\/wp\/v2\/comments?post=211204"}],"version-history":[{"count":0,"href":"https:\/\/www.europesays.com\/fr\/wp-json\/wp\/v2\/posts\/211204\/revisions"}],"wp:featuredmedia":[{"embeddable":true,"href":"https:\/\/www.europesays.com\/fr\/wp-json\/wp\/v2\/media\/211205"}],"wp:attachment":[{"href":"https:\/\/www.europesays.com\/fr\/wp-json\/wp\/v2\/media?parent=211204"}],"wp:term":[{"taxonomy":"category","embeddable":true,"href":"https:\/\/www.europesays.com\/fr\/wp-json\/wp\/v2\/categories?post=211204"},{"taxonomy":"post_tag","embeddable":true,"href":"https:\/\/www.europesays.com\/fr\/wp-json\/wp\/v2\/tags?post=211204"}],"curies":[{"name":"wp","href":"https:\/\/api.w.org\/{rel}","templated":true}]}}