{"id":211210,"date":"2025-06-28T15:32:09","date_gmt":"2025-06-28T15:32:09","guid":{"rendered":"https:\/\/www.europesays.com\/fr\/211210\/"},"modified":"2025-06-28T15:32:09","modified_gmt":"2025-06-28T15:32:09","slug":"clowns-la-plongee-envoutante-dans-lunivers-dhofesh-shechter","status":"publish","type":"post","link":"https:\/\/www.europesays.com\/fr\/211210\/","title":{"rendered":"\u00ab\u00a0Clowns\u00a0\u00bb, la plong\u00e9e envoutante dans l&rsquo;univers d\u2019Hofesh Shechter"},"content":{"rendered":"<p>            Par<br \/>\n        <strong><br \/>\n            <a href=\"https:\/\/actu.fr\/auteur\/g-martin\" title=\"Consulter tous les articles de Gil Martin\" target=\"_blank\" rel=\"noopener\">Gil Martin<\/a><br \/>\n        <\/strong><\/p>\n<p>        Publi\u00e9 le<\/p>\n<p>            28 juin 2025 \u00e0 16h53<br \/>\n        ; mis \u00e0 jour le 28 juin 2025 \u00e0 16h54    <\/p>\n<p>Heureux hasard du calendrier\u00a0: <strong>Hofesh Shechter<\/strong>, chor\u00e9graphe star en Europe et nomm\u00e9 cet hiver \u00e0 la <strong>codirection de Montpellier Danse<\/strong> avec Dominique Hervieu, Jann Gallois et Pierre Martinez, figure au programme du <strong>45\u00e8me festival<\/strong> estival. Gr\u00e2ce \u00e0 Anne-Marie Porras, danseuse et chor\u00e9graphe qui a fond\u00e9 \u00e0 Montpellier l\u2019\u00e9cole Epsedanse et \u00e0 son nouveau directeur artistique, <strong>Bruno Guillore<\/strong>, qui est \u00e9galement le directeur artistique associ\u00e9\u2026 de la Hofesh Shechter Company.<\/p>\n<p>\u00ab\u00a0Clowns\u00a0\u00bb, exaltant et tribal\u00a0<\/p>\n<p class=\" wall-content\">A Montpellier, Epsedanse, qui forme les futurs danseurs professionnels, a trouv\u00e9 en Bruno Guillore un professeur bienveillant mais exigeant qui a fait le choix de faire participer les jeunes danseuses et danseurs (ils ont entre 17 et 23 ans) au grand festival en interpr\u00e9tant une \u0153uvre d\u2019Hofesh Shechter, \u00ab <strong>Clowns<\/strong> \u00bb, une pi\u00e8ce jou\u00e9e gratuitement dans plusieurs villes et villages de la M\u00e9tropole.<\/p>\n<p>Une d\u00e9couverte 2025<\/p>\n<p class=\" wall-content\">\u00ab\u00a0Cette pi\u00e8ce d\u2019Hofesh Shechter associe <strong>mouvements audacieux, exaltants et tribaux\u00a0<\/strong>: c\u2019est une belle pi\u00e8ce et une invitation <strong>\u00e0 d\u00e9couvrir la danse contemporaine<\/strong> pour le public, pour celles et ceux qui veulent d\u00e9couvrir cet art mais qui ne viennent pas forc\u00e9ment au Corum \u00a0\u00bb, explique Bruno Guillore. Le directeur artistique d\u00e9crit une pi\u00e8ce spectaculaire et envoutante : \u00ab A l\u2019origine, Hofesh a cr\u00e9\u00e9 le film Clowns avec la compagnie du <strong>Nederlands Dans Theater <\/strong>\u00bb.<\/p>\n<p>    <img   decoding=\"async\" loading=\"lazy\" src=\"https:\/\/www.europesays.com\/fr\/wp-content\/uploads\/2025\/06\/photo-bruno-guillore-clowns-960x640.jpg\" alt=\"Bruno Guillore et Anne-Marie Porras (\u00e0 droite) lors d'une rencontre avec la presse et le public sur \" width=\"960\" height=\"640\"\/><br \/>\n    Bruno Guillore et Anne-Marie Porras (\u00e0 droite) lors d\u2019une rencontre avec la presse et le public sur \u00ab\u00a0Clowns\u00a0\u00bb, la pi\u00e8ce d\u2019Hofesh Shechter jou\u00e9e par Epsedanse (\u00a9M\u00e9tropolitain)<br \/>\n    <a href=\"https:\/\/www.google.com\/maps\/embed?pb=!1m18!1m12!1m3!1d2886.9231810144393!2d3.935770475752052!3d43.64976657110238!2m3!1f0!2f0!3f0!3m2!1i1024!2i768!4f13.1!3m3!1m2!1s0x12b6a5da49fd91bb%3A0xc759235deda01860!2sMairie!5e0!3m2!1sfr!2sfr!4v1751060848691!5m2!1sfr!2sfr\" title=\"Ouvrie le lien\" target=\"_blank\" rel=\"noopener\">Cliquez ici pour visualiser le contenu<\/a><\/p>\n<p>Vid\u00e9os : en ce moment sur ActuPerte de contr\u00f4le\u2026<\/p>\n<p class=\" wall-content\">\u00ab C\u2019est une exp\u00e9rimentation sur <strong>la perte de contr\u00f4le<\/strong>, une com\u00e9die macabre sur le meurtre et le d\u00e9sir et de ce que les gens peuvent faire d\u2019inqui\u00e9tant lorsqu\u2019ils sont dans une dynamique de groupe\u2026 Cette pi\u00e8ce pose la question de savoir jusqu\u2019o\u00f9 nous sommes pr\u00eats \u00e0 aller au nom du divertissement. Mais la pi\u00e8ce, un peu effrayante, en devient <strong>presque dr\u00f4le<\/strong> : elle explore les limites du l\u00e2cher-prise total, et le travail des danseurs consiste \u00e0 transmettre ces \u00e9motions \u00bb.<\/p>\n<p class=\" wall-content\">Bruno Guillore invite le public \u00e0 venir assister aux quatre derni\u00e8res repr\u00e9sentations de clowns\u00a0ce week-end : \u00ab\u00a0Cette pi\u00e8ce intense est d\u2019autant plus int\u00e9ressante qu\u2019elle interroge le spectateur\u00a0: elle l\u2019incite \u00e0 r\u00e9fl\u00e9chir et \u00e0 \u00e9changer sur les rapports entre les humains\u00a0\u00bb.<\/p>\n<p><strong>O\u00f9 voir Clowns ce week-end\u00a0?<\/strong><\/p>\n<p class=\" wall-content\"><strong>Castries<\/strong><br \/>Samedi 28 juin \u00e0 19h30<br \/>Parvis de la M\u00e9diath\u00e8que Fran\u00e7oise Girou<\/p>\n<p class=\" wall-content\"><strong>Sussargues<\/strong><br \/>Dimanche 29 juin \u00e0 19h30<br \/>Carri\u00e8res Font d\u2019Arman<\/p>\n<p class=\" wall-content\"><strong>Saint Dr\u00e9z\u00e9ry<\/strong><br \/>Lundi 30 juin \u00e0 19h30<br \/>Parc du Ch\u00e2teau Cambac\u00e9r\u00e8s<\/p>\n<p>Distribution \/ Production<br \/>Chor\u00e9graphie : Hofesh Shechter<br \/>Transmission : Bruno Guillore, Attila R\u00f3nai<br \/>Costumes : Caroline Bouvier<br \/>Avec les danseurs de la Cellule d\u2019excellence d\u2019Epsedanse \u2013 direction Anne-Marie Porras<br \/>Distribution 1 : Th\u00e9o Lumen, Tao Aiglin, Marion Marlot, Jeanne Verdier, Anais Petitdemange, Tess Molier, Colombine Nicolas, Charlotte Green, Maximilien Martinez, Sarah Green, Sor\u00e9lia Calabretta, Lilou Manzi Saez<br \/>Distribution 2 : Camille Magnan, Vivien Coincenot, Clea Chanton, Manoa Bertheau, Carla Piot, Malo Wurfell, Candice Perrot, Allya Animi, Louna Kerviche, Louise Marin, C\u00e9lia Lignel, Nour Attou, Lola Jacomino<\/p>\n<p>Plus d\u2019infos sur le festival 2025 : <a href=\"http:\/\/www.montpellierdanse.com\/\" target=\"_blank\" rel=\"noopener\">www.montpellierdanse.com\/<\/a><\/p>\n<p class=\" wall-content\">Suivez toute l\u2019actualit\u00e9 de vos villes et m\u00e9dias favoris en vous inscrivant \u00e0 <a href=\"https:\/\/moncompte.actu.fr\" title=\"D\u00e9couvez Mon Actu\" rel=\"nofollow noopener\" data-trk=\"{&quot;cta&quot;:{&quot;action&quot;:&quot;https:\\\/\\\/moncompte.actu.fr&quot;,&quot;category&quot;:&quot;mon compte&quot;,&quot;from&quot;:&quot;article footer&quot;,&quot;name&quot;:&quot;Mon actu&quot;,&quot;type&quot;:&quot;cta&quot;}}\" target=\"_blank\">Mon Actu<\/a>.<\/p>\n","protected":false},"excerpt":{"rendered":"Par Gil Martin Publi\u00e9 le 28 juin 2025 \u00e0 16h53 ; mis \u00e0 jour le 28 juin 2025&hellip;\n","protected":false},"author":2,"featured_media":211211,"comment_status":"","ping_status":"","sticky":false,"template":"","format":"standard","meta":{"footnotes":""},"categories":[9599],"tags":[1111,11,5972,1777,674,1011,27,1652,2208,12,2680,25],"class_list":{"0":"post-211210","1":"post","2":"type-post","3":"status-publish","4":"format-standard","5":"has-post-thumbnail","7":"category-montpellier","8":"tag-actu","9":"tag-actualites","10":"tag-danse","11":"tag-eu","12":"tag-europe","13":"tag-fr","14":"tag-france","15":"tag-loisirs-culture","16":"tag-montpellier","17":"tag-news","18":"tag-occitanie","19":"tag-republique-francaise"},"share_on_mastodon":{"url":"","error":""},"_links":{"self":[{"href":"https:\/\/www.europesays.com\/fr\/wp-json\/wp\/v2\/posts\/211210","targetHints":{"allow":["GET"]}}],"collection":[{"href":"https:\/\/www.europesays.com\/fr\/wp-json\/wp\/v2\/posts"}],"about":[{"href":"https:\/\/www.europesays.com\/fr\/wp-json\/wp\/v2\/types\/post"}],"author":[{"embeddable":true,"href":"https:\/\/www.europesays.com\/fr\/wp-json\/wp\/v2\/users\/2"}],"replies":[{"embeddable":true,"href":"https:\/\/www.europesays.com\/fr\/wp-json\/wp\/v2\/comments?post=211210"}],"version-history":[{"count":0,"href":"https:\/\/www.europesays.com\/fr\/wp-json\/wp\/v2\/posts\/211210\/revisions"}],"wp:featuredmedia":[{"embeddable":true,"href":"https:\/\/www.europesays.com\/fr\/wp-json\/wp\/v2\/media\/211211"}],"wp:attachment":[{"href":"https:\/\/www.europesays.com\/fr\/wp-json\/wp\/v2\/media?parent=211210"}],"wp:term":[{"taxonomy":"category","embeddable":true,"href":"https:\/\/www.europesays.com\/fr\/wp-json\/wp\/v2\/categories?post=211210"},{"taxonomy":"post_tag","embeddable":true,"href":"https:\/\/www.europesays.com\/fr\/wp-json\/wp\/v2\/tags?post=211210"}],"curies":[{"name":"wp","href":"https:\/\/api.w.org\/{rel}","templated":true}]}}