{"id":211214,"date":"2025-06-28T15:34:08","date_gmt":"2025-06-28T15:34:08","guid":{"rendered":"https:\/\/www.europesays.com\/fr\/211214\/"},"modified":"2025-06-28T15:34:08","modified_gmt":"2025-06-28T15:34:08","slug":"un-collectif-lance-une-petition-de-la-derniere-chance","status":"publish","type":"post","link":"https:\/\/www.europesays.com\/fr\/211214\/","title":{"rendered":"un collectif lance une p\u00e9tition de la derni\u00e8re chance"},"content":{"rendered":"<p>            Par<br \/>\n        <strong><br \/>\n            <a href=\"https:\/\/actu.fr\/auteur\/isabellevilly\" title=\"Consulter tous les articles de Isabelle Villy\" rel=\"nofollow noopener\" target=\"_blank\">Isabelle Villy<\/a><br \/>\n        <\/strong><\/p>\n<p>        Publi\u00e9 le<\/p>\n<p>            28 juin 2025 \u00e0 16h30        <\/p>\n<p>Nouvel \u00e9pisode dans l\u2019histoire de la piscine Le Transat, \u00e0 <a href=\"https:\/\/actu.fr\/normandie\/bihorel_76095\" rel=\"nofollow noopener\" target=\"_blank\">Bihorel<\/a> et g\u00e9r\u00e9e par le SI2B (Syndicat intercommunal Bihorel Bois-Guillaume). Depuis quelques jours, <a href=\"https:\/\/www.change.org\/p\/derni%C3%A8re-chance-de-sauver-la-piscine-de-bihorel\" rel=\"nofollow noopener\" target=\"_blank\">une p\u00e9tition a \u00e9t\u00e9 mise ligne<\/a> par le<strong> Collectif de la derni\u00e8re chance<\/strong> <strong>pour la piscine de Bihorel<\/strong> dont le but est de d\u00e9fendre les int\u00e9r\u00eats de la commune.<\/p>\n<p>Non \u00e0 la d\u00e9molition<\/p>\n<p class=\" wall-content\">\u00ab Le collectif est compos\u00e9 par les associations GCOB plong\u00e9e et apn\u00e9e, GCOB natation, Bihorel A\u00e9r\u00e9e (groupe d\u2019opposition constitu\u00e9 en vue des Municipales 2026) et des citoyens, pour demander la non-d\u00e9molition de la piscine Le Transat, alors qu\u2019un march\u00e9 a \u00e9t\u00e9 pass\u00e9 et que les travaux sont pr\u00e9vus rapidement. C\u2019est l\u00e0-dessus que nous nous positionnons \u00bb, a d\u00e9clar\u00e9 Monique Dubecq, conseill\u00e8re municipale d\u2019opposition, lors d\u2019un rassemblement le jeudi 2\u00a0juin, devant le b\u00e2timent.<\/p>\n<p class=\" wall-content\">Apr\u00e8s un recours au<strong> Tribunal administratif et un courrier au pr\u00e9fet de Seine-Maritime<\/strong>, la principale revendication du collectif est que la piscine redevienne la propri\u00e9t\u00e9 de la ville. \u00ab Actuellement, c\u2019est le syndicat qui g\u00e8re tout, jusqu\u2019\u00e0 la d\u00e9molition, avant sa propre dissolution. <strong>Nous sommes interrogatifs<\/strong>, car ce n\u2019est pas ce qui \u00e9tait pr\u00e9vu au d\u00e9part. Cette piscine est implant\u00e9e sur un terrain de Bihorel, et comme pr\u00e8s de 60 % des habitants ont vot\u00e9 pour sa r\u00e9ouverture lors de la consultation citoyenne, nous demandons qu\u2019elle ne soit pas d\u00e9molie tout de suite. Le b\u00e2timent est sain \u00bb, a insist\u00e9 l\u2019\u00e9lue de la minorit\u00e9.<\/p>\n<p>\u00ab Un modus operandi de la majorit\u00e9 \u00bb<\/p>\n<p class=\" wall-content\">Sa coll\u00e8gue Aude Erragne va plus loin en d\u00e9non\u00e7ant \u00ab un modus operandi de la majorit\u00e9. Elle laisse les b\u00e2timents se d\u00e9grader, d\u00e9p\u00e9rir. Et, apr\u00e8s, elle dit que personne ne s\u2019en sert. C\u2019est le cas pour un certain nombre d\u2019\u00e9quipements, comme des terrains de tennis laiss\u00e9s \u00e0 l\u2019abandon, puis vendus pour cr\u00e9er un cabinet m\u00e9dical. Ce n\u2019est que financier \u00bb.<\/p>\n<p>Le collectif esp\u00e8re 1 000 signatures<\/p>\n<p class=\" wall-content\">Avec 583 signatures au 14\u00a0juin, les p\u00e9titionnaires esp\u00e8rent atteindre les 1 000 signatures. \u00ab On a pos\u00e9 des affiches, fait des tractages, notamment aupr\u00e8s des \u00e9coles, car les gamins ont besoin d\u2019apprendre \u00e0 nager. C\u2019est une responsabilit\u00e9 de la commune. En plus, nous avons la chance qu\u2019elle se trouve au milieu des trois quartiers et ainsi, elle a toujours tr\u00e8s bien fonctionn\u00e9 \u00bb, poursuit l\u2019opposant\u00a0Baptiste Boulland.<\/p>\n<p class=\" wall-content\">Ce dernier constate par ailleurs que si les trois maires de Bihorel, Bois-Guillaume et Isneauville ont fait une consultation citoyenne, \u00ab c\u2019est que <strong>techniquement et financi\u00e8rement,<\/strong> le projet est possible, m\u00eame uniquement sur le budget de Bihorel. Il faut optimiser l\u2019enveloppe de fonctionnement et chercher des subventions pour l\u2019investissement, pour la r\u00e9habilitation de la piscine. Il faut dire \u00e0 l\u2019architecte, on ne veut pas une piscine \u00e0 combien, mais une piscine qui co\u00fbte tant en fonctionnement. C\u2019est maintenant ou jamais qu\u2019il faut continuer \u00e0 se battre. Les Bihorellais sont mobilis\u00e9s \u00bb, assure Baptiste Boulland.<\/p>\n<p>Vid\u00e9os : en ce moment sur ActuSuivez l\u2019actualit\u00e9 de Rouen <a href=\"https:\/\/www.whatsapp.com\/channel\/0029VaKfnf99hXF2ddApFB1D\" rel=\"nofollow noopener\" target=\"_blank\">sur notre cha\u00eene WhatsApp<\/a> et <a href=\"https:\/\/www.tiktok.com\/@76actu.fr?lang=fr\" rel=\"nofollow noopener\" target=\"_blank\">sur notre compte TikTok<\/a><\/p>\n<p class=\" wall-content\">Suivez toute l\u2019actualit\u00e9 de vos villes et m\u00e9dias favoris en vous inscrivant \u00e0 <a href=\"https:\/\/moncompte.actu.fr\" title=\"D\u00e9couvez Mon Actu\" rel=\"nofollow noopener\" data-trk=\"{&quot;cta&quot;:{&quot;action&quot;:&quot;https:\\\/\\\/moncompte.actu.fr&quot;,&quot;category&quot;:&quot;mon compte&quot;,&quot;from&quot;:&quot;article footer&quot;,&quot;name&quot;:&quot;Mon actu&quot;,&quot;type&quot;:&quot;cta&quot;}}\" target=\"_blank\">Mon Actu<\/a>.<\/p>\n<p>                    <script async src=\"\/\/www.tiktok.com\/embed.js\"><\/script><\/p>\n","protected":false},"excerpt":{"rendered":"Par Isabelle Villy Publi\u00e9 le 28 juin 2025 \u00e0 16h30 Nouvel \u00e9pisode dans l\u2019histoire de la piscine Le&hellip;\n","protected":false},"author":2,"featured_media":211215,"comment_status":"","ping_status":"","sticky":false,"template":"","format":"standard","meta":{"footnotes":""},"categories":[9587],"tags":[1111,11,1777,674,1011,27,1652,12,5161,25,9590,1352],"class_list":{"0":"post-211214","1":"post","2":"type-post","3":"status-publish","4":"format-standard","5":"has-post-thumbnail","7":"category-rouen","8":"tag-actu","9":"tag-actualites","10":"tag-eu","11":"tag-europe","12":"tag-fr","13":"tag-france","14":"tag-loisirs-culture","15":"tag-news","16":"tag-normandie","17":"tag-republique-francaise","18":"tag-rouen","19":"tag-urbanisme"},"share_on_mastodon":{"url":"","error":""},"_links":{"self":[{"href":"https:\/\/www.europesays.com\/fr\/wp-json\/wp\/v2\/posts\/211214","targetHints":{"allow":["GET"]}}],"collection":[{"href":"https:\/\/www.europesays.com\/fr\/wp-json\/wp\/v2\/posts"}],"about":[{"href":"https:\/\/www.europesays.com\/fr\/wp-json\/wp\/v2\/types\/post"}],"author":[{"embeddable":true,"href":"https:\/\/www.europesays.com\/fr\/wp-json\/wp\/v2\/users\/2"}],"replies":[{"embeddable":true,"href":"https:\/\/www.europesays.com\/fr\/wp-json\/wp\/v2\/comments?post=211214"}],"version-history":[{"count":0,"href":"https:\/\/www.europesays.com\/fr\/wp-json\/wp\/v2\/posts\/211214\/revisions"}],"wp:featuredmedia":[{"embeddable":true,"href":"https:\/\/www.europesays.com\/fr\/wp-json\/wp\/v2\/media\/211215"}],"wp:attachment":[{"href":"https:\/\/www.europesays.com\/fr\/wp-json\/wp\/v2\/media?parent=211214"}],"wp:term":[{"taxonomy":"category","embeddable":true,"href":"https:\/\/www.europesays.com\/fr\/wp-json\/wp\/v2\/categories?post=211214"},{"taxonomy":"post_tag","embeddable":true,"href":"https:\/\/www.europesays.com\/fr\/wp-json\/wp\/v2\/tags?post=211214"}],"curies":[{"name":"wp","href":"https:\/\/api.w.org\/{rel}","templated":true}]}}