{"id":211220,"date":"2025-06-28T15:39:08","date_gmt":"2025-06-28T15:39:08","guid":{"rendered":"https:\/\/www.europesays.com\/fr\/211220\/"},"modified":"2025-06-28T15:39:08","modified_gmt":"2025-06-28T15:39:08","slug":"juin-a-rennes-aura-ete-un-mois-extremement-chaud","status":"publish","type":"post","link":"https:\/\/www.europesays.com\/fr\/211220\/","title":{"rendered":"juin \u00e0 Rennes aura \u00e9t\u00e9 \u00ab\u00a0un mois extr\u00eamement chaud\u00a0\u00bb"},"content":{"rendered":"<p>            Par<br \/>\n        <strong><br \/>\n            <a href=\"https:\/\/actu.fr\/auteur\/clemence-pays02-actu-fr\" title=\"Consulter tous les articles de Cl\u00e9mence Pays\" rel=\"nofollow noopener\" target=\"_blank\">Cl\u00e9mence Pays<\/a><br \/>\n        <\/strong><\/p>\n<p>        Publi\u00e9 le<\/p>\n<p>            28 juin 2025 \u00e0 17h06        <\/p>\n<p>Cela n\u2019aura \u00e9chapp\u00e9 \u00e0 personne\u2009: en juin\u00a02025, <strong>il a fait chaud \u00e0 Rennes.<\/strong> Ce samedi 28\u00a0juin, alors que <a href=\"https:\/\/actu.fr\/bretagne\/rennes_35238\/plus-de-30-c-attendus-en-ille-et-vilaine-la-canicule-se-poursuit-meteo-france-declenche-la-vigilance-jaune_62839152.html\" rel=\"nofollow noopener\" target=\"_blank\">le d\u00e9partement d\u2019Ille-et-Vilaine est une nouvelle fois plac\u00e9 en vigilance jaune canicule<\/a> par M\u00e9t\u00e9o France, S\u00e9bastien Decaux dresse un <strong>premier bilan sur la m\u00e9t\u00e9o du mois<\/strong> qui s\u2019ach\u00e8ve.<\/p>\n<p class=\" wall-content\">\u00ab\u2009Depuis le d\u00e9but du mois, \u00e0 <a href=\"https:\/\/actu.fr\/rennes\/\" rel=\"nofollow noopener\" target=\"_blank\">Rennes<\/a>, les temp\u00e9ratures ont franchi le <strong>seuil des 30\u00a0\u00b0C, six jours.<\/strong> Et <strong>le seuil des 35\u00a0\u00b0C a \u00e9t\u00e9 d\u00e9pass\u00e9 deux fois,<\/strong> constate le m\u00e9t\u00e9orologue de M\u00e9t\u00e9o Bretagne. Deux jours ont \u00e9t\u00e9 marqu\u00e9s par <a href=\"https:\/\/actu.fr\/bretagne\/rennes_35238\/canicule-en-bretagne-la-region-va-connaitre-des-nuits-tropicales-c-est-quoi-ce-phenomene-intense_62797688.html\" rel=\"nofollow noopener\" target=\"_blank\">des nuits tropicales<\/a>, donc sup\u00e9rieures \u00e0 20\u00a0\u00b0C.\u2009\u00bb<\/p>\n<p>Un d\u00e9ficit de pr\u00e9cipitations<\/p>\n<p class=\" wall-content\">Pour obtenir les statistiques d\u00e9finitives, \u00ab\u2009il faut attendre dimanche et lundi\u2009\u00bb, souligne S\u00e9bastien Decaux. Mais une chose est certaine\u2009: <strong>\u00ab\u2009juin aura \u00e9t\u00e9 un mois extr\u00eamement chaud\u2009\u00bb.<\/strong><\/p>\n<blockquote class=\"ac-article-quote wall-content\">\n<p>La temp\u00e9rature maximale moyenne mensuelle en juin 2025 est de 26,1\u00b0C. La norme, \u00e0 Rennes, est de 22,6\u00b0C pour les maximales.<\/p>\n<p>    <strong>S\u00e9bastien Decaux<\/strong><br \/>\n        M\u00e9t\u00e9orologue pour M\u00e9t\u00e9o Bretagne    <\/p><\/blockquote>\n<p class=\" wall-content\">\u00c0 ce jour, <strong>\u00ab\u2009seulement 16 millim\u00e8tres de pr\u00e9cipitations\u2009\u00bb<\/strong> ont \u00e9t\u00e9 enregistr\u00e9s \u00e0 la station de Rennes-Saint-Jacques. Une quantit\u00e9 largement inf\u00e9rieure \u00e0 la norme pour un mois de juin. \u00ab\u2009D\u2019habitude on est autour des 51 millim\u00e8tres de pr\u00e9cipitations. On observe un <strong>d\u00e9ficit de 56\u2009%<\/strong> sur les quatre derniers mois.\u2009\u00bb<\/p>\n<p>Vid\u00e9os : en ce moment sur Actu<\/p>\n<p class=\" wall-content\">Pour rappel, <a href=\"https:\/\/actu.fr\/bretagne\/rennes_35238\/une-situation-preoccupante-rennes-et-le-departement-d-ille-et-vilaine-places-en-vigilance-secheresse_62783312.html\" rel=\"nofollow noopener\" target=\"_blank\">le d\u00e9partement d\u2019Ille-et-Vilaine a \u00e9t\u00e9 plac\u00e9 en vigilance s\u00e9cheresse<\/a> par arr\u00eat\u00e9 pr\u00e9fectoral.<\/p>\n<p class=\" wall-content\">\u00ab\u2009S\u2019il pleut, on accueillera la pluie avec plaisir\u2009\u00bb, conclut le m\u00e9t\u00e9orologue.<\/p>\n<p class=\" wall-content\">Suivez toute l\u2019actualit\u00e9 de vos villes et m\u00e9dias favoris en vous inscrivant \u00e0 <a href=\"https:\/\/moncompte.actu.fr\" title=\"D\u00e9couvez Mon Actu\" rel=\"nofollow noopener\" data-trk=\"{&quot;cta&quot;:{&quot;action&quot;:&quot;https:\\\/\\\/moncompte.actu.fr&quot;,&quot;category&quot;:&quot;mon compte&quot;,&quot;from&quot;:&quot;article footer&quot;,&quot;name&quot;:&quot;Mon actu&quot;,&quot;type&quot;:&quot;cta&quot;}}\" target=\"_blank\">Mon Actu<\/a>.<\/p>\n","protected":false},"excerpt":{"rendered":"Par Cl\u00e9mence Pays Publi\u00e9 le 28 juin 2025 \u00e0 17h06 Cela n\u2019aura \u00e9chapp\u00e9 \u00e0 personne\u2009: en juin\u00a02025, il&hellip;\n","protected":false},"author":2,"featured_media":187576,"comment_status":"","ping_status":"","sticky":false,"template":"","format":"standard","meta":{"footnotes":""},"categories":[2821],"tags":[1111,11,829,6698,1777,674,1011,27,2487,12,584,25],"class_list":{"0":"post-211220","1":"post","2":"type-post","3":"status-publish","4":"format-standard","5":"has-post-thumbnail","7":"category-rennes","8":"tag-actu","9":"tag-actualites","10":"tag-bretagne","11":"tag-canicule","12":"tag-eu","13":"tag-europe","14":"tag-fr","15":"tag-france","16":"tag-meteo","17":"tag-news","18":"tag-rennes","19":"tag-republique-francaise"},"share_on_mastodon":{"url":"","error":""},"_links":{"self":[{"href":"https:\/\/www.europesays.com\/fr\/wp-json\/wp\/v2\/posts\/211220","targetHints":{"allow":["GET"]}}],"collection":[{"href":"https:\/\/www.europesays.com\/fr\/wp-json\/wp\/v2\/posts"}],"about":[{"href":"https:\/\/www.europesays.com\/fr\/wp-json\/wp\/v2\/types\/post"}],"author":[{"embeddable":true,"href":"https:\/\/www.europesays.com\/fr\/wp-json\/wp\/v2\/users\/2"}],"replies":[{"embeddable":true,"href":"https:\/\/www.europesays.com\/fr\/wp-json\/wp\/v2\/comments?post=211220"}],"version-history":[{"count":0,"href":"https:\/\/www.europesays.com\/fr\/wp-json\/wp\/v2\/posts\/211220\/revisions"}],"wp:featuredmedia":[{"embeddable":true,"href":"https:\/\/www.europesays.com\/fr\/wp-json\/wp\/v2\/media\/187576"}],"wp:attachment":[{"href":"https:\/\/www.europesays.com\/fr\/wp-json\/wp\/v2\/media?parent=211220"}],"wp:term":[{"taxonomy":"category","embeddable":true,"href":"https:\/\/www.europesays.com\/fr\/wp-json\/wp\/v2\/categories?post=211220"},{"taxonomy":"post_tag","embeddable":true,"href":"https:\/\/www.europesays.com\/fr\/wp-json\/wp\/v2\/tags?post=211220"}],"curies":[{"name":"wp","href":"https:\/\/api.w.org\/{rel}","templated":true}]}}