{"id":211221,"date":"2025-06-28T15:40:12","date_gmt":"2025-06-28T15:40:12","guid":{"rendered":"https:\/\/www.europesays.com\/fr\/211221\/"},"modified":"2025-06-28T15:40:12","modified_gmt":"2025-06-28T15:40:12","slug":"a-32-ans-clement-gicquel-et-le-reve-des-220-m-a-la-hauteur-lors-des-championnats-de-bretagne-a-rennes","status":"publish","type":"post","link":"https:\/\/www.europesays.com\/fr\/211221\/","title":{"rendered":"A 32 ans, Cl\u00e9ment Gicquel et le r\u00eave des 2,20\u00a0m \u00e0 la hauteur, lors des championnats de Bretagne \u00e0 Rennes"},"content":{"rendered":"<p>Championnats de Bretagne \u00c9lites \u00e0 Rennes<\/p>\n<p>Les nuages sont trop hauts pour lui, mais il y a une barre qui le d\u00e9fie depuis trop longtemps. Elle est \u00e0 2,20 m, \u00e0 port\u00e9e de mains. Un premier Graal chez les sauteurs en hauteur.<\/p>\n<p>D\u00e9j\u00e0 qualifi\u00e9s pour les \u00ab France \u00bb \u00c9lites<\/p>\n<p>Malgr\u00e9 une talonnade qui le poursuit, Cl\u00e9ment Gicquel a tent\u00e9 de s\u2019y approcher au Stade de Courtemanche samedi, \u00e9chouant trois fois \u00e0 2,16 m, ce qui l\u2019aurait rapproch\u00e9 de son record (2,18 m). \u00ab Je sentais que j\u2019avais du jus, les conditions \u00e9taient parfaites \u00bb. Le Stadiste Rennais en a profit\u00e9 pour franchir au premier essai 2,12 m, ce qui l\u2019emm\u00e8nera \u00e0 coup s\u00fbr aux \u00ab France \u00bb \u00c9lites du 1er au 3 ao\u00fbt \u00e0 Talence.<\/p>\n<p>Un envol que le r\u00eaveur a sign\u00e9 sous les yeux de son papa, redevenu son guide en cette fin de carri\u00e8re. En l\u2019an 1994, Jean-Charles Gicquel avait franchi 2,33 m en plein air. Le record n\u2019est tomb\u00e9 qu\u2019en 2014, sign\u00e9 Micka\u00ebl Hanani (2,34 m). <a href=\"https:\/\/www.letelegramme.fr\/ille-et-vilaine\/rennes-35000\/trente-ans-apres-le-breton-jean-charles-gicquel-toujours-au-sommet-6544570.php\" target=\"_blank\" rel=\"nofollow noopener\">Celui qu\u2019il a \u00e9tabli en salle (2,35 m) tient toujours.<\/a> \u00ab Je serais tr\u00e8s heureux qu\u2019il franchisse les 2,20 m, le faire \u00e0 32 ans ce serait extraordinaire \u00bb, sourit le fid\u00e8le de l\u2019ACR Locmin\u00e9 tout au long de sa carri\u00e8re.<\/p>\n<p>Deux ans pour le r\u00e9aliser<\/p>\n<p>Tandis que <a href=\"https:\/\/www.letelegramme.fr\/sports\/volley\/la-volleyeuse-rennaise-lucille-gicquel-signe-au-japon-6831968.php\" target=\"_blank\" rel=\"nofollow noopener\">Lucille a embrass\u00e9 avec brio une carri\u00e8re de volleyeuse<\/a>, <a href=\"https:\/\/www.letelegramme.fr\/sports\/athletisme\/la-bretonne-solene-gicquel-selectionnee-pour-les-championnats-deurope-par-equipes-a-madrid-6838193.php\" target=\"_blank\" rel=\"nofollow noopener\">Sol\u00e8ne a opt\u00e9 pour le m\u00eame r\u00eave<\/a>. Elle est pass\u00e9e tout pr\u00e8s de la finale des JO. Les Gicquel ont l\u2019esprit dans les nuages mais la t\u00eate bien faite. Cl\u00e9ment est ing\u00e9nieur en m\u00e9canique, sp\u00e9cialis\u00e9 dans les structures complexes. Cela ne l\u2019emp\u00eache pas de rester un grand enfant. \u00ab Cette saison, j\u2019ai jou\u00e9 au basket aux Cadets de Bretagne. On est mont\u00e9 de D3 en D2 ! \u00bb, rigole-t-il. Quelques dunks sont venus r\u00e9jouir ses camarades. Un r\u00eave facile \u00e0 atteindre celui-l\u00e0. L\u2019autre est l\u00e0-haut, peut-\u00eatre pour bient\u00f4t, \u00ab sur un grand jour, dans une grande comp\u00e9tition \u00bb, imagine d\u00e9j\u00e0 le paternel qui a incit\u00e9 son gar\u00e7on \u00e0 repasser aux huit foul\u00e9es lanc\u00e9es, plut\u00f4t qu\u2019aux six. \u00ab Les ann\u00e9es passent mais l\u2019envie reste \u00bb, constate ce dernier.<\/p>\n<p>Il n\u2019y a pas d\u2019\u00e2ge pour sauter haut. \u00ab Je pense avoir le potentiel pour les faire. J\u2019en serais heureux et fier \u00bb, avoue le fiston, vice-champion de France en 2017.<\/p>\n<p><img decoding=\"async\" src=\"https:\/\/www.europesays.com\/fr\/wp-content\/uploads\/2025\/06\/6860085045679f1a6e0f5f55.1.jpeg\" width=\"480\" height=\"300\" class=\"web_golden_m\" loading=\"lazy\" alt=\"Au deuxi\u00e8me essai, Cl\u00e9ment Gicquel n\u2019est pas pass\u00e9 loin de franchir les 2,16\u00a0m.\"\/>Au deuxi\u00e8me essai, Cl\u00e9ment Gicquel n\u2019est pas pass\u00e9 loin de franchir les 2,16\u00a0m. (Photo Laurent Rivier)<\/p>\n<p>Le r\u00eave ne tourne heureusement pas \u00e0 l\u2019obsession, celle de D\u00e9dale ou Icare. \u00ab \u00c7a ira quand m\u00eame tr\u00e8s bien si je n\u2019y arrive pas, mais je me donne cette saison et la prochaine pour y parvenir \u00bb. Il est heureusement des r\u00eaves qui deviennent r\u00e9alit\u00e9.<\/p>\n","protected":false},"excerpt":{"rendered":"Championnats de Bretagne \u00c9lites \u00e0 Rennes Les nuages sont trop hauts pour lui, mais il y a une&hellip;\n","protected":false},"author":2,"featured_media":211222,"comment_status":"","ping_status":"","sticky":false,"template":"","format":"standard","meta":{"footnotes":""},"categories":[2821],"tags":[1111,11,4132,829,1777,674,1011,27,12,584,25,60],"class_list":{"0":"post-211221","1":"post","2":"type-post","3":"status-publish","4":"format-standard","5":"has-post-thumbnail","7":"category-rennes","8":"tag-actu","9":"tag-actualites","10":"tag-athletisme","11":"tag-bretagne","12":"tag-eu","13":"tag-europe","14":"tag-fr","15":"tag-france","16":"tag-news","17":"tag-rennes","18":"tag-republique-francaise","19":"tag-sports"},"share_on_mastodon":{"url":"","error":""},"_links":{"self":[{"href":"https:\/\/www.europesays.com\/fr\/wp-json\/wp\/v2\/posts\/211221","targetHints":{"allow":["GET"]}}],"collection":[{"href":"https:\/\/www.europesays.com\/fr\/wp-json\/wp\/v2\/posts"}],"about":[{"href":"https:\/\/www.europesays.com\/fr\/wp-json\/wp\/v2\/types\/post"}],"author":[{"embeddable":true,"href":"https:\/\/www.europesays.com\/fr\/wp-json\/wp\/v2\/users\/2"}],"replies":[{"embeddable":true,"href":"https:\/\/www.europesays.com\/fr\/wp-json\/wp\/v2\/comments?post=211221"}],"version-history":[{"count":0,"href":"https:\/\/www.europesays.com\/fr\/wp-json\/wp\/v2\/posts\/211221\/revisions"}],"wp:featuredmedia":[{"embeddable":true,"href":"https:\/\/www.europesays.com\/fr\/wp-json\/wp\/v2\/media\/211222"}],"wp:attachment":[{"href":"https:\/\/www.europesays.com\/fr\/wp-json\/wp\/v2\/media?parent=211221"}],"wp:term":[{"taxonomy":"category","embeddable":true,"href":"https:\/\/www.europesays.com\/fr\/wp-json\/wp\/v2\/categories?post=211221"},{"taxonomy":"post_tag","embeddable":true,"href":"https:\/\/www.europesays.com\/fr\/wp-json\/wp\/v2\/tags?post=211221"}],"curies":[{"name":"wp","href":"https:\/\/api.w.org\/{rel}","templated":true}]}}