{"id":211223,"date":"2025-06-28T15:41:10","date_gmt":"2025-06-28T15:41:10","guid":{"rendered":"https:\/\/www.europesays.com\/fr\/211223\/"},"modified":"2025-06-28T15:41:10","modified_gmt":"2025-06-28T15:41:10","slug":"une-explosion-des-cas-de-suicide-chez-les-11-17-ans","status":"publish","type":"post","link":"https:\/\/www.europesays.com\/fr\/211223\/","title":{"rendered":"\u00ab\u00a0Une explosion des cas de suicide chez les 11-17 ans\u00a0\u00bb"},"content":{"rendered":"<blockquote class=\"question\"><p>Pourquoi ce congr\u00e8s est-il important pour la profession\u00a0?<\/p><\/blockquote>\n<p>\u00ab\u00a0La p\u00e9dopsychiatrie a une approche biopsychosociale, fond\u00e9e sur les preuves et non pas juste sur la th\u00e9orie. Nous nous appuyons sur les avanc\u00e9es scientifiques et les pratiques cliniques. Il est important d\u2019\u00e9changer sur nos recherches, nos exp\u00e9riences, de regarder les standards \u00e0 l\u2019international et les initiatives plus originales. Nous attendons des \u00e9changes scientifiques de haut niveau, la mise en place de collaborations nationales ou internationales pour s\u2019adapter au mieux au monde qui change.\u00a0\u00bb<\/p>\n<blockquote class=\"question\"><p>Quelles formes prendront ces \u00e9changes sur ces trois jours\u00a0?<\/p><\/blockquote>\n<p>\u00ab\u00a0Des conf\u00e9rences et des ateliers sont organis\u00e9s autour du th\u00e8me de l\u2019inn\u00e9 et de l\u2019acquis. Laelia Benoit, chercheuse \u00e0 Yale, interviendra par exemple sur <a href=\"https:\/\/www.dna.fr\/magazine-sante\/2025\/05\/08\/pourquoi-deux-millions-de-francais-souffrent-ils-d-eco-anxiete\" target=\"_blank\" rel=\"noopener\">le changement climatique et les effets sur la sant\u00e9 des enfants<\/a> dans trois pays diff\u00e9rents\u00a0: la France, le Br\u00e9sil et les \u00c9tats-Unis. Carmen Moreno, p\u00e9dopsychiatre \u00e0 Madrid, abordera, elle, le premier \u00e9pisode psychotique chez l\u2019enfant. Il sera aussi question de la transmission interg\u00e9n\u00e9rationnelle des troubles mentaux avec Neeltje van Haren, bas\u00e9e \u00e0 Rotterdam.\u00a0\u00bb<\/p>\n<p>  \u00ab\u00a0La liste d\u2019attente pour une premi\u00e8re consultation s\u2019allonge\u00a0\u00bb<\/p>\n<blockquote class=\"question\"><p>Quels sont aujourd\u2019hui les principaux d\u00e9fis \u00e0 relever dans votre service aux HUS\u00a0?<\/p><\/blockquote>\n<p>\u00ab\u00a0Depuis le Covid-19, nous observons une explosion des cas de <a href=\"https:\/\/www.dna.fr\/magazine-sante\/2025\/05\/28\/pourquoi-les-tentatives-de-suicide-sont-elles-plus-elevees-chez-les-jeunes-filles\" target=\"_blank\" rel=\"noopener\">l\u00e9sions auto-inflig\u00e9es et de suicide chez les 11-17 ans<\/a>. Nous avons beaucoup d\u2019enfants et d\u2019ados qui arrivent chez nous apr\u00e8s un passage aux urgences. Nous r\u00e9pondons \u00e0 des crises li\u00e9es \u00e0 l\u2019\u00e9co-anxi\u00e9t\u00e9, en lien avec des situations de guerre ou de migrations ou avec l\u2019ins\u00e9curit\u00e9 g\u00e9n\u00e9rale du monde. La liste d\u2019attente pour une premi\u00e8re consultation s\u2019allonge, nous sommes oblig\u00e9s de prioriser.\u00a0\u00bb<\/p>\n<p class=\"note\">Plus d\u2019informations sur le 21 e congr\u00e8s de la soci\u00e9t\u00e9 europ\u00e9enne de psychiatrie de l\u2019enfant et de l\u2019adolescent sur www.escap2025.eu<\/p>\n","protected":false},"excerpt":{"rendered":"Pourquoi ce congr\u00e8s est-il important pour la profession\u00a0? \u00ab\u00a0La p\u00e9dopsychiatrie a une approche biopsychosociale, fond\u00e9e sur les preuves&hellip;\n","protected":false},"author":2,"featured_media":211224,"comment_status":"","ping_status":"","sticky":false,"template":"","format":"standard","meta":{"footnotes":""},"categories":[2820],"tags":[1111,11,2389,6211,1687,2880,1777,674,107,1011,27,775,12,5486,25,71,640,2879],"class_list":{"0":"post-211223","1":"post","2":"type-post","3":"status-publish","4":"format-standard","5":"has-post-thumbnail","7":"category-strasbourg","8":"tag-actu","9":"tag-actualites","10":"tag-alsace","11":"tag-conference","12":"tag-culture-loisirs","13":"tag-edition-strasbourg","14":"tag-eu","15":"tag-europe","16":"tag-fil-info","17":"tag-fr","18":"tag-france","19":"tag-grand-est","20":"tag-news","21":"tag-rencontre","22":"tag-republique-francaise","23":"tag-sante","24":"tag-strasbourg","25":"tag-strasbourg-ville"},"share_on_mastodon":{"url":"","error":""},"_links":{"self":[{"href":"https:\/\/www.europesays.com\/fr\/wp-json\/wp\/v2\/posts\/211223","targetHints":{"allow":["GET"]}}],"collection":[{"href":"https:\/\/www.europesays.com\/fr\/wp-json\/wp\/v2\/posts"}],"about":[{"href":"https:\/\/www.europesays.com\/fr\/wp-json\/wp\/v2\/types\/post"}],"author":[{"embeddable":true,"href":"https:\/\/www.europesays.com\/fr\/wp-json\/wp\/v2\/users\/2"}],"replies":[{"embeddable":true,"href":"https:\/\/www.europesays.com\/fr\/wp-json\/wp\/v2\/comments?post=211223"}],"version-history":[{"count":0,"href":"https:\/\/www.europesays.com\/fr\/wp-json\/wp\/v2\/posts\/211223\/revisions"}],"wp:featuredmedia":[{"embeddable":true,"href":"https:\/\/www.europesays.com\/fr\/wp-json\/wp\/v2\/media\/211224"}],"wp:attachment":[{"href":"https:\/\/www.europesays.com\/fr\/wp-json\/wp\/v2\/media?parent=211223"}],"wp:term":[{"taxonomy":"category","embeddable":true,"href":"https:\/\/www.europesays.com\/fr\/wp-json\/wp\/v2\/categories?post=211223"},{"taxonomy":"post_tag","embeddable":true,"href":"https:\/\/www.europesays.com\/fr\/wp-json\/wp\/v2\/tags?post=211223"}],"curies":[{"name":"wp","href":"https:\/\/api.w.org\/{rel}","templated":true}]}}