{"id":211225,"date":"2025-06-28T15:42:15","date_gmt":"2025-06-28T15:42:15","guid":{"rendered":"https:\/\/www.europesays.com\/fr\/211225\/"},"modified":"2025-06-28T15:42:15","modified_gmt":"2025-06-28T15:42:15","slug":"strasbourg-motocyclettes-matelas-une-tonne-et-demie-de-dechets-sortis-de-lill-par-les-pompiers","status":"publish","type":"post","link":"https:\/\/www.europesays.com\/fr\/211225\/","title":{"rendered":"Strasbourg. Motocyclettes, matelas&#8230; une tonne et demie de d\u00e9chets sortis de l\u2019Ill par les pompiers"},"content":{"rendered":"<p>Quatre motocyclettes, une vingtaine de deux roues, des barri\u00e8res m\u00e9talliques, panneaux de signalisation, chariot, casseroles, matelas, portefeuille\u00a0: le butin <a href=\"https:\/\/www.dna.fr\/environnement\/2024\/05\/15\/velos-et-caddies-ressortent-des-eaux-sombres\" target=\"_blank\" rel=\"noopener\">des pompiers plongeurs<\/a> ramen\u00e9 des entrailles de l\u2019Ill a tout de l\u2019inventaire \u00e0 la Pr\u00e9vert.<\/p>\n<p>Mais pas question de po\u00e9sie ici, ces encombrants r\u00e9sultent souvent d\u2019actes de malveillance. Parfois un passant malchanceux dont le portefeuille s\u2019\u00e9chappe du sac, ou un t\u00e9l\u00e9phone qui tutoie les poissons pour un selfie un peu trop pr\u00e8s des flots.<\/p>\n<p>  Fort courant \u00e0 trois m\u00e8tres de profondeur<\/p>\n<p>Au pied du pont Saint-Etienne, \u00e0 quelques longueurs du lyc\u00e9e des Pontonniers, les pompiers plongeurs du Centre d\u2019incendie et secours Finkwiller ratissent le fond de la rivi\u00e8re pendant trois heures, palmes aux pieds et bouteilles d\u2019oxyg\u00e8ne sur le dos, encadr\u00e9s par le Bateau de reconnaissance et de surface (BRS). <\/p>\n<p>Ce contenu est bloqu\u00e9 car vous n&rsquo;avez pas accept\u00e9 les cookies et autres traceurs.<\/p>\n<p>En cliquant sur \u00ab J\u2019accepte \u00bb, les cookies et autres traceurs seront d\u00e9pos\u00e9s et vous pourrez visualiser les contenus  (<a href=\"\" class=\"consentModule_policy\" target=\"_blank\" title=\"Consulter la politique de protection des donn\u00e9es du fournisseur\">plus d&rsquo;informations<\/a>).<\/p>\n<p>En cliquant sur \u00ab J\u2019accepte tous les cookies \u00bb, vous autorisez des d\u00e9p\u00f4ts de cookies et autres traceurs pour le stockage de vos donn\u00e9es sur nos sites et applications \u00e0 des fins de personnalisation et de ciblage publicitaire.<\/p>\n<p class=\"consentModule_secondaryText\">Vous gardez la possibilit\u00e9 de retirer votre consentement \u00e0 tout moment en consultant notre <a href=\"https:\/\/www.dna.fr\/protection-des-donnees\" target=\"_blank\" title=\"Consulter notre politique de protection des donn\u00e9es\" rel=\"noopener\">politique de protection des donn\u00e9es<\/a>. <br \/>&#13;<br \/>\n            <a href=\"https:\/\/www.dna.fr\/environnement\/2025\/06\/28\/javascript:Didomi.notice.show()\" class=\"consentModule_cmp\" target=\"_blank\" rel=\"noopener\">G\u00e9rer mes choix<\/a>&#13;\n        <\/p>\n<p>&#13;<br \/>\n                        J&rsquo;accepte&#13;<br \/>\n            J&rsquo;accepte tous les cookies&#13;\n        <\/p>\n<p>\u00c0 trois m\u00e8tres de profondeur, le fort courant provoqu\u00e9 par l\u2019\u00e9tranglement du chenal sous le pont demande de la vigueur aux hommes-grenouilles. \u00ab\u00a0On a un gilet stabilisateur que l\u2019on gonfle et d\u00e9gonfle pour monter et descendre, mais pour avancer et tourner, il faut s\u2019agripper aux rochers et aux prises que l\u2019on trouve au fond de l\u2019Ill. L\u00e0 on peut s\u2019entra\u00eener tout en ayant une action utile pour l\u2019environnement\u00a0\u00bb, explique Jonathan, l\u2019un des pompiers mobilis\u00e9s. Les \u00e9paves sous-marines sont ensuite remont\u00e9es \u00e0 l\u2019aide d\u2019un ballon de relevage gonfl\u00e9 d\u2019air pour les plus lourdes comme les mobylettes. Les autres, \u00e0 la corde ou \u00e0 la force du bras, et remont\u00e9s pour certaines depuis le pont.<\/p>\n<p>  \u00ab\u00a0Il y en a encore dix fois plus au fond\u00a0\u00bb<\/p>\n<p>\u00ab\u00a0Ce nettoyage a une utilit\u00e9 pour l\u2019environnement, mais aussi pour s\u00e9curiser le fond de la rivi\u00e8re pour nos interventions de s\u00e9curit\u00e9 tout au long de l\u2019ann\u00e9e\u00a0\u00bb, d\u00e9taille le lieutenant Aymeric Florent, adjoint chef de la caserne Finkwiller. \u00ab\u00a0Il y en a encore dix fois plus au fond, mais on ne peut pas tout r\u00e9cup\u00e9rer, il faudrait plonger pendant des semaines pour y arriver\u2026\u00a0\u00bb, souffle l\u2019un des plongeurs. Ces d\u00e9chets sont ensuite rapport\u00e9s aupr\u00e8s d\u2019un service de gestion des d\u00e9chets, o\u00f9 ils seront recycl\u00e9s si cela est possible ou enfouis.<\/p>\n","protected":false},"excerpt":{"rendered":"Quatre motocyclettes, une vingtaine de deux roues, des barri\u00e8res m\u00e9talliques, panneaux de signalisation, chariot, casseroles, matelas, portefeuille\u00a0: le&hellip;\n","protected":false},"author":2,"featured_media":211226,"comment_status":"","ping_status":"","sticky":false,"template":"","format":"standard","meta":{"footnotes":""},"categories":[2820],"tags":[1111,11,2389,2649,2880,436,1777,674,274,107,1011,27,775,12,1800,25,640,2879],"class_list":{"0":"post-211225","1":"post","2":"type-post","3":"status-publish","4":"format-standard","5":"has-post-thumbnail","7":"category-strasbourg","8":"tag-actu","9":"tag-actualites","10":"tag-alsace","11":"tag-bas-rhin","12":"tag-edition-strasbourg","13":"tag-environnement","14":"tag-eu","15":"tag-europe","16":"tag-faits-divers-justice","17":"tag-fil-info","18":"tag-fr","19":"tag-france","20":"tag-grand-est","21":"tag-news","22":"tag-pollution","23":"tag-republique-francaise","24":"tag-strasbourg","25":"tag-strasbourg-ville"},"share_on_mastodon":{"url":"","error":""},"_links":{"self":[{"href":"https:\/\/www.europesays.com\/fr\/wp-json\/wp\/v2\/posts\/211225","targetHints":{"allow":["GET"]}}],"collection":[{"href":"https:\/\/www.europesays.com\/fr\/wp-json\/wp\/v2\/posts"}],"about":[{"href":"https:\/\/www.europesays.com\/fr\/wp-json\/wp\/v2\/types\/post"}],"author":[{"embeddable":true,"href":"https:\/\/www.europesays.com\/fr\/wp-json\/wp\/v2\/users\/2"}],"replies":[{"embeddable":true,"href":"https:\/\/www.europesays.com\/fr\/wp-json\/wp\/v2\/comments?post=211225"}],"version-history":[{"count":0,"href":"https:\/\/www.europesays.com\/fr\/wp-json\/wp\/v2\/posts\/211225\/revisions"}],"wp:featuredmedia":[{"embeddable":true,"href":"https:\/\/www.europesays.com\/fr\/wp-json\/wp\/v2\/media\/211226"}],"wp:attachment":[{"href":"https:\/\/www.europesays.com\/fr\/wp-json\/wp\/v2\/media?parent=211225"}],"wp:term":[{"taxonomy":"category","embeddable":true,"href":"https:\/\/www.europesays.com\/fr\/wp-json\/wp\/v2\/categories?post=211225"},{"taxonomy":"post_tag","embeddable":true,"href":"https:\/\/www.europesays.com\/fr\/wp-json\/wp\/v2\/tags?post=211225"}],"curies":[{"name":"wp","href":"https:\/\/api.w.org\/{rel}","templated":true}]}}