{"id":211227,"date":"2025-06-28T15:43:12","date_gmt":"2025-06-28T15:43:12","guid":{"rendered":"https:\/\/www.europesays.com\/fr\/211227\/"},"modified":"2025-06-28T15:43:12","modified_gmt":"2025-06-28T15:43:12","slug":"stationnement-bateaux-restaurants-yacht-club-vegetalisation-voici-a-quoi-devrait-ressembler-le-port-de-saint-laurent-du-var-apres-sa-renovation","status":"publish","type":"post","link":"https:\/\/www.europesays.com\/fr\/211227\/","title":{"rendered":"Stationnement bateaux, restaurants, yacht-club, v\u00e9g\u00e9talisation&#8230; Voici \u00e0 quoi devrait ressembler le port de Saint-Laurent-du-Var apr\u00e8s sa r\u00e9novation"},"content":{"rendered":"<p>                                Le projet<\/p>\n<p><strong>Voici \u00e0 quoi devrait ressembler peu ou prou le port de Saint-Laurent-du-Var<\/strong> selon les images de synth\u00e8se du projet port\u00e9 par la <strong>Chambre de commerce et d\u2019industrie<\/strong>. Plus de <strong>34 millions d\u2019euros de travaux vont \u00eatre r\u00e9alis\u00e9s.<\/strong> Ils devraient s\u2019\u00e9taler de <strong>novembre 2026 \u00e0 d\u00e9cembre 2030<\/strong>. Parmi les chantiers \u00e0 venir: la capitainerie sera r\u00e9habilit\u00e9e de novembre 2026 \u00e0 ao\u00fbt 2027 et la vid\u00e9oprotection renforc\u00e9e par une restructuration du r\u00e9seau et l\u2019installation de cam\u00e9ras suppl\u00e9mentaires. Le plan d\u2019eau sera repens\u00e9 pour s\u2019adapter \u00e0 l\u2019\u00e9volution de la taille des bateaux. Il comprendra jusqu\u2019\u00e0 1.000 places contre 1.090 actuellement.<\/p>\n<p>\u00a0<\/p>\n<p>                                Am\u00e9nagements routiers<\/p>\n<p>              <img ci-src=\"https:\/\/www.nicematin.com\/vie-locale\/Image+NICXXQ900_CCI_PORT_PROJET_CCI_SAINT_LAURENT_DU_VAR+%281%29-20uhGNzo.png?vh=5043fa&amp;ci_seal=dd09ec4556\" alt=\"\"\/><br \/>\n        La priorit\u00e9 va sera donn\u00e9e aux pi\u00e9tons. Une piste cyclable sera \u00e9galement am\u00e9nag\u00e9e. <strong>Photo  Chambre de commerce et d\u2019industrie.<\/strong> <\/p>\n<p><strong>Le quai La P\u00e9rouse sera repens\u00e9.<\/strong> Le stationnement sera supprim\u00e9, la circulation sera limit\u00e9e \u00e0 20 km\/h et <strong>la priorit\u00e9 sera donn\u00e9e aux pi\u00e9tons<\/strong>. <strong>Une voie cyclable \u00e0 double sens sera am\u00e9nag\u00e9e<\/strong>. L\u2019accessibilit\u00e9 pour les livraisons et les plaisanciers sera strictement encadr\u00e9e. <strong>Les terrasses des restaurants seront agrandies de plus de 50%<\/strong>. Un balcon en surplomb du quai La P\u00e9rouse sera am\u00e9nag\u00e9 pour offrir <strong>une vue panoramique sur le port. Un ascenseur sera install\u00e9<\/strong> \u00e0 cet endroit et reliera la promenade Alain-Gerbault au port.<\/p>\n<p>                                Priorit\u00e9 \u00e0 la v\u00e9g\u00e9talisation<\/p>\n<p>              <img ci-src=\"https:\/\/www.nicematin.com\/vie-locale\/Image+NICXXQ900_CCI_PORT_PROJET_CCI_SAINT_LAURENT_DU_VAR+%282%29-IZ5YlH5R.png?vh=37167d&amp;ci_seal=1880d94e75\" alt=\"\"\/><br \/>\n        De la v\u00e9g\u00e9talisation sous pergolas et des brumisateurs seront install\u00e9s sur le quai La P\u00e9rousse <strong>Photo  Chambre de commerce et d\u2019industrie.<\/strong> <\/p>\n<p><strong>Le quai La P\u00e9rouse sera \u00e9galement v\u00e9g\u00e9talis\u00e9.<\/strong> Six salons oasis sous pergolas seront install\u00e9s. Ils seront dot\u00e9s de syst\u00e8mes de brumisation. Les cl\u00f4tures actuelles seront enlev\u00e9es sur le quai La P\u00e9rouse, mais seront maintenues sur le quai ouest. Sur le m\u00f4le Eric-Tabarly, au milieu du port, 19 palmiers seront plant\u00e9s afin de renforcer l\u2019ombre projet\u00e9e.<\/p>\n<p>Stationnement<\/p>\n<p>              <img ci-src=\"https:\/\/www.nicematin.com\/vie-locale\/Image+NICXXQ900_CCI_PORT_PROJET_CCI_SAINT_LAURENT_DU_VAR+%286%29-hWRvdq7N.png?vh=a0978f&amp;ci_seal=4fb52b76b6\" alt=\"\"\/><br \/>\n        Pr\u00e8s de 70 places de stationnement suppl\u00e9mentaires seront cr\u00e9\u00e9es. <strong>Photo  Chambre de commerce et d\u2019industrie.<\/strong> <\/p>\n<p><strong>695 places de stationnement<\/strong> seront propos\u00e9es contre <strong>624<\/strong> actuellement. Deux parkings seront construits: l\u2019un \u00e0 l\u2019entr\u00e9e est du port avec 61 places, l\u2019autre \u00e0 l\u2019entr\u00e9e ouest avec 116 places (construction de novembre 2027 \u00e0 d\u00e9cembre 2028).<\/p>\n<p>La station service va laisser place \u00e0 un parking et un yacht-club<\/p>\n<p>              <img ci-src=\"https:\/\/www.nicematin.com\/vie-locale\/Image+NICXXQ900_CCI_PORT_PROJET_CCI_SAINT_LAURENT_DU_VAR+%287%29-SsaGDaTt.png?vh=64a4c4&amp;ci_seal=361a6b7dd0\" alt=\"\"\/><br \/>\n        En lieu et place de la station service Avia, on retrouvera un parking en ouvrage et un yacht-club. <strong>Photo  Chambre de commerce et d\u2019industrie.<\/strong> <\/p>\n<p><strong>La station-service Avia sera d\u00e9truite d\u2019ici d\u00e9cembre 2025<\/strong> et remplac\u00e9e par <strong>un parking en ouvrage et un yacht-club<\/strong> visible depuis la route du bord de mer. Ce nouveau b\u00e2timent, surnomm\u00e9 le Belv\u00e9d\u00e8re du port, \u00e9voquera l\u2019univers maritime. Les entr\u00e9es est et ouest du port seront reconfigur\u00e9es. Le chantier naval pourrait \u00eatre d\u00e9cal\u00e9 vers les plages d\u2019ici d\u00e9cembre 2026 et la darse de levage actuelle de l\u2019aire de car\u00e9nage couverte par une dalle, mais ces points pourraient \u00eatre ren\u00e9goci\u00e9s ult\u00e9rieurement entre la M\u00e9tropole et la CCI.<\/p>\n<p>Les missions du yacht-club.<\/p>\n<p>              <img ci-src=\"https:\/\/www.nicematin.com\/vie-locale\/Image+NICXXQ900_CCI_PORT_PROJET_CCI_SAINT_LAURENT_DU_VAR+%284%29-XB4l8BOf.png?vh=cf5cb2&amp;ci_seal=f11cbdf79e\" alt=\"\"\/><br \/>\n        Le yacht-club qui se veut multifonction accueillera des \u00e9v\u00e9nements culturels comme des expositions ou des projections de films en plein air <strong>Photo  Chambre de commerce et d\u2019industrie.<\/strong> <\/p>\n<p>Cet espace multifonction au sein du Belv\u00e9d\u00e8re du port servira notamment pour des <strong>\u00e9v\u00e9nements, des expositions artistiques ou des projections de films en plein air.<\/strong> Il comprendra \u00e9galement trois salles de r\u00e9union modulables. L\u2019ensemble construit de d\u00e9cembre 2028 \u00e0 mai 2029 pourra accueillir jusqu\u2019\u00e0 300 personnes<\/p>\n","protected":false},"excerpt":{"rendered":"Le projet Voici \u00e0 quoi devrait ressembler peu ou prou le port de Saint-Laurent-du-Var selon les images de&hellip;\n","protected":false},"author":2,"featured_media":211228,"comment_status":"","ping_status":"","sticky":false,"template":"","format":"standard","meta":{"footnotes":""},"categories":[2819],"tags":[1111,11,1777,674,1011,27,12,2401,882,25,3366],"class_list":{"0":"post-211227","1":"post","2":"type-post","3":"status-publish","4":"format-standard","5":"has-post-thumbnail","7":"category-nice","8":"tag-actu","9":"tag-actualites","10":"tag-eu","11":"tag-europe","12":"tag-fr","13":"tag-france","14":"tag-news","15":"tag-nice","16":"tag-provence-alpes-cote-dazur","17":"tag-republique-francaise","18":"tag-vie-locale"},"share_on_mastodon":{"url":"","error":""},"_links":{"self":[{"href":"https:\/\/www.europesays.com\/fr\/wp-json\/wp\/v2\/posts\/211227","targetHints":{"allow":["GET"]}}],"collection":[{"href":"https:\/\/www.europesays.com\/fr\/wp-json\/wp\/v2\/posts"}],"about":[{"href":"https:\/\/www.europesays.com\/fr\/wp-json\/wp\/v2\/types\/post"}],"author":[{"embeddable":true,"href":"https:\/\/www.europesays.com\/fr\/wp-json\/wp\/v2\/users\/2"}],"replies":[{"embeddable":true,"href":"https:\/\/www.europesays.com\/fr\/wp-json\/wp\/v2\/comments?post=211227"}],"version-history":[{"count":0,"href":"https:\/\/www.europesays.com\/fr\/wp-json\/wp\/v2\/posts\/211227\/revisions"}],"wp:featuredmedia":[{"embeddable":true,"href":"https:\/\/www.europesays.com\/fr\/wp-json\/wp\/v2\/media\/211228"}],"wp:attachment":[{"href":"https:\/\/www.europesays.com\/fr\/wp-json\/wp\/v2\/media?parent=211227"}],"wp:term":[{"taxonomy":"category","embeddable":true,"href":"https:\/\/www.europesays.com\/fr\/wp-json\/wp\/v2\/categories?post=211227"},{"taxonomy":"post_tag","embeddable":true,"href":"https:\/\/www.europesays.com\/fr\/wp-json\/wp\/v2\/tags?post=211227"}],"curies":[{"name":"wp","href":"https:\/\/api.w.org\/{rel}","templated":true}]}}