{"id":211231,"date":"2025-06-28T15:45:13","date_gmt":"2025-06-28T15:45:13","guid":{"rendered":"https:\/\/www.europesays.com\/fr\/211231\/"},"modified":"2025-06-28T15:45:13","modified_gmt":"2025-06-28T15:45:13","slug":"un-casting-est-lance-pour-le-tournage-du-telefilm-impacts-en-loire-atlantique","status":"publish","type":"post","link":"https:\/\/www.europesays.com\/fr\/211231\/","title":{"rendered":"Un casting est lanc\u00e9 pour le tournage du t\u00e9l\u00e9film Impacts en Loire-Atlantique"},"content":{"rendered":"<p><a href=\"https:\/\/www.solutions-tournages-paysdelaloire.fr\/actus\/casting-roles-pour-un-telefilm-en-loire-atlantique\/\" target=\"_blank\" rel=\"noopener\">Le tournage du t\u00e9l\u00e9film Impacts se d\u00e9roulera en Loire-Atlantique<\/a> du 16\u00a0juillet au 13\u00a0ao\u00fbt 2025 dans les communes de\u00a0Clisson, Nantes, Leg\u00e9, Le Pellerin et Ancenis. Il sera r\u00e9alis\u00e9 par Alain Tasma et produit par Storia Television.<\/p>\n<p>La production recherche des hommes et des femmes de tous \u00e2ges et de toutes origines pour interpr\u00e9ter des\u00a0personnes pendant un congr\u00e8s des maires (le 16\u00a0juillet), des couturiers, couturi\u00e8res, des personnes sachant utiliser des machines de confection (les 24, 25 et 26\u00a0juillet), des ouvriers agricoles (H\/F) dans une ferme mara\u00eech\u00e8re et des personnes pour une sc\u00e8ne de f\u00eate (les 28, 29 et 30\u00a0juillet), des clients d\u2019un bar et d\u2019une soir\u00e9e karaok\u00e9 (le 8\u00a0ao\u00fbt) et des\u00a0clients d\u2019une discoth\u00e8que (le 11\u00a0ao\u00fbt). A Ancenis, sont recherch\u00e9s des hommes et des femmes de tous \u00e2ges et de toutes origines pour interpr\u00e9ter des conseillers municipaux pendant un conseil (le 6\u00a0ao\u00fbt), des clients sur un march\u00e9 et dans un caf\u00e9 (le 7\u00a0ao\u00fbt).<\/p>\n<p>L\u2019histoire du t\u00e9l\u00e9film<\/p>\n<p>Dans la petite commune de Cenains, la vie de plusieurs personnages est boulevers\u00e9e par un accident de voiture impliquant un chauffard. Le film suit les cons\u00e9quences de cet \u00e9v\u00e8nement sur la vie de Nora, la victime, et de Maxime, le passager du chauffard, ainsi que sur leur entourage. Les secrets et les mensonges refont surface, mettant \u00e0 l\u2019\u00e9preuve les relations et les loyaut\u00e9s.<\/p>\n<p>Ce t\u00e9l\u00e9film a re\u00e7u le soutien de la R\u00e9gion Pays de la Loire dans le cadre des aides \u00e0 la production cin\u00e9matographique et audiovisuelle, en partenariat avec le Centre national du cin\u00e9ma et de l\u2019image anim\u00e9e, et est accompagn\u00e9 dans sa mise en \u0153uvre par le Bureau d\u2019accueil des tournages r\u00e9gional.<\/p>\n<p>Candidatures par mail<\/p>\n<p>Les com\u00e9diens non professionnels sont accept\u00e9s. Il faut l\u2019accord des parents pour les mineurs. Pour candidater il suffit d\u2019envoyer un mail \u00e0\u00a0impactscast44@gmail.com et de transmettre les \u00e9l\u00e9ments suivants\u00a0: des photos r\u00e9centes en portrait et en pied, date de naissance, ville, coordonn\u00e9es t\u00e9l\u00e9phoniques et mail. La r\u00e9mun\u00e9ration est au tarif conventionnel en vigueur<\/p>\n<p>Le cin\u00e9ma en Pays de la Loire<\/p>\n<p>Avec le <a href=\"https:\/\/rennes.maville.com\/actu\/actudet_-pourquoi-2022-a-ete-une-annee-record-pour-les-tournages-de-films-en-pays-de-la-loire-_8-5619296_actu.Htm\" target=\"_blank\" rel=\"noopener\">Bureau d\u2019accueil des tournages des Pays de la Loire<\/a>, la R\u00e9gion propose \u00e9galement \u00e0 l\u2019ensemble des professionnels un accompagnement technique personnalis\u00e9\u00a0: promotion du territoire, aide au pr\u00e9-rep\u00e9rage, contacts utiles pour l\u2019organisation de tournages, mise en relation avec les techniciens et com\u00e9diens locaux\u2026<\/p>\n<p>A noter\u00a0: il ne doit jamais \u00eatre demand\u00e9 une contribution financi\u00e8re pour candidater ou participer \u00e0 un casting. Les annonces sont v\u00e9rifi\u00e9es par le Bureau d accueil des tournages des Pays de la Loire et diffus\u00e9es \u00e0 titre gratuit.<\/p>\n<p>Contact\u00a0: impactscast44@gmail.com<\/p>\n<p>\u00a0<\/p>\n","protected":false},"excerpt":{"rendered":"Le tournage du t\u00e9l\u00e9film Impacts se d\u00e9roulera en Loire-Atlantique du 16\u00a0juillet au 13\u00a0ao\u00fbt 2025 dans les communes de\u00a0Clisson,&hellip;\n","protected":false},"author":2,"featured_media":211232,"comment_status":"","ping_status":"","sticky":false,"template":"","format":"standard","meta":{"footnotes":""},"categories":[2818],"tags":[1111,11,11668,1777,674,1011,27,35085,9447,3047,766,12,2636,25,12809,6265],"class_list":{"0":"post-211231","1":"post","2":"type-post","3":"status-publish","4":"format-standard","5":"has-post-thumbnail","7":"category-nantes","8":"tag-actu","9":"tag-actualites","10":"tag-casting","11":"tag-eu","12":"tag-europe","13":"tag-fr","14":"tag-france","15":"tag-impacts","16":"tag-lance","17":"tag-loire-atlantique","18":"tag-nantes","19":"tag-news","20":"tag-pays-de-la-loire","21":"tag-republique-francaise","22":"tag-telefilm","23":"tag-tournage"},"share_on_mastodon":{"url":"","error":""},"_links":{"self":[{"href":"https:\/\/www.europesays.com\/fr\/wp-json\/wp\/v2\/posts\/211231","targetHints":{"allow":["GET"]}}],"collection":[{"href":"https:\/\/www.europesays.com\/fr\/wp-json\/wp\/v2\/posts"}],"about":[{"href":"https:\/\/www.europesays.com\/fr\/wp-json\/wp\/v2\/types\/post"}],"author":[{"embeddable":true,"href":"https:\/\/www.europesays.com\/fr\/wp-json\/wp\/v2\/users\/2"}],"replies":[{"embeddable":true,"href":"https:\/\/www.europesays.com\/fr\/wp-json\/wp\/v2\/comments?post=211231"}],"version-history":[{"count":0,"href":"https:\/\/www.europesays.com\/fr\/wp-json\/wp\/v2\/posts\/211231\/revisions"}],"wp:featuredmedia":[{"embeddable":true,"href":"https:\/\/www.europesays.com\/fr\/wp-json\/wp\/v2\/media\/211232"}],"wp:attachment":[{"href":"https:\/\/www.europesays.com\/fr\/wp-json\/wp\/v2\/media?parent=211231"}],"wp:term":[{"taxonomy":"category","embeddable":true,"href":"https:\/\/www.europesays.com\/fr\/wp-json\/wp\/v2\/categories?post=211231"},{"taxonomy":"post_tag","embeddable":true,"href":"https:\/\/www.europesays.com\/fr\/wp-json\/wp\/v2\/tags?post=211231"}],"curies":[{"name":"wp","href":"https:\/\/api.w.org\/{rel}","templated":true}]}}