{"id":211247,"date":"2025-06-28T15:53:14","date_gmt":"2025-06-28T15:53:14","guid":{"rendered":"https:\/\/www.europesays.com\/fr\/211247\/"},"modified":"2025-06-28T15:53:14","modified_gmt":"2025-06-28T15:53:14","slug":"cette-autoroute-tres-frequentee-de-marseille-fermee-plusieurs-jours","status":"publish","type":"post","link":"https:\/\/www.europesays.com\/fr\/211247\/","title":{"rendered":"cette autoroute tr\u00e8s fr\u00e9quent\u00e9e de Marseille ferm\u00e9e plusieurs jours"},"content":{"rendered":"<p>            Par<br \/>\n        <strong><br \/>\n            <a href=\"https:\/\/actu.fr\/auteur\/thibault-nadal-actu-fr\" title=\"Consulter tous les articles de Thibault Nadal\" rel=\"nofollow noopener\" target=\"_blank\">Thibault Nadal<\/a><br \/>\n        <\/strong><\/p>\n<p>        Publi\u00e9 le<\/p>\n<p>            28 juin 2025 \u00e0 6h18        <\/p>\n<p>Des <a href=\"https:\/\/actu.fr\/tag\/travaux\" rel=\"nofollow noopener\" target=\"_blank\">travaux<\/a> de grande ampleur qui vont impacter ce premier week-end de vacances dans les Bouches-du-Rh\u00f4ne. Durant <strong>36\u00a0heures<\/strong>, le premier week-end du mois de juillet, <a href=\"https:\/\/actu.fr\/tag\/autoroute-7-a7\" rel=\"nofollow noopener\" target=\"_blank\">l\u2019autoroute A7<\/a> sera ferm\u00e9e entre <a href=\"https:\/\/actu.fr\/provence-alpes-cote-d-azur\/les-pennes-mirabeau_13071\" rel=\"nofollow noopener\" target=\"_blank\">les Pennes-Mirabeau<\/a> et <a href=\"https:\/\/actu.fr\/marseille\/\" rel=\"nofollow noopener\" target=\"_blank\">Marseille<\/a>.<\/p>\n<p class=\" wall-content\">La raison\u2009? <strong>Deux passerelles situ\u00e9es dans la cit\u00e9 phoc\u00e9enne doivent subir des interventions d\u2019urgence<\/strong>. \u00ab\u2009Il faut absolument faire cette op\u00e9ration, c\u2019est une question majeure de s\u00e9curit\u00e9. Le but, c\u2019est d\u2019\u00e9viter une catastrophe\u2009\u00bb, affirme Nicolas Hauptmann, directeur de cabinet du pr\u00e9fet des Bouches-du-Rh\u00f4ne, \u00e0 l\u2019occasion d\u2019une conf\u00e9rence de presse organis\u00e9e ce vendredi 27\u00a0juin.<\/p>\n<p class=\" wall-content\">Voici tout ce qu\u2019il faut savoir pour les automobilistes.<\/p>\n<p>Une op\u00e9ration massive<\/p>\n<p class=\" wall-content\">L\u2019A7 est un axe majeur \u00e0 Marseille, puisque ce sont pr\u00e8s de <strong>100\u2009000 v\u00e9hicules<\/strong> qui l\u2019empruntent chaque jour. \u00ab\u2009Ce n\u2019est jamais le bon moment pour fermer l\u2019A7\u2009\u00bb, reconna\u00eet Nicolas Hauptmann, mais il assure que la pr\u00e9fecture a pris cette d\u00e9cision apr\u00e8s plusieurs semaines d\u2019analyse.<\/p>\n<blockquote class=\"ac-article-quote wall-content\">\n<p>Le tron\u00e7on concern\u00e9 par cette fermeture se situe entre le convergent avec l\u2019autoroute A51, sur la commune des Pennes-Mirabeau, jusqu\u2019\u00e0 la terminaison de l\u2019autoroute A7 \u00e0 l\u2019arriv\u00e9e \u00e0 la gare Saint-Charles dans Marseille.<\/p>\n<p>    <strong>Pr\u00e9fecture de la Bouches-du-Rh\u00f4ne<\/strong>\n            <\/p><\/blockquote>\n<p>Vid\u00e9os : en ce moment sur Actu<\/p>\n<p class=\" wall-content\">Mais d\u2019importants travaux sont n\u00e9cessaires sur cette autoroute. Certaines de ses infrastructures datent des ann\u00e9es 1950. <strong>Les passerelles de La Martine (15e)<\/strong> <strong>et de la M\u00e8re de Dieu (14e)<\/strong>. \u00ab\u2009Des ouvrages tr\u00e8s d\u00e9grad\u00e9s [\u2026] qui ne peuvent aujourd\u2019hui \u00eatre r\u00e9par\u00e9s\u2009\u00bb. Ils repr\u00e9sentent des dangers pour la population, notamment les v\u00e9hicules qui passent dessous.<\/p>\n<p class=\" wall-content\">C\u2019est pour cela qu\u2019ils vont \u00eatre <strong>\u00ab\u2009d\u00e9truits puis reconstruits\u2009\u00bb<\/strong> lors \u00ab\u2009d\u2019une op\u00e9ration massive qui va \u00eatre r\u00e9alis\u00e9e en un temps record\u2009\u00bb, d\u00e9veloppe le directeur de cabinet du pr\u00e9fet.<\/p>\n<p>De nombreuses d\u00e9viations<\/p>\n<p class=\" wall-content\">Une autre route va \u00e9galement \u00eatre ferm\u00e9e durant ces 36h\u2009: <strong>la L2 (A507)<\/strong> dans le sens Aubagne-Aix entre Frais Vallon et l\u2019A7.<\/p>\n<p class=\" wall-content\">Ces fermetures vont n\u00e9cessairement entra\u00eener un report des automobilistes sur l\u2019A55 et l\u2019A50. Le chemin vers la C\u00f4te Bleue risque ainsi d\u2019\u00eatre satur\u00e9e le samedi 5\u00a0juillet.<\/p>\n<p class=\" wall-content\">Dans le sens Marseille-Lyon, la pr\u00e9fecture recommande de \u00ab\u2009rejoindre l\u2019autoroute A55 en suivant la signalisation des itin\u00e9raires S pr\u00e9sents\u2009: \u00e0 la hauteur de chacune des entr\u00e9es de l\u2019autoroute A7 (entr\u00e9es 36, 35, 33 et 32) et depuis Saint-Charles, suivre l\u2019itin\u00e9raire S11\u2009\u00bb.<\/p>\n<p>    <img   decoding=\"async\" loading=\"lazy\" src=\"https:\/\/www.europesays.com\/fr\/wp-content\/uploads\/2025\/06\/carte-a7-960x640.jpg\" alt=\"carte A7\" width=\"960\" height=\"640\"\/><br \/>\n    Voici les itin\u00e9raires \u00e0 privil\u00e9gier. (\u00a9Pr\u00e9fecture des Bouches-du-Rh\u00f4ne)<\/p>\n<p class=\" wall-content\">Enfin, c\u2019est <strong>dans l\u2019autre sens<\/strong> que la circulation va \u00eatre la plus difficile. Voici les recommandations\u2009:<\/p>\n<ul class=\" wall-content\">\n<li>Pour les usagers venant de Martigues via l\u2019A55, pour entrer dans Marseille,<br \/>vous devez suivre la direction \u00ab\u2009Marseille- Vieux-Port \/ Estaque les ports\u2009\u00bb.<\/li>\n<li>Pour les usagers venant de Marignane via l\u2019A7, pour entrer dans Marseille,<br \/>vous devez suivre la direction \u00ab\u2009Vieux-Port \u2013 Estaque\u2009\u00bb.<\/li>\n<li>Pour les usagers venant d\u2019Aix-en-Provence via l\u2019A51, pour entrer dans<br \/>Marseille vous devez suivre la direction \u00ab\u2009l\u2019Estaque\u2009\u00bb.<\/li>\n<li>Pour les usagers en direction d\u2019Aix-en-Provence depuis Marseille, deux<br \/>itin\u00e9raires sont possibles\u2009: via A50, A52 et A8 et via A50, le tunnel Prado-Carenage puis l\u2019A55.<\/li>\n<\/ul>\n<p class=\" wall-content\">Des messages seront diffus\u00e9s via la radio Vinci Autoroutes (107.7), sur les panneaux \u00e0 messages variables, directement sur la route, et sur les applications, indique la pr\u00e9fecture.<\/p>\n<p>D\u2019autres op\u00e9rations pr\u00e9vues dans le futur<\/p>\n<p class=\" wall-content\">Cette phase de travaux n\u2019est que la premi\u00e8re. Deux autres sont pr\u00e9vues dans le courant de l\u2019ann\u00e9e\u2009: la premi\u00e8re entra\u00eenera la mise en place \u00ab\u2009de voies r\u00e9duites\u2009\u00bb. La derni\u00e8re s\u2019effectuera de nuit entre 21h et 6h.<\/p>\n<p class=\" wall-content\">Deux autres op\u00e9rations sont aussi programm\u00e9es en 2026 cette fois\u2009: sur l\u2019A7 et A51.<\/p>\n<p class=\" wall-content\">Suivez toute l\u2019actualit\u00e9 de vos villes et m\u00e9dias favoris en vous inscrivant \u00e0 <a href=\"https:\/\/moncompte.actu.fr\" title=\"D\u00e9couvez Mon Actu\" rel=\"nofollow noopener\" data-trk=\"{&quot;cta&quot;:{&quot;action&quot;:&quot;https:\\\/\\\/moncompte.actu.fr&quot;,&quot;category&quot;:&quot;mon compte&quot;,&quot;from&quot;:&quot;article footer&quot;,&quot;name&quot;:&quot;Mon actu&quot;,&quot;type&quot;:&quot;cta&quot;}}\" target=\"_blank\">Mon Actu<\/a>.<\/p>\n","protected":false},"excerpt":{"rendered":"Par Thibault Nadal Publi\u00e9 le 28 juin 2025 \u00e0 6h18 Des travaux de grande ampleur qui vont impacter&hellip;\n","protected":false},"author":2,"featured_media":211248,"comment_status":"","ping_status":"","sticky":false,"template":"","format":"standard","meta":{"footnotes":""},"categories":[2814],"tags":[1111,11,646,6423,1777,674,1011,27,884,12,882,25,104,2086],"class_list":{"0":"post-211247","1":"post","2":"type-post","3":"status-publish","4":"format-standard","5":"has-post-thumbnail","7":"category-marseille","8":"tag-actu","9":"tag-actualites","10":"tag-automobile","11":"tag-autoroute-7-a7","12":"tag-eu","13":"tag-europe","14":"tag-fr","15":"tag-france","16":"tag-marseille","17":"tag-news","18":"tag-provence-alpes-cote-dazur","19":"tag-republique-francaise","20":"tag-societe","21":"tag-travaux"},"share_on_mastodon":{"url":"","error":""},"_links":{"self":[{"href":"https:\/\/www.europesays.com\/fr\/wp-json\/wp\/v2\/posts\/211247","targetHints":{"allow":["GET"]}}],"collection":[{"href":"https:\/\/www.europesays.com\/fr\/wp-json\/wp\/v2\/posts"}],"about":[{"href":"https:\/\/www.europesays.com\/fr\/wp-json\/wp\/v2\/types\/post"}],"author":[{"embeddable":true,"href":"https:\/\/www.europesays.com\/fr\/wp-json\/wp\/v2\/users\/2"}],"replies":[{"embeddable":true,"href":"https:\/\/www.europesays.com\/fr\/wp-json\/wp\/v2\/comments?post=211247"}],"version-history":[{"count":0,"href":"https:\/\/www.europesays.com\/fr\/wp-json\/wp\/v2\/posts\/211247\/revisions"}],"wp:featuredmedia":[{"embeddable":true,"href":"https:\/\/www.europesays.com\/fr\/wp-json\/wp\/v2\/media\/211248"}],"wp:attachment":[{"href":"https:\/\/www.europesays.com\/fr\/wp-json\/wp\/v2\/media?parent=211247"}],"wp:term":[{"taxonomy":"category","embeddable":true,"href":"https:\/\/www.europesays.com\/fr\/wp-json\/wp\/v2\/categories?post=211247"},{"taxonomy":"post_tag","embeddable":true,"href":"https:\/\/www.europesays.com\/fr\/wp-json\/wp\/v2\/tags?post=211247"}],"curies":[{"name":"wp","href":"https:\/\/api.w.org\/{rel}","templated":true}]}}