{"id":211249,"date":"2025-06-28T15:54:14","date_gmt":"2025-06-28T15:54:14","guid":{"rendered":"https:\/\/www.europesays.com\/fr\/211249\/"},"modified":"2025-06-28T15:54:14","modified_gmt":"2025-06-28T15:54:14","slug":"a-quoi-joue-la-justice","status":"publish","type":"post","link":"https:\/\/www.europesays.com\/fr\/211249\/","title":{"rendered":"\u00e0 quoi joue la justice ?"},"content":{"rendered":"<p class=\"has-text-align-center\"><strong>En France, il semble que nous basculons chaque jour un peu plus dans le grand n\u2019importe quoi, dans le chaos institutionnel, et assistons \u00e0 des situations \u00e0 la fois grotesques et terribles. Dernier exemple en date\u00a0: l\u2019affaire judiciaire suite \u00e0 la mort de Souheil.<\/strong><\/p>\n<p><img loading=\"lazy\" decoding=\"async\" width=\"1000\" height=\"1000\" data-attachment-id=\"94013\" data-permalink=\"https:\/\/contre-attaque.net\/2025\/06\/28\/4-ans-apres-la-mort-de-souheil-a-marseille-a-quoi-joue-la-justice\/signal-2025-06-27-164707\/\" data-orig-file=\"https:\/\/www.europesays.com\/fr\/wp-content\/uploads\/2025\/06\/signal-2025-06-27-164707.jpeg\" data-orig-size=\"1000,1000\" data-comments-opened=\"0\" data-image-meta=\"{&quot;aperture&quot;:&quot;0&quot;,&quot;credit&quot;:&quot;&quot;,&quot;camera&quot;:&quot;&quot;,&quot;caption&quot;:&quot;&quot;,&quot;created_timestamp&quot;:&quot;0&quot;,&quot;copyright&quot;:&quot;&quot;,&quot;focal_length&quot;:&quot;0&quot;,&quot;iso&quot;:&quot;0&quot;,&quot;shutter_speed&quot;:&quot;0&quot;,&quot;title&quot;:&quot;&quot;,&quot;orientation&quot;:&quot;0&quot;}\" data-image-title=\"signal-2025-06-27-164707\" data-image-description=\"\" data-image-caption=\"\" data-medium-file=\"https:\/\/contre-attaque.net\/wp-content\/uploads\/2025\/06\/signal-2025-06-27-164707-300x300.jpeg\" data-large-file=\"https:\/\/www.europesays.com\/fr\/wp-content\/uploads\/2025\/06\/signal-2025-06-27-164707.jpeg\" src=\"https:\/\/www.europesays.com\/fr\/wp-content\/uploads\/2025\/06\/signal-2025-06-27-164707.jpeg\" alt=\"Une marche blanche pour Souheil, tu\u00e9 par un policier il y a quatre ans et dont la famille se bat pour la justice.\" class=\"wp-image-94013\"  \/><\/p>\n<p>Souheil, c\u2019est un jeune homme de 19 ans qui a \u00e9t\u00e9 tu\u00e9 par la police le 4 ao\u00fbt 2021, \u00e0 Marseille, lors d\u2019un contr\u00f4le routier. La victime avait tristement rejoint la longue liste des personnes abattues par balle alors qu\u2019elles \u00e9taient au volant. Depuis, sa famille se bat avec acharnement pour exiger la v\u00e9rit\u00e9 et la justice.<\/p>\n<p>Au d\u00e9but du mois de juin 2025, presque 4 ans apr\u00e8s le drame, une juge annon\u00e7ait \u00e0 la famille qu\u2019apr\u00e8s plusieurs mois de recherches, \u00abneuf scell\u00e9s [\u2026] demeurent introuvables\u00bb. Il s\u2019agit d\u2019\u00e9l\u00e9ments cruciaux\u00a0: les images de vid\u00e9osurveillance \u00e0 proximit\u00e9 du lieu du tir, l\u2019enregistrement de l\u2019audition film\u00e9e du policier tireur, la balle qui a tu\u00e9 Souheil, entre autres. La juge expliquait piteusement que ces \u00e9l\u00e9ments ont \u00e9t\u00e9 \u00absortis du service de stockage d\u00e9but\u00a02022\u00bb et n\u2019ont \u00abjamais \u00e9t\u00e9 restitu\u00e9s au greffe des scell\u00e9s\u00bb. Du d\u00e9lire. Le 26 juin, apr\u00e8s une intense mobilisation de la famille de Souheil et de son avocat, la justice annonce que les scell\u00e9s ont \u00e9t\u00e9 \u00abretrouv\u00e9s\u00bb\u2026 dans le bureau de l\u2019ancien juge d\u2019instruction charg\u00e9 de l\u2019enqu\u00eate\u00a0! Explications.<\/p>\n<p>Souheil a donc perdu la vie en ao\u00fbt 2021, \u00e0 Marseille. Une victime de plus de la loi vot\u00e9e par le Parti Socialiste en 2017, permettant aux policiers de tirer \u00e0 balle r\u00e9elle en cas de \u00abrefus d\u2019obtemp\u00e9rer\u00bb. En 8 ans, les tirs et les morts ont explos\u00e9, et cette loi a d\u00e9complex\u00e9 le fait de tirer pour les policiers, m\u00eame sans situation de danger. Le cas le plus connu est l\u2019ex\u00e9cution film\u00e9e de Nahel en 2023.<\/p>\n<p>La famille de Souheil lutte h\u00e9ro\u00efquement depuis la mort du jeune homme, et se heurte \u00e0 une enqu\u00eate indigne. Les incoh\u00e9rences des policiers de l\u2019IGPN sont flagrantes, \u00e0 tel point que la famille a port\u00e9 plainte en f\u00e9vrier 2022 contre l\u2019un des enqu\u00eateurs pour obstruction \u00e0 la v\u00e9rit\u00e9. Par exemple, l\u2019int\u00e9gralit\u00e9 de la sc\u00e8ne, y compris le tir qui a tu\u00e9 Souheil, a \u00e9t\u00e9 film\u00e9e par les cam\u00e9ras de surveillance d\u2019une banque, mais l\u2019IGPN et le service s\u00e9curit\u00e9 de la banque avaient dit avoir \u00abperdu\u00bb tous les enregistrements. Pour autant la pr\u00e9sence de nombreux t\u00e9moins et des vid\u00e9os permettaient de prouver l\u2019homicide et son caract\u00e8re injustifi\u00e9. Mais l\u2019IGPN n\u2019en a rien fait, et a l\u00e9gitim\u00e9 le tir.<\/p>\n<p>L\u2019enqu\u00eate a \u00e9t\u00e9 class\u00e9e sans suite une premi\u00e8re fois en d\u00e9cembre 2021, puis relanc\u00e9e par une nouvelle plainte et confi\u00e9e \u00e0 une autre juridiction. Les avocats Ari\u00e9 Alimi et Rapha\u00ebl Kempf ont d\u00e9nonc\u00e9 la disparition de vid\u00e9os cruciales et \u00abune enqu\u00eate volontairement b\u00e2cl\u00e9e\u00bb. 4 ans plus tard, la justice n\u2019a pas \u00e9t\u00e9 rendue.<\/p>\n<p>Le policier qui a tir\u00e9 dans le thorax de Souheil s\u2019appelle Romain Devassine. Il est vis\u00e9 par une information judiciaire pour homicide volontaire. Le jour du tir, il \u00e9tait encore stagiaire dans la Police Nationale. Romain Devassine pratique \u00e9galement le BMX. Lors de la c\u00e9r\u00e9monie d\u2019ouverture des Jeux Olympiques de Paris, l\u2019\u00e9t\u00e9 dernier, <a href=\"https:\/\/contre-attaque.net\/2024\/08\/07\/mis-en-cause-pour-meurtre-un-policier-fait-du-bmx-a-la-ceremonie-des-jo\/\" target=\"_blank\" rel=\"noopener\">il passait \u00e0 la t\u00e9l\u00e9vision, en train de faire des acrobaties<\/a>.<\/p>\n<p>En reconnaissant le policier qui a tu\u00e9 leur proche \u00e0 la t\u00e9l\u00e9vision, la famille de Souheil avait re\u00e7u un coup de poignard dans le c\u0153ur. La tante du d\u00e9funt expliquait \u00e0 Mediapart : \u00ab\u00c0 un moment, sur la plateforme de BMX, je vois un profil qui me glace. Je me dis que ce n\u2019est pas possible que ce soit lui. Je n\u2019arrivais plus \u00e0 parler, \u00e0 respirer, j\u2019\u00e9tais en \u00e9tat de choc\u00a0\u00bb. Le p\u00e8re de Souheil expliquait dans une tribune\u00a0: \u00abL\u2019homme qui a froidement abattu mon fils Souheil d\u2019une balle en plein c\u0153ur se pavane lors d\u2019un spectacle de BMX devant des millions de t\u00e9l\u00e9spectateurs [\u2026] comme si rien ne s\u2019\u00e9tait pass\u00e9, comme si nous n\u2019existions pas\u00bb mais aussi \u00abalors que chaque jour depuis 3 ans je me r\u00e9veille avec cette douleur indicible, avec ce manque insupportable de mon fils, lui, le meurtrier continue sa vie\u00bb.<\/p>\n<p>Revenons \u00e0 la situation ubuesque qui vient d\u2019\u00eatre r\u00e9v\u00e9l\u00e9e. Selon la justice, depuis un an, personne n\u2019arrivait \u00e0 mettre la main sur les scell\u00e9s. Apr\u00e8s l\u2019annonce de cette pr\u00e9tendue perte, la famille avait d\u00e9pos\u00e9 une nouvelle plainte contre l\u2019ancienne procureure de Marseille, qu\u2019elle accusait d\u2019avoir \u00abvolontairement d\u00e9tourn\u00e9 les neuf scell\u00e9s\u00bb. La famille a aussi organis\u00e9 une conf\u00e9rence de presse devant l\u2019Assembl\u00e9e nationale en pr\u00e9sence d\u2019\u00e9lus et de d\u00e9put\u00e9s de gauche. L\u2019affaire a pris suffisamment d\u2019ampleur pour faire r\u00e9agir le Minist\u00e8re de la Justice, qui avait exig\u00e9 une enqu\u00eate\u2026<\/p>\n<p>Et comme par enchantement, apr\u00e8s avoir \u00e9t\u00e9 d\u00e9clar\u00e9s disparus, ces pi\u00e8ces ont toutes \u00e9t\u00e9 retrouv\u00e9es \u00abdans le bureau du juge d\u2019instruction initialement saisi\u00bb de l\u2019affaire. Est-ce ainsi que sont enterr\u00e9es les affaires de violences polici\u00e8res\u00a0? En laissant pourrir les \u00e9l\u00e9ments accablants au fond de tiroirs, et en pr\u00e9tendant qu\u2019ils sont perdus. Que ce serait-il pass\u00e9 sans la pugnacit\u00e9 et le courage de la famille de Souheil, de ses avocats, de ses soutiens ? L\u2019affaire aurait \u00e9t\u00e9 enterr\u00e9e \u00e0 tout jamais.<\/p>\n<p>Suite \u00e0 l\u2019annonce de cette r\u00e9cup\u00e9ration surnaturelle, la famille de Souheil s\u2019est dite \u00abparticuli\u00e8rement inqui\u00e8te du d\u00e9roulement de l\u2019instruction dans la mesure o\u00f9 c\u2019est ce m\u00eame juge (Patrick De Firmas), qui avait fait la demande de recherche de scell\u00e9s\u00bb l\u2019ann\u00e9e dernier. Le magistrat qui a fait mine de demander \u00e0 retrouver ces pi\u00e8ces les avait en fait dans son propre bureau ! Le p\u00e8re de Souheil rel\u00e8ve d\u2019ailleurs que \u00abdes recherches avaient d\u00e9j\u00e0 \u00e9t\u00e9 faites dans ce m\u00eame bureau\u00bb. Il se dit n\u00e9anmoins \u00absoulag\u00e9e que la mobilisation politique a permis de retrouver ces scell\u00e9s\u00bb.<\/p>\n<p>En attendant, ces \u00e9l\u00e9ments auraient du \u00eatre \u00e9tudi\u00e9s depuis des ann\u00e9es au lieu d\u2019\u00eatre dissimul\u00e9s. L\u2019extr\u00eame lenteur de la justice quand il s\u2019agit de crimes policiers est une violence de plus\u00a0: elle sert \u00e0 \u00e9puiser et \u00e0 d\u00e9mobiliser les proches des victimes, avec des verdicts ou des non-lieux qui tombent parfois 10 ans apr\u00e8s les faits, et garantissent une impunit\u00e9 de fait aux policiers mis en cause.<\/p>\n<p>Cette histoire rocambolesque interroge sur la justice marseillaise. On se souvient que le vice-procureur de Marseille, Andr\u00e9 Ribes, s\u2019\u00e9tait d\u00e9guis\u00e9 en policier et avait carr\u00e9ment particip\u00e9 aux charges avec les CRS qui avaient tu\u00e9 Zined Redouane le 1er d\u00e9cembre 2018. <a href=\"https:\/\/contre-attaque.net\/2019\/07\/04\/devinez-qui-est-cet-homme\/\" target=\"_blank\" rel=\"noopener\">Sa photo en tenue au milieu des forces de l\u2019ordre avait \u00e9t\u00e9 diffus\u00e9e par des journalistes<\/a>, ce qui avait conduit \u00e0 ce que ce magistrat soit dessaisi de l\u2019affaire. Mais c\u2019\u00e9tait, d\u00e9j\u00e0, l\u2019illustration d\u2019une collusion litt\u00e9rale entre la police et la justice.<\/p>\n","protected":false},"excerpt":{"rendered":"En France, il semble que nous basculons chaque jour un peu plus dans le grand n\u2019importe quoi, dans&hellip;\n","protected":false},"author":2,"featured_media":211250,"comment_status":"","ping_status":"","sticky":false,"template":"","format":"standard","meta":{"footnotes":""},"categories":[2814],"tags":[1111,11,1770,1777,674,1011,27,35088,19921,35089,884,12,882,2852,25,34122,35090,7374],"class_list":{"0":"post-211249","1":"post","2":"type-post","3":"status-publish","4":"format-standard","5":"has-post-thumbnail","7":"category-marseille","8":"tag-actu","9":"tag-actualites","10":"tag-corruption","11":"tag-eu","12":"tag-europe","13":"tag-fr","14":"tag-france","15":"tag-igpn","16":"tag-impunite","17":"tag-justice-de-classe","18":"tag-marseille","19":"tag-news","20":"tag-provence-alpes-cote-dazur","21":"tag-refus-dobtemperer","22":"tag-republique-francaise","23":"tag-souheil","24":"tag-violences-judiciaires","25":"tag-violences-policieres"},"share_on_mastodon":{"url":"","error":""},"_links":{"self":[{"href":"https:\/\/www.europesays.com\/fr\/wp-json\/wp\/v2\/posts\/211249","targetHints":{"allow":["GET"]}}],"collection":[{"href":"https:\/\/www.europesays.com\/fr\/wp-json\/wp\/v2\/posts"}],"about":[{"href":"https:\/\/www.europesays.com\/fr\/wp-json\/wp\/v2\/types\/post"}],"author":[{"embeddable":true,"href":"https:\/\/www.europesays.com\/fr\/wp-json\/wp\/v2\/users\/2"}],"replies":[{"embeddable":true,"href":"https:\/\/www.europesays.com\/fr\/wp-json\/wp\/v2\/comments?post=211249"}],"version-history":[{"count":0,"href":"https:\/\/www.europesays.com\/fr\/wp-json\/wp\/v2\/posts\/211249\/revisions"}],"wp:featuredmedia":[{"embeddable":true,"href":"https:\/\/www.europesays.com\/fr\/wp-json\/wp\/v2\/media\/211250"}],"wp:attachment":[{"href":"https:\/\/www.europesays.com\/fr\/wp-json\/wp\/v2\/media?parent=211249"}],"wp:term":[{"taxonomy":"category","embeddable":true,"href":"https:\/\/www.europesays.com\/fr\/wp-json\/wp\/v2\/categories?post=211249"},{"taxonomy":"post_tag","embeddable":true,"href":"https:\/\/www.europesays.com\/fr\/wp-json\/wp\/v2\/tags?post=211249"}],"curies":[{"name":"wp","href":"https:\/\/api.w.org\/{rel}","templated":true}]}}