{"id":211253,"date":"2025-06-28T15:56:11","date_gmt":"2025-06-28T15:56:11","guid":{"rendered":"https:\/\/www.europesays.com\/fr\/211253\/"},"modified":"2025-06-28T15:56:11","modified_gmt":"2025-06-28T15:56:11","slug":"lyon-un-nouveau-radar-fait-son-apparition-en-bord-de-saone-sur-une-portion-a-30-km-h","status":"publish","type":"post","link":"https:\/\/www.europesays.com\/fr\/211253\/","title":{"rendered":"Lyon. Un nouveau radar fait son apparition en bord de Sa\u00f4ne, sur une portion \u00e0 30\u00a0km\/h"},"content":{"rendered":"<p>Il a \u00e9t\u00e9 install\u00e9 dans la nuit de vendredi \u00e0 samedi. Un radar de chantier a fait son apparition en bord de Sa\u00f4ne, \u00e0 la jonction entre les quais Tilsitt et Mar\u00e9chal-Joffre (Lyon 2e), \u00e0 hauteur de la rue Franklin. Comme nous l\u2019\u00e9crivions en avril dernier, cet axe \u00e0 sens unique en direction de Perrache, limit\u00e9 \u00e0 30\u00a0km\/h, est <a href=\"https:\/\/www.leprogres.fr\/transport\/2025\/04\/04\/radar-ralentisseurs-passages-pietons-la-transformation-des-quais-tilsitt-et-joffre-commence-cet-ete\" target=\"_blank\" rel=\"nofollow noopener\">l\u2019un des plus accidentog\u00e8nes<\/a> de la m\u00e9tropole.<\/p>\n<p>En ao\u00fbt\u00a02022, c\u2019est justement \u00e0 cet endroit que deux adolescents, <a href=\"https:\/\/www.leprogres.fr\/faits-divers-justice\/2022\/08\/22\/deux-morts-dans-un-accident-de-trottinette\" target=\"_blank\" rel=\"nofollow noopener\">Iris et Warren<\/a>, perdaient la vie, fauch\u00e9s par une ambulance priv\u00e9e, alors qu\u2019ils circulaient \u00e0 deux sur une trottinette \u00e9lectrique. Depuis, la Ville et la M\u00e9tropole ont multipli\u00e9 les adresses \u00e0 la pr\u00e9fecture pour que ce lieu fasse l\u2019objet de contr\u00f4les de vitesse g\u00e9n\u00e9ralis\u00e9s par la mise en place d\u2019un radar.<\/p>\n<p>\u00ab\u00a0Nous demandons \u00e0 l\u2019\u00c9tat que des radars soient \u00e9tablis sur certains axes qui sont aujourd\u2019hui limit\u00e9s \u00e0 30\u00a0km\/h\u00a0\u00bb, d\u00e9clarait au micro du Progr\u00e8s le maire \u00e9cologiste, <a href=\"https:\/\/www.leprogres.fr\/p\/gregory-doucet\" target=\"_blank\" rel=\"nofollow noopener\">Gr\u00e9gory Doucet<\/a>, en avril dernier.<\/p>\n<p>  Vers un radar p\u00e9renne ?<\/p>\n<p>Selon nos informations, la pr\u00e9f\u00e8te du Rh\u00f4ne avait fait, \u00e0 la fin du mois de f\u00e9vrier, une demande d&rsquo;installation sur cet axe Tilsitt &#8211; Joffre aupr\u00e8s de la d\u00e9l\u00e9gu\u00e9e interminist\u00e9rielle \u00e0 la S\u00e9curit\u00e9 routi\u00e8re.<\/p>\n<p>Apr\u00e8s ce radar de chantier, un nouveau dispositif p\u00e9renne devrait \u00eatre mis en place.<\/p>\n","protected":false},"excerpt":{"rendered":"Il a \u00e9t\u00e9 install\u00e9 dans la nuit de vendredi \u00e0 samedi. Un radar de chantier a fait son&hellip;\n","protected":false},"author":2,"featured_media":211254,"comment_status":"","ping_status":"","sticky":false,"template":"","format":"standard","meta":{"footnotes":""},"categories":[1889],"tags":[1111,11,2430,3542,2757,1777,674,107,1011,27,2428,2756,12,25,2429,2803],"class_list":{"0":"post-211253","1":"post","2":"type-post","3":"status-publish","4":"format-standard","5":"has-post-thumbnail","7":"category-lyon","8":"tag-actu","9":"tag-actualites","10":"tag-auvergne-rhone-alpes","11":"tag-circulation","12":"tag-edition-lyon-villeurbanne","13":"tag-eu","14":"tag-europe","15":"tag-fil-info","16":"tag-fr","17":"tag-france","18":"tag-lyon","19":"tag-lyon-bassin","20":"tag-news","21":"tag-republique-francaise","22":"tag-rhone","23":"tag-transport"},"share_on_mastodon":{"url":"","error":""},"_links":{"self":[{"href":"https:\/\/www.europesays.com\/fr\/wp-json\/wp\/v2\/posts\/211253","targetHints":{"allow":["GET"]}}],"collection":[{"href":"https:\/\/www.europesays.com\/fr\/wp-json\/wp\/v2\/posts"}],"about":[{"href":"https:\/\/www.europesays.com\/fr\/wp-json\/wp\/v2\/types\/post"}],"author":[{"embeddable":true,"href":"https:\/\/www.europesays.com\/fr\/wp-json\/wp\/v2\/users\/2"}],"replies":[{"embeddable":true,"href":"https:\/\/www.europesays.com\/fr\/wp-json\/wp\/v2\/comments?post=211253"}],"version-history":[{"count":0,"href":"https:\/\/www.europesays.com\/fr\/wp-json\/wp\/v2\/posts\/211253\/revisions"}],"wp:featuredmedia":[{"embeddable":true,"href":"https:\/\/www.europesays.com\/fr\/wp-json\/wp\/v2\/media\/211254"}],"wp:attachment":[{"href":"https:\/\/www.europesays.com\/fr\/wp-json\/wp\/v2\/media?parent=211253"}],"wp:term":[{"taxonomy":"category","embeddable":true,"href":"https:\/\/www.europesays.com\/fr\/wp-json\/wp\/v2\/categories?post=211253"},{"taxonomy":"post_tag","embeddable":true,"href":"https:\/\/www.europesays.com\/fr\/wp-json\/wp\/v2\/tags?post=211253"}],"curies":[{"name":"wp","href":"https:\/\/api.w.org\/{rel}","templated":true}]}}