{"id":211266,"date":"2025-06-28T16:03:12","date_gmt":"2025-06-28T16:03:12","guid":{"rendered":"https:\/\/www.europesays.com\/fr\/211266\/"},"modified":"2025-06-28T16:03:12","modified_gmt":"2025-06-28T16:03:12","slug":"laes-mise-sur-un-partenariat-strategique-avec-la-russie","status":"publish","type":"post","link":"https:\/\/www.europesays.com\/fr\/211266\/","title":{"rendered":"l\u2019AES mise sur un partenariat strat\u00e9gique avec la Russie"},"content":{"rendered":"<p><img loading=\"lazy\" decoding=\"async\" width=\"696\" height=\"392\" class=\"entry-thumb\" src=\"https:\/\/www.europesays.com\/fr\/wp-content\/uploads\/2025\/06\/goita-tiani-traore-696x392.jpg\"   alt=\"Assimi Go\u00efta, Abdourahamane Tiani et Ibrahim Traor\u00e9\" title=\"goita tiani traore\"\/>Assimi Go\u00efta, Abdourahamane Tiani et Ibrahim Traor\u00e9<\/p>\n<p>La Conf\u00e9d\u00e9ration des \u00c9tats de l\u2019Alliance des \u00c9tats du Sahel (AES), regroupant le Mali, le Burkina Faso et le Niger, renforce ses relations avec la Russie pour faire face \u00e0 la menace terroriste dans la r\u00e9gion. C\u2019est dans ce contexte que le Pr\u00e9sident malien et pr\u00e9sident en exercice de l\u2019AES, le g\u00e9n\u00e9ral d\u2019Arm\u00e9e Assimi Go\u00efta, a annonc\u00e9 \u00e0 son retour de Moscou une nouvelle phase de coop\u00e9ration s\u00e9curitaire entre les \u00c9tats sah\u00e9liens et la F\u00e9d\u00e9ration de Russie.<\/p>\n<p>En visite officielle en Russie du 21 au 26 juin, Assimi Go\u00efta a r\u00e9v\u00e9l\u00e9 que Moscou avait donn\u00e9 son accord de principe pour accompagner les \u00c9tats membres de l\u2019<a href=\"https:\/\/www.afrik.com\/aes-derriere-la-facade-souverainiste-les-derives-autoritaires-d-un-triumvirat-militaire\" target=\"_blank\" rel=\"noopener nofollow\">AES<\/a> dans la cr\u00e9ation d\u2019une force unifi\u00e9e de 5 000 hommes. Cette initiative vise \u00e0 renforcer la r\u00e9ponse militaire face \u00e0 la mont\u00e9e en puissance des groupes arm\u00e9s dans la bande sah\u00e9lo-saharienne.<\/p>\n<p>Vers une mutualisation des moyens militaires<\/p>\n<p>Selon les propos d\u2019Assimi Go\u00efta, chacun des pays membres de l\u2019AES entretient d\u00e9j\u00e0 des relations bilat\u00e9rales avec la Russie dans le domaine s\u00e9curitaire. \u00c0 travers cette nouvelle initiative commune, les partenaires entendent mutualiser leurs moyens, optimiser la coordination des op\u00e9rations et consolider une r\u00e9ponse r\u00e9gionale face \u00e0 la menace.<\/p>\n<p>\u00ab La Russie a d\u00e9j\u00e0 d\u00e9ploy\u00e9 des moyens militaires dans le cadre de ses accords bilat\u00e9raux. Nous, au Mali, continuons de renforcer nos capacit\u00e9s jour apr\u00e8s jour avec l\u2019aide de nos partenaires russes \u00bb, a pr\u00e9cis\u00e9 le pr\u00e9sident malien \u00e0 la t\u00e9l\u00e9vision nationale. Cette dynamique de coop\u00e9ration marque une nouvelle \u00e9tape dans l\u2019approche s\u00e9curitaire de la r\u00e9gion, en rupture avec l\u2019ancien dispositif sah\u00e9lien, notamment le G5 Sahel.<\/p>\n<p>Des accords multisectoriels pour renforcer les liens<\/p>\n<p>Au-del\u00e0 de la coop\u00e9ration militaire, la visite d\u2019Assimi Go\u00efta \u00e0 Moscou a permis la signature de trois importants accords de coop\u00e9ration couvrant plusieurs secteurs. Le premier acte fondateur concerne la cr\u00e9ation d\u2019une Commission intergouvernementale russo-malienne charg\u00e9e de la coop\u00e9ration \u00e9conomique, commerciale, scientifique et technique.<\/p>\n<p>Lire aussi:\u00a0<a href=\"https:\/\/www.afrik.com\/l-aes-acte-la-creation-de-la-banque-confederale-pour-l-investissement-et-le-developpement\" target=\"_blank\" rel=\"noopener nofollow\">L\u2019AES acte la cr\u00e9ation de la Banque conf\u00e9d\u00e9rale pour l\u2019investissement et le d\u00e9veloppement<\/a><\/p>\n<p>Le deuxi\u00e8me accord, strat\u00e9gique pour l\u2019avenir \u00e9nerg\u00e9tique du <a href=\"https:\/\/www.afrik.com\/mali\" target=\"_blank\" rel=\"noopener nofollow\">Mali<\/a>, porte sur l\u2019utilisation pacifique de l\u2019\u00e9nergie atomique, en partenariat avec la soci\u00e9t\u00e9 russe ROSATOM. Le troisi\u00e8me accord pose les fondements d\u2019une relation bilat\u00e9rale renforc\u00e9e entre le Mali et la Russie, dans une logique d\u2019approfondissement des liens politiques, diplomatiques et s\u00e9curitaires.<\/p>\n<p>Une ouverture vers la R\u00e9publique du Tatarstan<\/p>\n<p>La visite a \u00e9galement \u00e9t\u00e9 marqu\u00e9e par une rencontre entre Assimi Go\u00efta et Minnikhanov Nurgaliyevich, pr\u00e9sident de la R\u00e9publique du Tatarstan, une entit\u00e9 de la F\u00e9d\u00e9ration de Russie. Les deux dirigeants ont exprim\u00e9 leur volont\u00e9 de renforcer leur coop\u00e9ration dans plusieurs domaines strat\u00e9giques tels que l\u2019\u00e9ducation, le sport, la finance islamique et les \u00e9changes culturels.<\/p>\n<p>Le Pr\u00e9sident malien a \u00e9galement plaid\u00e9 pour une extension de cette coop\u00e9ration vers les infrastructures, le commerce, l\u2019\u00e9nergie et les transports. \u00c0 l\u2019occasion de ce rapprochement, la participation du Mali au forum \u00e9conomique islamique annuel de Kazan a \u00e9t\u00e9 encourag\u00e9e, illustrant la volont\u00e9 d\u2019ouverture vers d\u2019autres partenaires \u00e9conomiques du monde musulman.<\/p>\n<p>Naissance de l\u2019AES : une r\u00e9ponse souveraine aux d\u00e9fis r\u00e9gionaux<\/p>\n<p>La Conf\u00e9d\u00e9ration des \u00c9tats du Sahel (AES) n\u2019est pas n\u00e9e du hasard, mais d\u2019un long processus de rupture avec les structures jug\u00e9es inefficaces. La cr\u00e9ation de l\u2019<a href=\"https:\/\/www.afrik.com\/sommet-de-l-aes-les-trois-dirigeants-creent-la-confederation-et-zappent-la-cedeao\" target=\"_blank\" rel=\"noopener nofollow\">AES<\/a> trouve ses racines dans le retrait progressif du Mali, du Burkina Faso et du Niger du G5 Sahel, structure soutenue principalement par des partenaires occidentaux, mais per\u00e7ue comme limit\u00e9e dans ses r\u00e9sultats sur le terrain.<\/p>\n<p>Face \u00e0 l\u2019inefficacit\u00e9 de certaines initiatives internationales et \u00e0 une volont\u00e9 croissante d\u2019affirmer leur souverainet\u00e9, les trois pays ont d\u00e9cid\u00e9 d\u2019unir leurs forces dans un cadre conf\u00e9d\u00e9ral. Cette alliance r\u00e9gionale repose sur un socle commun : la lutte contre le terrorisme, la restauration de l\u2019autorit\u00e9 de l\u2019\u00c9tat et le d\u00e9veloppement socio-\u00e9conomique des populations sah\u00e9liennes.<\/p>\n<p>Les \u00e9tapes phares de la consolidation de l\u2019AES<\/p>\n<p>La premi\u00e8re phase de cette dynamique fut marqu\u00e9e par une intensification des relations bilat\u00e9rales entre les trois pays, notamment \u00e0 travers des rencontres r\u00e9guli\u00e8res de leurs dirigeants. S\u2019en est suivie la signature d\u2019accords de coop\u00e9ration militaire, \u00e9conomique et politique, pr\u00e9parant ainsi le terrain \u00e0 la cr\u00e9ation officielle de la <a href=\"https:\/\/www.afrik.com\/aes-le-mali-le-burkina-faso-et-le-niger-reprennent-le-controle-de-leurs-ressources-minieres\" target=\"_blank\" rel=\"noopener nofollow\">Conf\u00e9d\u00e9ration<\/a> en 2023.<\/p>\n<p>Depuis lors, les actions se sont multipli\u00e9es : mise en place d\u2019organes de coordination, harmonisation des doctrines militaires, et surtout volont\u00e9 politique forte d\u2019aller vers une arm\u00e9e conf\u00e9d\u00e9rale capable de r\u00e9pondre rapidement aux menaces. La d\u00e9cision de cr\u00e9er une force unifi\u00e9e de 5 000 hommes, soutenue par la Russie, constitue l\u2019aboutissement de cette vision strat\u00e9gique.<\/p>\n","protected":false},"excerpt":{"rendered":"Assimi Go\u00efta, Abdourahamane Tiani et Ibrahim Traor\u00e9 La Conf\u00e9d\u00e9ration des \u00c9tats de l\u2019Alliance des \u00c9tats du Sahel (AES),&hellip;\n","protected":false},"author":2,"featured_media":211267,"comment_status":"","ping_status":"","sticky":false,"template":"","format":"standard","meta":{"footnotes":""},"categories":[1591],"tags":[11,12375,10463,1887,1136,12,19995,1885,1886,132],"class_list":{"0":"post-211266","1":"post","2":"type-post","3":"status-publish","4":"format-standard","5":"has-post-thumbnail","7":"category-russie","8":"tag-actualites","9":"tag-burkina-faso","10":"tag-cooperation","11":"tag-federation-de-russie","12":"tag-mali","13":"tag-news","14":"tag-niger","15":"tag-russia","16":"tag-russian-federation","17":"tag-russie"},"share_on_mastodon":{"url":"","error":""},"_links":{"self":[{"href":"https:\/\/www.europesays.com\/fr\/wp-json\/wp\/v2\/posts\/211266","targetHints":{"allow":["GET"]}}],"collection":[{"href":"https:\/\/www.europesays.com\/fr\/wp-json\/wp\/v2\/posts"}],"about":[{"href":"https:\/\/www.europesays.com\/fr\/wp-json\/wp\/v2\/types\/post"}],"author":[{"embeddable":true,"href":"https:\/\/www.europesays.com\/fr\/wp-json\/wp\/v2\/users\/2"}],"replies":[{"embeddable":true,"href":"https:\/\/www.europesays.com\/fr\/wp-json\/wp\/v2\/comments?post=211266"}],"version-history":[{"count":0,"href":"https:\/\/www.europesays.com\/fr\/wp-json\/wp\/v2\/posts\/211266\/revisions"}],"wp:featuredmedia":[{"embeddable":true,"href":"https:\/\/www.europesays.com\/fr\/wp-json\/wp\/v2\/media\/211267"}],"wp:attachment":[{"href":"https:\/\/www.europesays.com\/fr\/wp-json\/wp\/v2\/media?parent=211266"}],"wp:term":[{"taxonomy":"category","embeddable":true,"href":"https:\/\/www.europesays.com\/fr\/wp-json\/wp\/v2\/categories?post=211266"},{"taxonomy":"post_tag","embeddable":true,"href":"https:\/\/www.europesays.com\/fr\/wp-json\/wp\/v2\/tags?post=211266"}],"curies":[{"name":"wp","href":"https:\/\/api.w.org\/{rel}","templated":true}]}}