{"id":211274,"date":"2025-06-28T16:07:12","date_gmt":"2025-06-28T16:07:12","guid":{"rendered":"https:\/\/www.europesays.com\/fr\/211274\/"},"modified":"2025-06-28T16:07:12","modified_gmt":"2025-06-28T16:07:12","slug":"angleterre-allemagne-a-quelle-heure-et-sur-quelle-chaine-tv-suivre-la-finale-de-leuro","status":"publish","type":"post","link":"https:\/\/www.europesays.com\/fr\/211274\/","title":{"rendered":"Angleterre &#8211; Allemagne. \u00c0 quelle heure et sur quelle cha\u00eene TV suivre la finale de l\u2019Euro"},"content":{"rendered":"<p>La couronne europ\u00e9enne va-t-elle changer de pays \u00e0 l\u2019issue de la finale de l\u2019<a href=\"https:\/\/rennes.maville.com\/sport\/detail_-euro-espoirs-2025.-groupes-programme-diffusion...-tout-savoir-sur-la-competition-avec-la-france-_54135-6845374_actu.Htm\" target=\"_blank\" rel=\"noopener\">Euro Espoirs<\/a>\u00a0? \u00c0\u00a0Bratislava (Slovaquie), les Anglais vont tenter de d\u00e9fendre leur titre face aux Allemands, ce samedi 28\u00a0juin 2025 (21\u00a0h). Et il y aura s\u00fbrement un air de revanche entre les deux nations qui se sont d\u00e9j\u00e0 affront\u00e9es en phase de poule (victoire de la\u00a0Mannschaft 1-2). Mais les Anglais vont devoir batailler pour bousculer les <a href=\"https:\/\/www.ouest-france.fr\/sport\/football\/equipe-de-france-espoirs\/euro-espoirs-les-bleuets-sarretent-en-demi-finale-depasses-par-une-allemagne-plus-realiste-94daaaff-93de-45a0-bd81-0e7092af0224\" target=\"_blank\" rel=\"noopener\">Allemands<\/a> et leur s\u00e9rie d\u2019invincibilit\u00e9 (20\u00a0rencontres sans d\u00e9faite).<\/p>\n<p><strong>Lire aussi\u00a0:<\/strong>\u00a0<a href=\"https:\/\/granville.maville.com\/sport\/detail_-loire-atlantique-les-nombreuses-absences-nous-ont-soudes-objectif-finale-de-l-euro-pour-lepenant-et-les-espoirs-_52665-6870398_actu.Htm\" target=\"_blank\" rel=\"noopener\">\u00ab\u00a0Les nombreuses absences nous ont soud\u00e9s\u00a0\u00bb\u00a0: objectif finale de l\u2019Euro pour Lepenant et les Espoirs<\/a><\/p>\n<p>\u00c0 quelle heure suivre la finale entre l\u2019Angleterre et l\u2019Allemagne\u00a0?<\/p>\n<p>Le coup d\u2019envoi de la finale entre l\u2019Angleterre et l\u2019Allemagne sera donn\u00e9 \u00e0 21\u00a0h ce samedi 28\u00a0juin 2025, \u00e0\u00a0Bratislava.<\/p>\n<p>Sur quelle cha\u00eene suivre la finale entre l\u2019Angleterre et l\u2019Allemagne\u00a0?<\/p>\n<p>La finale entre l\u2019Angleterre et l\u2019Allemagne sera \u00e0 suivre sur BeIN Sports.<\/p>\n<p>\u00a0<\/p>\n","protected":false},"excerpt":{"rendered":"La couronne europ\u00e9enne va-t-elle changer de pays \u00e0 l\u2019issue de la finale de l\u2019Euro Espoirs\u00a0? \u00c0\u00a0Bratislava (Slovaquie), les&hellip;\n","protected":false},"author":2,"featured_media":211275,"comment_status":"","ping_status":"","sticky":false,"template":"","format":"standard","meta":{"footnotes":""},"categories":[1587],"tags":[1111,11,672,3809,1465,1804,1805,1803,1777,674,63,1801,1792,1922,12,584,1802,479,517,1470],"class_list":{"0":"post-211274","1":"post","2":"type-post","3":"status-publish","4":"format-standard","5":"has-post-thumbnail","7":"category-allemagne","8":"tag-actu","9":"tag-actualites","10":"tag-allemagne","11":"tag-ball","12":"tag-basket","13":"tag-bundesrepublik-deutschland","14":"tag-de","15":"tag-deutschland","16":"tag-eu","17":"tag-europe","18":"tag-football","19":"tag-germany","20":"tag-handball","21":"tag-info","22":"tag-news","23":"tag-rennes","24":"tag-republique-federale-dallemagne","25":"tag-rugby","26":"tag-sport","27":"tag-volley"},"share_on_mastodon":{"url":"","error":""},"_links":{"self":[{"href":"https:\/\/www.europesays.com\/fr\/wp-json\/wp\/v2\/posts\/211274","targetHints":{"allow":["GET"]}}],"collection":[{"href":"https:\/\/www.europesays.com\/fr\/wp-json\/wp\/v2\/posts"}],"about":[{"href":"https:\/\/www.europesays.com\/fr\/wp-json\/wp\/v2\/types\/post"}],"author":[{"embeddable":true,"href":"https:\/\/www.europesays.com\/fr\/wp-json\/wp\/v2\/users\/2"}],"replies":[{"embeddable":true,"href":"https:\/\/www.europesays.com\/fr\/wp-json\/wp\/v2\/comments?post=211274"}],"version-history":[{"count":0,"href":"https:\/\/www.europesays.com\/fr\/wp-json\/wp\/v2\/posts\/211274\/revisions"}],"wp:featuredmedia":[{"embeddable":true,"href":"https:\/\/www.europesays.com\/fr\/wp-json\/wp\/v2\/media\/211275"}],"wp:attachment":[{"href":"https:\/\/www.europesays.com\/fr\/wp-json\/wp\/v2\/media?parent=211274"}],"wp:term":[{"taxonomy":"category","embeddable":true,"href":"https:\/\/www.europesays.com\/fr\/wp-json\/wp\/v2\/categories?post=211274"},{"taxonomy":"post_tag","embeddable":true,"href":"https:\/\/www.europesays.com\/fr\/wp-json\/wp\/v2\/tags?post=211274"}],"curies":[{"name":"wp","href":"https:\/\/api.w.org\/{rel}","templated":true}]}}