{"id":211276,"date":"2025-06-28T16:08:14","date_gmt":"2025-06-28T16:08:14","guid":{"rendered":"https:\/\/www.europesays.com\/fr\/211276\/"},"modified":"2025-06-28T16:08:14","modified_gmt":"2025-06-28T16:08:14","slug":"dans-les-yvelines-un-institut-unique-en-europe-sera-bientot-dedie-a-la-sante-mentale-des-adolescents","status":"publish","type":"post","link":"https:\/\/www.europesays.com\/fr\/211276\/","title":{"rendered":"Dans les Yvelines, un institut unique en Europe sera bient\u00f4t d\u00e9di\u00e9 \u00e0 la sant\u00e9 mentale des adolescents"},"content":{"rendered":"<p>            Par<br \/>\n        <strong><br \/>\n            <a href=\"https:\/\/actu.fr\/auteur\/a-marque\" title=\"Consulter tous les articles de Alexandre Marque\" target=\"_blank\" rel=\"noopener\">Alexandre Marque<\/a><br \/>\n        <\/strong><\/p>\n<p>        Publi\u00e9 le<\/p>\n<p>            28 juin 2025 \u00e0 17h16        <\/p>\n<p data-end=\"459\">D\u00e9scolarisation, harc\u00e8lement, pens\u00e9es suicidaires, automutilations\u2026 Face \u00e0 l\u2019augmentation des troubles psychiques chez les jeunes, une nouvelle <b>structure d\u00e9di\u00e9e \u00e0 la sant\u00e9 mentale<\/b> et la cr\u00e9ativit\u00e9 des adolescents va voir le jour dans les mois \u00e0 venir \u00e0 Saint-Quentin-en-Yvelines, Incub\u2019Ado. Un projet in\u00e9dit en France et en Europe.<\/p>\n<p>Formation, recherche, innovation<\/p>\n<p data-end=\"530\" class=\" wall-content\">\u00ab\u2009Il y a tout un tas de dispositifs autour de la sant\u00e9 mentale des adolescents sur le territoire mais il n\u2019y a <b>pas de structure<\/b> qui les f\u00e9d\u00e8re\u2009\u00bb, constate le professeur Ludovic Gicquel, chef du p\u00f4le de psychiatrie de l\u2019enfant et de l\u2019adolescent au centre hospitalier Laborit \u00e0 Poitiers (Vienne) et pr\u00e9sident-fondateur de l\u2019association Incub\u2019Ado.<\/p>\n<p data-end=\"819\" class=\" wall-content\">Parmi ses missions, Incub\u2019Ado proposera une <b>offre de formations<\/b> pr\u00e9sentielles et num\u00e9riques \u00e0 destination des professionnels de sant\u00e9, de l\u2019\u00c9ducation nationale et du m\u00e9dico-social. Ces programmes traiteront par exemple de la pr\u00e9vention du suicide, du harc\u00e8lement ou bien de l\u2019impact du num\u00e9rique.<\/p>\n<p class=\" wall-content\">La structure facilitera \u00e9galement les <b>projets de recherche<\/b>.<\/p>\n<p class=\" wall-content\">Enfin, le lieu se donne comme ambition d\u2019\u00eatre un <b>laboratoire d\u2019innovation<\/b>. L\u2019entit\u00e9 accompagnera ainsi des projets innovants port\u00e9s par des professionnels ou des adolescents.<\/p>\n<p>Vid\u00e9os : en ce moment sur ActuIncub\u2019Ado lanc\u00e9 fin 2025-d\u00e9but 2026<\/p>\n<p class=\" wall-content\">Incub\u2019Ado sera implant\u00e9 au sein de l\u2019agglom\u00e9ration de Saint-Quentin-en-Yvelines, dans <b>un lieu de 1\u2009000\u00a0m2<\/b> encore \u00e0 d\u00e9terminer.<\/p>\n<blockquote class=\"ac-article-quote wall-content\">\n<p>\u00ab\u2009Avec ses 17\u2009000 entreprises, Saint-Quentin-en-Yvelines est un creuset au sein duquel on va pouvoir faire \u00e9merger des projets\u2009\u00bb<\/p>\n<p>Le professeur Ludovic Gicquel, pr\u00e9sident d\u2019Incub\u2019Ado<\/p><\/blockquote>\n<p class=\" wall-content\">Ce site regroupera un p\u00f4le de recherche, un centre de ressources, un espace de formation et un d\u2019exp\u00e9rimentation. \u00ab\u2009Ce ne sera <b>pas une structure d\u2019accueil<\/b> des adolescents commune une MDA (Maison des adolescents)\u2009\u00bb, pr\u00e9vient le professeur.<\/p>\n<p>    <img   decoding=\"async\" loading=\"lazy\" class=\"size-large\" src=\"https:\/\/www.europesays.com\/fr\/wp-content\/uploads\/2025\/06\/92fd63499e58666fd63499e582afd6v-960x640.jpg\" alt=\"Incub'Ado\" width=\"960\" height=\"640\"\/><br \/>\n    Le professeur Ludovic Gicquel a lanc\u00e9 officiellement Incub\u2019Ado, mardi 17 juin 2025, lors d\u2019une r\u00e9union \u00e0 l\u2019Institut de promotion de la sant\u00e9 \u00e0 Trappes (Yvelines). \u00a9Alexandre MARQU\u00c9<\/p>\n<p class=\" wall-content\">Ancr\u00e9 localement dans les Yvelines, Incub\u2019Ado entend \u00e0 terme \u00ab<b>\u2009irradier <\/b>sur l\u2019ensemble du territoire national\u2009\u00bb.<\/p>\n<p class=\" wall-content\">Le recrutement des \u00e9quipes d\u00e9marrera au cours du second semestre 2025. Les <b>premi\u00e8res rencontres<\/b> d\u2019Incub\u2019Ado se tiendront en octobre prochain dans les Yvelines et r\u00e9uniront des professionnels du secteur afin de d\u00e9finir les grandes lignes du projet. \u00ab\u2009Incub\u2019Ado devrait pouvoir \u00eatre op\u00e9rationnel fin 2025-d\u00e9but 2026\u2009\u00bb, estime Ludovic Gicquel.<\/p>\n<p>Renseignements : <a href=\"https:\/\/actu.fr\/cdn-cgi\/l\/email-protection\" class=\"__cf_email__\" data-cfemail=\"ef838e9b8a8e82af86818c9a8d8e8b80c1899d\" target=\"_blank\" rel=\"noopener\">[email\u00a0protected]<\/a><\/p>\n<p class=\" wall-content\">Suivez toute l\u2019actualit\u00e9 de vos villes et m\u00e9dias favoris en vous inscrivant \u00e0 <a href=\"https:\/\/moncompte.actu.fr\" title=\"D\u00e9couvez Mon Actu\" rel=\"nofollow noopener\" data-trk=\"{&quot;cta&quot;:{&quot;action&quot;:&quot;https:\\\/\\\/moncompte.actu.fr&quot;,&quot;category&quot;:&quot;mon compte&quot;,&quot;from&quot;:&quot;article footer&quot;,&quot;name&quot;:&quot;Mon actu&quot;,&quot;type&quot;:&quot;cta&quot;}}\" target=\"_blank\">Mon Actu<\/a>.<\/p>\n<ul class=\"ac-article-tag wall-content\">\n<li><a href=\"https:\/\/actu.fr\/tag\/harcelement-scolaire\" data-trk=\"{&quot;cta&quot;:{&quot;action&quot;:&quot;Harc\\u00e8lement scolaire&quot;,&quot;category&quot;:&quot;tag&quot;,&quot;from&quot;:&quot;article footer&quot;,&quot;name&quot;:&quot;Harc\\u00e8lement scolaire&quot;,&quot;type&quot;:&quot;cta&quot;}}\" target=\"_blank\" rel=\"noopener\">#Harc\u00e8lement scolaire<\/a><\/li>\n<li><a href=\"https:\/\/actu.fr\/tag\/sante\" data-trk=\"{&quot;cta&quot;:{&quot;action&quot;:&quot;Sant\\u00e9&quot;,&quot;category&quot;:&quot;tag&quot;,&quot;from&quot;:&quot;article footer&quot;,&quot;name&quot;:&quot;Sant\\u00e9&quot;,&quot;type&quot;:&quot;cta&quot;}}\" target=\"_blank\" rel=\"noopener\">#Sant\u00e9<\/a><\/li>\n<\/ul>\n","protected":false},"excerpt":{"rendered":"Par Alexandre Marque Publi\u00e9 le 28 juin 2025 \u00e0 17h16 D\u00e9scolarisation, harc\u00e8lement, pens\u00e9es suicidaires, automutilations\u2026 Face \u00e0 l\u2019augmentation&hellip;\n","protected":false},"author":2,"featured_media":211277,"comment_status":"","ping_status":"","sticky":false,"template":"","format":"standard","meta":{"footnotes":""},"categories":[1586],"tags":[11,1777,674,1011,27,17930,12,25,71,104],"class_list":{"0":"post-211276","1":"post","2":"type-post","3":"status-publish","4":"format-standard","5":"has-post-thumbnail","7":"category-europe","8":"tag-actualites","9":"tag-eu","10":"tag-europe","11":"tag-fr","12":"tag-france","13":"tag-harcelement-scolaire","14":"tag-news","15":"tag-republique-francaise","16":"tag-sante","17":"tag-societe"},"share_on_mastodon":{"url":"","error":""},"_links":{"self":[{"href":"https:\/\/www.europesays.com\/fr\/wp-json\/wp\/v2\/posts\/211276","targetHints":{"allow":["GET"]}}],"collection":[{"href":"https:\/\/www.europesays.com\/fr\/wp-json\/wp\/v2\/posts"}],"about":[{"href":"https:\/\/www.europesays.com\/fr\/wp-json\/wp\/v2\/types\/post"}],"author":[{"embeddable":true,"href":"https:\/\/www.europesays.com\/fr\/wp-json\/wp\/v2\/users\/2"}],"replies":[{"embeddable":true,"href":"https:\/\/www.europesays.com\/fr\/wp-json\/wp\/v2\/comments?post=211276"}],"version-history":[{"count":0,"href":"https:\/\/www.europesays.com\/fr\/wp-json\/wp\/v2\/posts\/211276\/revisions"}],"wp:featuredmedia":[{"embeddable":true,"href":"https:\/\/www.europesays.com\/fr\/wp-json\/wp\/v2\/media\/211277"}],"wp:attachment":[{"href":"https:\/\/www.europesays.com\/fr\/wp-json\/wp\/v2\/media?parent=211276"}],"wp:term":[{"taxonomy":"category","embeddable":true,"href":"https:\/\/www.europesays.com\/fr\/wp-json\/wp\/v2\/categories?post=211276"},{"taxonomy":"post_tag","embeddable":true,"href":"https:\/\/www.europesays.com\/fr\/wp-json\/wp\/v2\/tags?post=211276"}],"curies":[{"name":"wp","href":"https:\/\/api.w.org\/{rel}","templated":true}]}}