{"id":211286,"date":"2025-06-28T16:13:11","date_gmt":"2025-06-28T16:13:11","guid":{"rendered":"https:\/\/www.europesays.com\/fr\/211286\/"},"modified":"2025-06-28T16:13:11","modified_gmt":"2025-06-28T16:13:11","slug":"martin-couvra-seul-leader-en-italie-devant-adrien-saddier-record-du-parcours-pour-clement-sordet","status":"publish","type":"post","link":"https:\/\/www.europesays.com\/fr\/211286\/","title":{"rendered":"Martin Couvra, seul leader en Italie devant Adrien Saddier. Record du parcours pour Cl\u00e9ment Sordet !"},"content":{"rendered":"<p>\t\t\t\t\t\t<img width=\"770\" height=\"556\" src=\"https:\/\/www.europesays.com\/fr\/wp-content\/uploads\/2025\/06\/martincouvraturquie-770x556.jpeg\" class=\"img-responsive wp-post-image\" alt=\"\" decoding=\"async\" fetchpriority=\"high\"  \/>\t\t\t\t\t<\/p>\n<p>\t\t\t\t\t\t Partager cet article <\/p>\n<p class=\"screen-reader-text juiz_sps_maybe_hidden_text\">Partager la publication \u00ab\u00a0Martin Couvra, seul leader en Italie devant Adrien Saddier. Record du parcours pour Cl\u00e9ment Sordet !\u00a0\u00bb<\/p>\n<p><strong>Feu d\u2019artifice tricolore en Toscane sur l\u2019Argentario Golf Club ! Martin Couvra, 67 (-3) ce samedi, pointe en t\u00eate de l\u2019Italian Open \u00e0 -11 (199) devant Adrien Saddier, deuxi\u00e8me ex aequo \u00e0 -10 (200) avec l\u2019Espagnol Eugenio Chacarra. Cl\u00e9ment Sordet, sixi\u00e8me \u00e0 -8 (202), s\u2019offre quant \u00e0 lui un \u00e9norme 62 (-8), nouveau record du parcours !\u00a0<\/strong><\/p>\n<p>\u00a0<\/p>\n<p>(Plus d\u2019informations \u00e0 suivre\u2026)<\/p>\n<p>\u00a0<\/p>\n<p>Le leaderboard<\/p>\n<p><img loading=\"lazy\" decoding=\"async\" class=\"alignnone wp-image-177862 size-large\" src=\"data:image\/svg+xml,%3Csvg%20xmlns=\" http:=\"\" alt=\"\" width=\"770\" height=\"468\" data-lazy- data-lazy- data-lazy-src=\"https:\/\/www.europesays.com\/fr\/wp-content\/uploads\/2025\/06\/capture1dp-2-770x468.jpg\"\/><\/p>\n<p>\u00a0<\/p>\n<p>Le leaderboard des autres Fran\u00e7ais\u00a0<\/p>\n<p><img loading=\"lazy\" decoding=\"async\" class=\"alignnone wp-image-177863 size-large\" src=\"data:image\/svg+xml,%3Csvg%20xmlns=\" http:=\"\" alt=\"\" width=\"770\" height=\"558\" data-lazy- data-lazy- data-lazy-src=\"https:\/\/www.europesays.com\/fr\/wp-content\/uploads\/2025\/06\/capture2dp-2-770x558.jpg\"\/><\/p>\n<p>\u00a0<\/p>\n<p>Photo : Getty Images<\/p>\n","protected":false},"excerpt":{"rendered":"Partager cet article Partager la publication \u00ab\u00a0Martin Couvra, seul leader en Italie devant Adrien Saddier. Record du parcours&hellip;\n","protected":false},"author":2,"featured_media":211287,"comment_status":"","ping_status":"","sticky":false,"template":"","format":"standard","meta":{"footnotes":""},"categories":[1418],"tags":[1011,27,1472,60],"class_list":{"0":"post-211286","1":"post","2":"type-post","3":"status-publish","4":"format-standard","5":"has-post-thumbnail","7":"category-golf","8":"tag-fr","9":"tag-france","10":"tag-golf","11":"tag-sports"},"share_on_mastodon":{"url":"","error":""},"_links":{"self":[{"href":"https:\/\/www.europesays.com\/fr\/wp-json\/wp\/v2\/posts\/211286","targetHints":{"allow":["GET"]}}],"collection":[{"href":"https:\/\/www.europesays.com\/fr\/wp-json\/wp\/v2\/posts"}],"about":[{"href":"https:\/\/www.europesays.com\/fr\/wp-json\/wp\/v2\/types\/post"}],"author":[{"embeddable":true,"href":"https:\/\/www.europesays.com\/fr\/wp-json\/wp\/v2\/users\/2"}],"replies":[{"embeddable":true,"href":"https:\/\/www.europesays.com\/fr\/wp-json\/wp\/v2\/comments?post=211286"}],"version-history":[{"count":0,"href":"https:\/\/www.europesays.com\/fr\/wp-json\/wp\/v2\/posts\/211286\/revisions"}],"wp:featuredmedia":[{"embeddable":true,"href":"https:\/\/www.europesays.com\/fr\/wp-json\/wp\/v2\/media\/211287"}],"wp:attachment":[{"href":"https:\/\/www.europesays.com\/fr\/wp-json\/wp\/v2\/media?parent=211286"}],"wp:term":[{"taxonomy":"category","embeddable":true,"href":"https:\/\/www.europesays.com\/fr\/wp-json\/wp\/v2\/categories?post=211286"},{"taxonomy":"post_tag","embeddable":true,"href":"https:\/\/www.europesays.com\/fr\/wp-json\/wp\/v2\/tags?post=211286"}],"curies":[{"name":"wp","href":"https:\/\/api.w.org\/{rel}","templated":true}]}}