{"id":211288,"date":"2025-06-28T16:14:05","date_gmt":"2025-06-28T16:14:05","guid":{"rendered":"https:\/\/www.europesays.com\/fr\/211288\/"},"modified":"2025-06-28T16:14:05","modified_gmt":"2025-06-28T16:14:05","slug":"volleyball-apres-leur-defaite-contre-le-japon-les-bleus-se-relevent-en-infligeant-une-claque-a-la-slovenie-3-0-eurosport","status":"publish","type":"post","link":"https:\/\/www.europesays.com\/fr\/211288\/","title":{"rendered":"Volleyball : Apr\u00e8s leur d\u00e9faite contre le Japon, les Bleus se rel\u00e8vent en infligeant une claque \u00e0 la Slov\u00e9nie (3-0) &#8211; Eurosport"},"content":{"rendered":"<ol>\n<li><a href=\"https:\/\/news.google.com\/rss\/articles\/CBMi_wFBVV95cUxNT0hIQWJ3OWNUVEVfMTVMT0pwR0FkY290LXhvN3hLbXNTX0k5WVBFaklaa2wxaXhrNzV3SklXY2tzTG9YUkNwTUdPUDFpdXVhaEp4WkY3ZWk1a3pHdFZfelprYnpBSTdPNnFOallnS3V4NERnVEhxdmU5eG1IQnpqLVE3OVBzdFpDeEJyNUJLandrU0pISnhyWVRrbDVqYTRxSHA2Z3NSOTk0VXNUaDlIbDhFU2RIdkE3VlJ3bHRoeEY5Q0hPVEVqaHVlQURpNktsVGh3eTZnM25sVnFSd3kzTlRia2tBUTBid3U2WkticXdaT3p1UUlCX1JlYnFiN0E?oc=5\" target=\"_blank\" rel=\"nofollow noopener\">Volleyball : Apr\u00e8s leur d\u00e9faite contre le Japon, les Bleus se rel\u00e8vent en infligeant une claque \u00e0 la Slov\u00e9nie (3-0)<\/a>&nbsp;&nbsp;Eurosport<\/li>\n<li><a href=\"https:\/\/news.google.com\/rss\/articles\/CBMivgFBVV95cUxNRWJBa0dUUWxGX2hCSGdJY1lRZWNWMU05aFZJaVdqTlZqU2pYcktSMWM0LVkyWHRZYkZXM2dfay1WanlOeGxBVThGX21BeG1sZExHX3JmXzZzd0JadDJ0ZnFJQ0Z4d2ZnYVVsRlVEeEppVzEtUnBaOXhNSDBfT29FVFUtQ0hWQ0tpVWVqc3kzY01SYTN2aC1nWnBkVmZ2LVZud1Rncl9obm1mazhVczQxSlJMekg4Y2s4S0dEbDFB?oc=5\" target=\"_blank\" rel=\"nofollow noopener\">L&rsquo;\u00e9quipe de France s&rsquo;impose face \u00e0 la Slov\u00e9nie en Ligue des nations<\/a>&nbsp;&nbsp;L&rsquo;\u00c9quipe<\/li>\n<li><a href=\"https:\/\/news.google.com\/rss\/articles\/CBMilgJBVV95cUxOWmhYUXlLZExXUmNfYzJvemppTzkySHp0STNRTVpPeVRNYl9IM2wza1VzMTl3d28yeGJUbHp0QUZqS3lBbEEtaWdwWVQtaUtkY2ltblVXei1qOGlLeHREUklUajJiUHRpY1RuUm9TM21aZDhPcmU4WW1HMDVCSUc3TmZQY29lR0VFSVFmS3cwYy1ZR29yLUZvWlZqWXgwTkVWNFBfNHNwRExFdDJVNHdibnpiendXYUZmNzBDY0NKMlRLM0ltNTlZSjFBRTV6d3lQVWd2SW1YdHRzMDFOWXRLQVloM0UySHotZkNJZWlSdE5vMlhyYUZGT1VCaWVLc1RNLTdVVkhMa3ZEMFp4LUZBcEtZV1J3UQ?oc=5\" target=\"_blank\" rel=\"nofollow noopener\">Turquie &#8211; France. \u00c0 quelle heure et sur quelle cha\u00eene voir le match Ligue des nations de volley ?<\/a>&nbsp;&nbsp;Ouest-France<\/li>\n<li><a href=\"https:\/\/news.google.com\/rss\/articles\/CBMi_wFBVV95cUxQVEJkZC1OanYyRGhyVDJaVDE3dk15Zy1kcVl3M3VaZVlNcGx4LUotUkx2RlBvamtaN3RwSWxCcFk0Z3BsWVdqWDZVOEhGUkJBLWtfemY4WmRlVUpIU1hUUGZuV1l1VlBHZW1obVc5RmJpeGgzdWh6WC1qRDZ6emVHLWQ0RTFnQW9jclloUnU4V2FKN2ItVTBmR1RmYmNKczY3ZGtFZHdnWlFFbGI0cmdJNjVfZFpvanhRVlJRbm5ySkVmRUd2YTlBR3J3MTNFNjZnRUdmRElyUjRzamVteHRVeUdhREszcFRlLWYyRHc4RkRUa3F5ZEVnX2d6Nks3MVk?oc=5\" target=\"_blank\" rel=\"nofollow noopener\">Giani : \u00ab L&rsquo;important est d&rsquo;avoir confiance dans notre syst\u00e8me de jeu \u00bb &#8211; Volley &#8211; Ligue des Nations &#8211; France<\/a>&nbsp;&nbsp;Orange Actualit\u00e9s | Sports<\/li>\n<li><a href=\"https:\/\/news.google.com\/rss\/articles\/CBMiywFBVV95cUxNX1I4bkxMdGlBSVByT2pMeDVYSWRSYlhBZ3hLYTNvdWRnUlQxM2hFN0EtaHNNSHBsRUdFTnNGUnFjNGpJNzFZNjJOSE51NV9uMm9nOGp3ZlhsSi1NMldqQmllZUJBSDVwTmFpS21UcVhPbVpTcW9jUEhTNURIR0ljU2phNW41Z1pzZk9UQjFGYTNSeUY4a3M3c2hlRzdLQm9YZEZJa1NvVWlTa1VRYlA1Sk5Falg5SVU4M3pscm1nY1RWV1ByMWhPY1EyOA?oc=5\" target=\"_blank\" rel=\"nofollow noopener\">Volley : les Bleus retrouvent le succ\u00e8s contre la Slov\u00e9nie en Ligue des nations<\/a>&nbsp;&nbsp;Le Figaro<\/li>\n<\/ol>\n","protected":false},"excerpt":{"rendered":"Volleyball : Apr\u00e8s leur d\u00e9faite contre le Japon, les Bleus se rel\u00e8vent en infligeant une claque \u00e0 la&hellip;\n","protected":false},"author":2,"featured_media":1445,"comment_status":"","ping_status":"","sticky":false,"template":"","format":"standard","meta":{"footnotes":""},"categories":[1417],"tags":[1011,27,60,1470,1469],"class_list":{"0":"post-211288","1":"post","2":"type-post","3":"status-publish","4":"format-standard","5":"has-post-thumbnail","7":"category-volley","8":"tag-fr","9":"tag-france","10":"tag-sports","11":"tag-volley","12":"tag-volleyball"},"share_on_mastodon":{"url":"","error":""},"_links":{"self":[{"href":"https:\/\/www.europesays.com\/fr\/wp-json\/wp\/v2\/posts\/211288","targetHints":{"allow":["GET"]}}],"collection":[{"href":"https:\/\/www.europesays.com\/fr\/wp-json\/wp\/v2\/posts"}],"about":[{"href":"https:\/\/www.europesays.com\/fr\/wp-json\/wp\/v2\/types\/post"}],"author":[{"embeddable":true,"href":"https:\/\/www.europesays.com\/fr\/wp-json\/wp\/v2\/users\/2"}],"replies":[{"embeddable":true,"href":"https:\/\/www.europesays.com\/fr\/wp-json\/wp\/v2\/comments?post=211288"}],"version-history":[{"count":0,"href":"https:\/\/www.europesays.com\/fr\/wp-json\/wp\/v2\/posts\/211288\/revisions"}],"wp:featuredmedia":[{"embeddable":true,"href":"https:\/\/www.europesays.com\/fr\/wp-json\/wp\/v2\/media\/1445"}],"wp:attachment":[{"href":"https:\/\/www.europesays.com\/fr\/wp-json\/wp\/v2\/media?parent=211288"}],"wp:term":[{"taxonomy":"category","embeddable":true,"href":"https:\/\/www.europesays.com\/fr\/wp-json\/wp\/v2\/categories?post=211288"},{"taxonomy":"post_tag","embeddable":true,"href":"https:\/\/www.europesays.com\/fr\/wp-json\/wp\/v2\/tags?post=211288"}],"curies":[{"name":"wp","href":"https:\/\/api.w.org\/{rel}","templated":true}]}}