{"id":211289,"date":"2025-06-28T16:15:12","date_gmt":"2025-06-28T16:15:12","guid":{"rendered":"https:\/\/www.europesays.com\/fr\/211289\/"},"modified":"2025-06-28T16:15:12","modified_gmt":"2025-06-28T16:15:12","slug":"avant-la-finale-mola-avoue-avoir-ete-surpris-par-lun-de-ses-joueurs","status":"publish","type":"post","link":"https:\/\/www.europesays.com\/fr\/211289\/","title":{"rendered":"avant la finale, Mola avoue avoir \u00e9t\u00e9 surpris par l\u2019un de ses joueurs"},"content":{"rendered":"<p>Sa saison a pris un virage inattendu. Habitu\u00e9 \u00e0 un r\u00f4le de doublure lors des matchs cl\u00e9s derri\u00e8re l\u2019ind\u00e9boulonnable Antoine Dupont, Paul Graou a pris une tout autre dimension ces derniers mois. Son ami et concurrent s\u2019est gravement bless\u00e9 au genou, voyant sa saison prendre fin en janvier dernier avec le XV de France.<\/p>\n<p>\u00ab\u00a0Il a les qualit\u00e9s pour relever le d\u00e9fi\u00a0\u00bb<\/p>\n<p>Forc\u00e9ment, l\u2019ancien montalbanais a \u00e9t\u00e9 propuls\u00e9 sur le devant de la sc\u00e8ne et doit d\u00e9sormais s\u2019occuper de l\u2019animation toulousaine en compagnie de Romain Ntamack. Avant la finale face \u00e0 l\u2019Union Bordeaux-B\u00e8gles, Graou a pu compter sur le soutien d\u2019Ugo Mola, impressionn\u00e9 par la mont\u00e9e en puissance de son demi de m\u00eal\u00e9e.<\/p>\n<blockquote>\n<p>\u00ab\u00a0Non, je pense que\u00a0Paul a montr\u00e9 un petit peu \u00e0 tout le monde tout le bien qu\u2019on pouvait penser de lui\u00a0dans les moments cl\u00e9s. Maxime Lucu a v\u00e9cu aussi cette situation dans l\u2019ombre d\u2019Antoine au niveau international. Ce sont des gar\u00e7ons qui se ressemblent dans leur cheminement et leur capacit\u00e9 \u00e0 exceller. Ce sont des gar\u00e7ons qui ont un processus un peu diff\u00e9rent. On parle beaucoup de LBB \u00e0 Bordeaux, mais le joueur essentiel de l\u2019UBB, c\u2019est tr\u00e8s certainement Maxime Lucu, peut-\u00eatre l\u2019un des meilleurs joueurs du championnat sur cette saison. Paul aura donc fort \u00e0 faire, mais il a les qualit\u00e9s pour relever le d\u00e9fi. Il a une marge de progression assez \u00e9tonnante. C\u2019est un gar\u00e7on qui a pris un chemin diff\u00e9rent. Le fait d\u2019\u00eatre ing\u00e9nieur, le fait de basculer sur le rugby un peu plus tardivement, c\u2019est tout \u00e0 son honneur. Parfois, il manque un peu de passif de haut niveau, mais aujourd\u2019hui nous nous sommes ravis d\u2019avoir Paul et m\u00eame ravis de la performance qu\u2019il a pu faire la semaine derni\u00e8re tant elle \u00e9tait ma\u00eetris\u00e9e et appliqu\u00e9e. Il a r\u00e9pondu \u00e0 nos attentes.\u00a0\u00bb<\/p>\n<\/blockquote>\n<p>Partagez cette info avec vos amis et vos proches en cliquant ici<br \/>Pour r\u00e9sumer<\/p>\n<p>Ugo Mola a soulign\u00e9 la progression et l\u2019importance prise par un joueur au sein de l\u2019effectif du Stade Toulousain. Il aura encore de grandes responsabilit\u00e9s ce samedi soir face \u00e0 l\u2019Union Bordeaux-B\u00e8gles en finale du Top 14.<\/p>\n<p> <img decoding=\"async\" width=\"76\" height=\"76\" loading=\"lazy\" src=\"https:\/\/www.europesays.com\/fr\/wp-content\/uploads\/2025\/04\/avatar-quinze.png\" alt=\"Arnaud D\u00e9chelotte\"\/><\/p>\n","protected":false},"excerpt":{"rendered":"Sa saison a pris un virage inattendu. Habitu\u00e9 \u00e0 un r\u00f4le de doublure lors des matchs cl\u00e9s derri\u00e8re&hellip;\n","protected":false},"author":2,"featured_media":211290,"comment_status":"","ping_status":"","sticky":false,"template":"","format":"standard","meta":{"footnotes":""},"categories":[1416],"tags":[1011,27,479,1468,60],"class_list":{"0":"post-211289","1":"post","2":"type-post","3":"status-publish","4":"format-standard","5":"has-post-thumbnail","7":"category-rugby","8":"tag-fr","9":"tag-france","10":"tag-rugby","11":"tag-rugby-football","12":"tag-sports"},"share_on_mastodon":{"url":"","error":""},"_links":{"self":[{"href":"https:\/\/www.europesays.com\/fr\/wp-json\/wp\/v2\/posts\/211289","targetHints":{"allow":["GET"]}}],"collection":[{"href":"https:\/\/www.europesays.com\/fr\/wp-json\/wp\/v2\/posts"}],"about":[{"href":"https:\/\/www.europesays.com\/fr\/wp-json\/wp\/v2\/types\/post"}],"author":[{"embeddable":true,"href":"https:\/\/www.europesays.com\/fr\/wp-json\/wp\/v2\/users\/2"}],"replies":[{"embeddable":true,"href":"https:\/\/www.europesays.com\/fr\/wp-json\/wp\/v2\/comments?post=211289"}],"version-history":[{"count":0,"href":"https:\/\/www.europesays.com\/fr\/wp-json\/wp\/v2\/posts\/211289\/revisions"}],"wp:featuredmedia":[{"embeddable":true,"href":"https:\/\/www.europesays.com\/fr\/wp-json\/wp\/v2\/media\/211290"}],"wp:attachment":[{"href":"https:\/\/www.europesays.com\/fr\/wp-json\/wp\/v2\/media?parent=211289"}],"wp:term":[{"taxonomy":"category","embeddable":true,"href":"https:\/\/www.europesays.com\/fr\/wp-json\/wp\/v2\/categories?post=211289"},{"taxonomy":"post_tag","embeddable":true,"href":"https:\/\/www.europesays.com\/fr\/wp-json\/wp\/v2\/tags?post=211289"}],"curies":[{"name":"wp","href":"https:\/\/api.w.org\/{rel}","templated":true}]}}