{"id":211293,"date":"2025-06-28T16:18:08","date_gmt":"2025-06-28T16:18:08","guid":{"rendered":"https:\/\/www.europesays.com\/fr\/211293\/"},"modified":"2025-06-28T16:18:08","modified_gmt":"2025-06-28T16:18:08","slug":"mantovani-et-zaccone-sillustrent-a-la-cathedrale","status":"publish","type":"post","link":"https:\/\/www.europesays.com\/fr\/211293\/","title":{"rendered":"Mantovani et Zaccone s&rsquo;illustrent \u00e0 la Cath\u00e9drale"},"content":{"rendered":"<p>Apr\u00e8s sept semaines de coupure, le Championnat du Monde FIM MotoE\u2122 faisait son retour ce week-end \u00e0 Assen ! Profite ci-dessous GRATUITEMENT des deux courses aux Pays-Bas qui ont vu Andrea Mantovani (Klint Forward Team) et Alessandro Zaccone (Aruba Cloud MotoE\u2122 Team) trouver le chemin de la victoire.<\/p>\n<p>\n                                Andrea Mantovani, Alessandro Zaccone, Motul Grand Prix of the Netherlands\n                        <\/p>\n<p>\n                                Andrea Mantovani, Klint Forward Factory Team, Motul Grand Prix of the Netherlands\n                        <\/p>\n<p>\n                                Jordi Torres, Power Electronics Aspar Team, Motul Grand Prix of the Netherlands\n                        <\/p>\n<p>\n                                Alessandro Zaccone, Aruba Cloud MotoE\u2122 Team, Motul Grand Prix of the Netherlands\n                        <\/p>\n<p>\n                                Alessandro Zaccone, Aruba Cloud MotoE\u2122 Team, Motul Grand Prix of the Netherlands\n                        <\/p>\n<p>\n                                Alessandro Zaccone, Aruba Cloud MotoE\u2122 Team, Motul Grand Prix of the Netherlands\n                        <\/p>\n<p>\n                                Jordi Torres, Power Electronics Aspar Team, Motul Grand Prix of the Netherlands\n                        <\/p>\n<p>\n                                Andrea Mantovani, Klint Forward Factory Team, Motul Grand Prix of the Netherlands\n                        <\/p>\n<p>\n                                Jordi Torres, Power Electronics Aspar Team, Motul Grand Prix of the Netherlands\n                        <\/p>\n<p>\n                                Alessandro Zaccone, Aruba Cloud MotoE\u2122 Team, Motul Grand Prix of the Netherlands\n                        <\/p>\n<p>\n                                Lorenzo Baldassarri, Dynavolt Intact GP, Motul Grand Prix of the Netherlands\n                        <\/p>\n<p>\n                                Alessandro Zaccone, Aruba Cloud MotoE\u2122 Team, Motul Grand Prix of the Netherlands\n                        <\/p>\n<p>\n                                Lorenzo Baldassarri, Dynavolt Intact GP, Motul Grand Prix of the Netherlands\n                        <\/p>\n<p>\n                                Alessandro Zaccone, Aruba Cloud MotoE\u2122 Team, Motul Grand Prix of the Netherlands\n                        <\/p>\n<p>\n                                Andrea Mantovani, Klint Forward Factory Team, Motul Grand Prix of the Netherlands\n                        <\/p>\n<p>\n                                Alessandro Zaccone, Aruba Cloud MotoE\u2122 Team, Motul Grand Prix of the Netherlands\n                        <\/p>\n<p>\n                                Alessandro Zaccone, Aruba Cloud MotoE\u2122 Team, Motul Grand Prix of the Netherlands\n                        <\/p>\n<p>\n                                Alessandro Zaccone, Aruba Cloud MotoE\u2122 Team, Motul Grand Prix of the Netherlands\n                        <\/p>\n<p>\n                                MotoE\u2122, Race 2 Podium , Motul Grand Prix of the Netherlands\n                        <\/p>\n<p>\n                                Alessandro Zaccone, Aruba Cloud MotoE\u2122 Team, Motul Grand Prix of the Netherlands\n                        <\/p>\n<p>\n                                Andrea Mantovani, Klint Forward Factory Team, Motul Grand Prix of the Netherlands\n                        <\/p>\n<p>\n                                Alessandro Zaccone, Aruba Cloud MotoE\u2122 Team, Motul Grand Prix of the Netherlands\n                        <\/p>\n<p>\u00a0<\/p>\n","protected":false},"excerpt":{"rendered":"Apr\u00e8s sept semaines de coupure, le Championnat du Monde FIM MotoE\u2122 faisait son retour ce week-end \u00e0 Assen&hellip;\n","protected":false},"author":2,"featured_media":211294,"comment_status":"","ping_status":"","sticky":false,"template":"","format":"standard","meta":{"footnotes":""},"categories":[1413],"tags":[1011,27,1457,1456,60,2032],"class_list":{"0":"post-211293","1":"post","2":"type-post","3":"status-publish","4":"format-standard","5":"has-post-thumbnail","7":"category-moto","8":"tag-fr","9":"tag-france","10":"tag-moto","11":"tag-motocycle","12":"tag-sports","13":"tag-text"},"share_on_mastodon":{"url":"","error":""},"_links":{"self":[{"href":"https:\/\/www.europesays.com\/fr\/wp-json\/wp\/v2\/posts\/211293","targetHints":{"allow":["GET"]}}],"collection":[{"href":"https:\/\/www.europesays.com\/fr\/wp-json\/wp\/v2\/posts"}],"about":[{"href":"https:\/\/www.europesays.com\/fr\/wp-json\/wp\/v2\/types\/post"}],"author":[{"embeddable":true,"href":"https:\/\/www.europesays.com\/fr\/wp-json\/wp\/v2\/users\/2"}],"replies":[{"embeddable":true,"href":"https:\/\/www.europesays.com\/fr\/wp-json\/wp\/v2\/comments?post=211293"}],"version-history":[{"count":0,"href":"https:\/\/www.europesays.com\/fr\/wp-json\/wp\/v2\/posts\/211293\/revisions"}],"wp:featuredmedia":[{"embeddable":true,"href":"https:\/\/www.europesays.com\/fr\/wp-json\/wp\/v2\/media\/211294"}],"wp:attachment":[{"href":"https:\/\/www.europesays.com\/fr\/wp-json\/wp\/v2\/media?parent=211293"}],"wp:term":[{"taxonomy":"category","embeddable":true,"href":"https:\/\/www.europesays.com\/fr\/wp-json\/wp\/v2\/categories?post=211293"},{"taxonomy":"post_tag","embeddable":true,"href":"https:\/\/www.europesays.com\/fr\/wp-json\/wp\/v2\/tags?post=211293"}],"curies":[{"name":"wp","href":"https:\/\/api.w.org\/{rel}","templated":true}]}}