{"id":211303,"date":"2025-06-28T16:23:07","date_gmt":"2025-06-28T16:23:07","guid":{"rendered":"https:\/\/www.europesays.com\/fr\/211303\/"},"modified":"2025-06-28T16:23:07","modified_gmt":"2025-06-28T16:23:07","slug":"selfies-oeuvres-endommagees-dans-les-musees-le-dilemme-des-telephones-prohibes-ou-encourages-liberation","status":"publish","type":"post","link":"https:\/\/www.europesays.com\/fr\/211303\/","title":{"rendered":"Selfies, \u0153uvres endommag\u00e9es&#8230; Dans les mus\u00e9es, le dilemme des t\u00e9l\u00e9phones prohib\u00e9s ou encourag\u00e9s &#8211; Lib\u00e9ration"},"content":{"rendered":"<ol>\n<li><a href=\"https:\/\/news.google.com\/rss\/articles\/CBMi_AFBVV95cUxQeXQ0STV1TEVtbkNFSy1PekNuSEJnWG9nN05RWXlPaC0tS3JrM3NBcU9xQUVfWF9oSkZhSzFDUFloZnM5UnlJa0VBcUl5YmJhUy16ZlFhSDVLSWltLWcxcXNBcHdsemh6NjhLbWZhdHlZajFKSUZwVXFYT2ZlOEZ1MDM0YmxjUGVoRzJaS25GZ3BUWklSWlRRS1ZLNkI5TTFSV2RRLW1fZjV3QjNkdDBxT1JMYzdmRW9Xd3E1ekxLX1JaUGRXM1lWbG5uSjZxNHIzVFFGR2NMSlk1dGRuNEc1b1JaM2RnMk9iMjFmNmI4dldRVVFNSmwzbkdkNi0?oc=5\" target=\"_blank\" rel=\"nofollow noopener\">Selfies, \u0153uvres endommag\u00e9es&#8230; Dans les mus\u00e9es, le dilemme des t\u00e9l\u00e9phones prohib\u00e9s ou encourag\u00e9s<\/a>&nbsp;&nbsp;Lib\u00e9ration<\/li>\n<li><a href=\"https:\/\/news.google.com\/rss\/articles\/CBMiywFBVV95cUxOV0hsZG1ieFRrV3VPVHdyRW9FNndxRXgyV1E1TnlxYnRVaUx4cXJnNGQtanlHbnNHNGI4a0hSaVVmNGhnaTNJbXJPZkxHakxleHBXSVpLY2Y3ajI2d3Byd0JzZDdlbUF1aXZ5U2NINmtPUVpuaGc1UEtqdXBobnluYWVYaE1TLWc1eUZpMzh4a1psdWF6N0FCeEVnVlpoM2oycWNEMzI0ZmxkQ2xRZHA3RHEwRUZxYXNiRkhxNS1PdW1fRXFSSVhJY3loNA?oc=5\" target=\"_blank\" rel=\"nofollow noopener\">\u00c0 Florence, un touriste d\u00e9t\u00e9riore un tableau du XVIIIe si\u00e8cle en prenant la pose<\/a>&nbsp;&nbsp;Le Figaro<\/li>\n<li><a href=\"https:\/\/news.google.com\/rss\/articles\/CBMizgFBVV95cUxQWmo4OEdtMEhwNEN6LUl5V2hqMnNZNEgtVnV4U0VTQVRjWHBhQjlPM2FUVHVVcVg3TVVfdWlNYzZSLUFYVk9uVGtFcUZEX2YxMFVySHU5bnJYSGVXS2RLdVJTOXpVeGxZLXItbFdmMTRkWnhCdmozVldVUzZMR2UyTG5JYWtwX0ZBRjBBZWVEbURod0R6STM2U1FWWTJhdlE4QkZTNTVvQVJoTTAtclJWRzdtMXV5TWt2cENFdWtkdkktV1FxY2tFSUVpVEdFQQ?oc=5\" target=\"_blank\" rel=\"nofollow noopener\">Selfie rat\u00e9 : un touriste endommage une peinture du XVIIIe si\u00e8cle \u00e0 la Galerie des Offices de Florence<\/a>&nbsp;&nbsp;Euronews<\/li>\n<li><a href=\"https:\/\/news.google.com\/rss\/articles\/CBMitgFBVV95cUxObkVzM0pMNXhmUFdwa1cxUDdoZ01LYTVBV1pIOVVueFBZdUFFRy1FM3JiSW1JYkZIRXVPb0cyZTN0NUVpTnBUV0pNR3R1NnFMb1pha2tKLTRnVWJ4WXpQQUt0MTNqQ0Z6NXJmZW9mZmZMLXQ4YTF2dnhMMmNvRDd3UXpObmlJc0xEWXA4OWlQUk9OSmRoNjUwU3FXeGdFOTZFRFJsMnE4Qmc4VWhzaUI5NlUwZVBydw?oc=5\" target=\"_blank\" rel=\"nofollow noopener\">Il d\u00e9chire un tableau vieux de 300 ans en s\u2019appuyant dessus dans un mus\u00e9e<\/a>&nbsp;&nbsp;20 Minutes<\/li>\n<li><a href=\"https:\/\/news.google.com\/rss\/articles\/CBMiuAFBVV95cUxPLUVfeGxlZDBFQnVqRkRpLW9SRnFkSHpQNjJQYkN3QU54VmxZVDZ6ZWRBb0dPN01lLWNjbnpzSWExc0hzMTJ1aUhPdENjRmt4cmRVUUxsMW9lY2pTVUVZTFJJZTVXTnZONDNaYVhPM2dvRjlVV3lkOEQ5WUpaTW51bXlSRW9TbTZhU2VQNHNTZ0J4SmVVbWJqUjVyZzB1RkdZMU1ZV1FuR0NxNGJjMDVIRFM5Z1ZKX1ZH?oc=5\" target=\"_blank\" rel=\"nofollow noopener\">En cherchant un d\u00e9fi TikTok, un touriste d\u00e9truit un tableau de 300 ans<\/a>&nbsp;&nbsp;The Body Optimist<\/li>\n<\/ol>\n","protected":false},"excerpt":{"rendered":"Selfies, \u0153uvres endommag\u00e9es&#8230; Dans les mus\u00e9es, le dilemme des t\u00e9l\u00e9phones prohib\u00e9s ou encourag\u00e9s&nbsp;&nbsp;Lib\u00e9ration \u00c0 Florence, un touriste d\u00e9t\u00e9riore&hellip;\n","protected":false},"author":2,"featured_media":1445,"comment_status":"","ping_status":"","sticky":false,"template":"","format":"standard","meta":{"footnotes":""},"categories":[1358],"tags":[1348,1384,1385,1386,58,59,1011,27],"class_list":{"0":"post-211303","1":"post","2":"type-post","3":"status-publish","4":"format-standard","5":"has-post-thumbnail","7":"category-arts-et-design","8":"tag-arts","9":"tag-arts-and-design","10":"tag-arts-et-design","11":"tag-design","12":"tag-divertissement","13":"tag-entertainment","14":"tag-fr","15":"tag-france"},"share_on_mastodon":{"url":"","error":""},"_links":{"self":[{"href":"https:\/\/www.europesays.com\/fr\/wp-json\/wp\/v2\/posts\/211303","targetHints":{"allow":["GET"]}}],"collection":[{"href":"https:\/\/www.europesays.com\/fr\/wp-json\/wp\/v2\/posts"}],"about":[{"href":"https:\/\/www.europesays.com\/fr\/wp-json\/wp\/v2\/types\/post"}],"author":[{"embeddable":true,"href":"https:\/\/www.europesays.com\/fr\/wp-json\/wp\/v2\/users\/2"}],"replies":[{"embeddable":true,"href":"https:\/\/www.europesays.com\/fr\/wp-json\/wp\/v2\/comments?post=211303"}],"version-history":[{"count":0,"href":"https:\/\/www.europesays.com\/fr\/wp-json\/wp\/v2\/posts\/211303\/revisions"}],"wp:featuredmedia":[{"embeddable":true,"href":"https:\/\/www.europesays.com\/fr\/wp-json\/wp\/v2\/media\/1445"}],"wp:attachment":[{"href":"https:\/\/www.europesays.com\/fr\/wp-json\/wp\/v2\/media?parent=211303"}],"wp:term":[{"taxonomy":"category","embeddable":true,"href":"https:\/\/www.europesays.com\/fr\/wp-json\/wp\/v2\/categories?post=211303"},{"taxonomy":"post_tag","embeddable":true,"href":"https:\/\/www.europesays.com\/fr\/wp-json\/wp\/v2\/tags?post=211303"}],"curies":[{"name":"wp","href":"https:\/\/api.w.org\/{rel}","templated":true}]}}