{"id":21131,"date":"2025-04-13T02:15:13","date_gmt":"2025-04-13T02:15:13","guid":{"rendered":"https:\/\/www.europesays.com\/fr\/21131\/"},"modified":"2025-04-13T02:15:13","modified_gmt":"2025-04-13T02:15:13","slug":"royaume-uni-la-decision-de-fermer-laeroport-dheathrow-suscite-des-controverses","status":"publish","type":"post","link":"https:\/\/www.europesays.com\/fr\/21131\/","title":{"rendered":"Royaume-Uni : la d\u00e9cision de fermer l&rsquo;a\u00e9roport d&rsquo;Heathrow suscite des controverses"},"content":{"rendered":"<p><img decoding=\"async\" class=\"c-ad__placeholder__logo\" src=\"https:\/\/www.europesays.com\/fr\/wp-content\/uploads\/2025\/03\/logo-euronews-grey-6-180x22.svg.svg+xml\" width=\"180\" height=\"22\" alt=\"\" loading=\"lazy\"\/>PUBLICIT\u00c9<\/p>\n<p>Apr\u00e8s la fermeture de l&rsquo;a\u00e9roport londonien d&rsquo;Heathrow en raison d&rsquo;un incendie, des interrogations ont \u00e9t\u00e9 soulev\u00e9es, notamment par les compagnies a\u00e9riennes, quant \u00e0 la n\u00e9cessit\u00e9 d&rsquo;une telle mesure. <\/p>\n<p>L&rsquo;op\u00e9rateur du syst\u00e8me \u00e9nerg\u00e9tique national a laiss\u00e9 entendre que l&rsquo;a\u00e9roport disposait de suffisamment d&rsquo;\u00e9lectricit\u00e9 provenant d&rsquo;autres sources pour continuer \u00e0 fonctionner.<\/p>\n<p><img decoding=\"async\" src=\"https:\/\/www.europesays.com\/fr\/wp-content\/uploads\/2025\/03\/icon-cross-10x10-grey-6.svg.svg+xml\" width=\"10\" height=\"10\" alt=\"Close advertising\" fetchpriority=\"high\" loading=\"lazy\"\/><\/p>\n<p>La fermeture de l&rsquo;a\u00e9roport, l&rsquo;un des plus fr\u00e9quent\u00e9 au monde, a eu de lourdes cons\u00e9quences : plus de 1 300 vols ont \u00e9t\u00e9 annul\u00e9s vendredi, quelque 200 000 passagers ont vu leur voyage perturb\u00e9. Les experts du secteur estiment que ce chaos co\u00fbtera des dizaines de millions d&rsquo;euros aux compagnies a\u00e9riennes.<\/p>\n<p>Ouverture d&rsquo;une enqu\u00eate<\/p>\n<p>Une enqu\u00eate a \u00e9t\u00e9 ouverte pour d\u00e9terminer les causes de l&rsquo;incendie qui a provoqu\u00e9 la mise hors service de l&rsquo;une des trois sous-stations \u00e9lectriques qui alimentent l&rsquo;a\u00e9roport Heathrow en \u00e9lectricit\u00e9.<\/p>\n<p>Celle-ci a en premier mieux \u00e9t\u00e9 men\u00e9e par la police antiterroriste dans un contexte marqu\u00e9 par la crainte d&rsquo;attaques potentielles soutenues par la Russie. Le chef de l&rsquo;agence d&rsquo;espionnage britannique MI6 a accus\u00e9 Moscou d&rsquo;organiser une campagne de sabotage \u00ab\u00a0d&rsquo;une t\u00e9m\u00e9rit\u00e9 stup\u00e9fiante\u00a0\u00bb contre les alli\u00e9s de l&rsquo;Ukraine dans sa guerre contre l&rsquo;invasion totale de la Russie.<\/p>\n<p>L&rsquo;enqu\u00eate a ensuite \u00e9t\u00e9 confi\u00e9e \u00e0 la London Fire Brigade, qui a d\u00e9clar\u00e9 se concentrer sur l&rsquo;\u00e9quipement de distribution \u00e9lectrique de la sous-station.<\/p>\n<p>La police affirme cependant n&rsquo;avoir trouv\u00e9 aucune preuve d&rsquo;acte criminel.<\/p>\n<p>Divergences dans les sc\u00e9narios de crises pr\u00e9conis\u00e9s<\/p>\n<p>Cet accident a suscit\u00e9 des tensions entre la compagnie britannique d&rsquo;\u00e9lectricit\u00e9 et les dirigeants de l&rsquo;a\u00e9roport, pr\u00e9conisant des sc\u00e9narios de gestion de crise oppos\u00e9s. <\/p>\n<p>De son cot\u00e9, le directeur g\u00e9n\u00e9ral du gestionnaire d&rsquo;\u00e9lectricit\u00e9 National Grid, John Pettigrew, a soutenu dans le Financial Times, que \u00ab\u00a0chaque sous-station (\u00e9lectrique) peut individuellement fournir suffisamment d&rsquo;\u00e9nergie \u00e0 Heathrow\u00a0\u00bbpour que l&rsquo;a\u00e9roport reste ouvert.\u00a0\u00bb \u00ab\u00a0La perte d&rsquo;une sous-station est un \u00e9v\u00e9nement unique, mais deux autres \u00e9taient disponibles\u00a0\u00bb, a-t-il \u00e9galement pr\u00e9cis\u00e9. <\/p>\n<p>Le PDG de l&rsquo;a\u00e9roport d&rsquo;Heathrow, Thomas Woldbye, a quant a lui d\u00e9fendu la n\u00e9cessit\u00e9 de fermer la plateforme a\u00e9rienne, expliquant que le red\u00e9marrage s\u00e9curis\u00e9 de centaines de syst\u00e8mes critiques n\u00e9cessitait un arr\u00eat complet.<\/p>\n<p>\u00ab\u00a0Des centaines de syst\u00e8mes critiques dans l&rsquo;ensemble de l&rsquo;a\u00e9roport ont d\u00fb \u00eatre mis hors tension en toute s\u00e9curit\u00e9, puis red\u00e9marr\u00e9s syst\u00e9matiquement en toute s\u00e9curit\u00e9. Compte tenu de la taille et de la complexit\u00e9 op\u00e9rationnelle d&rsquo;Heathrow, le red\u00e9marrage en toute s\u00e9curit\u00e9 des op\u00e9rations apr\u00e8s une perturbation de cette ampleur a constitu\u00e9 un d\u00e9fi de taille.\u00a0\u00bb  a d\u00e9clar\u00e9 la plateforme a\u00e9rienne dans un communiqu\u00e9.<\/p>\n<p>Le directeur a cependant fait l&rsquo;objet de nombreuses critiques mettant en cause son professionnalisme et son sens des responsabilit\u00e9s. The Guardian r\u00e9v\u00e8le qu&rsquo;alors que l&rsquo;incendie aurait eu lieu en pleine nuit, Thomas Woldbye aurait confi\u00e9 la gestion de la crise a\u00e9rienne au directeur de l&rsquo;exploitation de l&rsquo;a\u00e9roport, Javier Echave, pour retourner se coucher.<\/p>\n<p>La ministre britannique des transports, Heidi Alexander, a refus\u00e9 de soutenir la d\u00e9cision de la direction d&rsquo;Heathrow, d\u00e9clarant : \u00ab\u00a0Je ne dispose pas de toutes les informations dont ils disposaient lorsqu&rsquo;ils ont pris cette d\u00e9cision.\u00a0\u00bb<\/p>\n<p>\u00ab\u00a0La s\u00e9curit\u00e9 devrait toujours \u00eatre primordiale, mais, comme je l&rsquo;ai dit, ce n&rsquo;est pas moi qui ai pris la d\u00e9cision\u00a0\u00bb, a-t-elle d\u00e9clar\u00e9 lors d&rsquo;une interview accord\u00e9e \u00e0 la BBC. <\/p>\n","protected":false},"excerpt":{"rendered":"PUBLICIT\u00c9 Apr\u00e8s la fermeture de l&rsquo;a\u00e9roport londonien d&rsquo;Heathrow en raison d&rsquo;un incendie, des interrogations ont \u00e9t\u00e9 soulev\u00e9es, notamment&hellip;\n","protected":false},"author":2,"featured_media":21132,"comment_status":"","ping_status":"","sticky":false,"template":"","format":"standard","meta":{"footnotes":""},"categories":[1588],"tags":[11,663,1777,674,1310,4534,12,473,1853,1851,1850,1852],"class_list":{"0":"post-21131","1":"post","2":"type-post","3":"status-publish","4":"format-standard","5":"has-post-thumbnail","7":"category-royaume-uni","8":"tag-actualites","9":"tag-aeroport","10":"tag-eu","11":"tag-europe","12":"tag-incendie","13":"tag-londres","14":"tag-news","15":"tag-royaume-uni","16":"tag-royaume-uni-de-grande-bretagne-et-dirlande-du-nord","17":"tag-uk","18":"tag-united-kingdom","19":"tag-united-kingdom-of-great-britain-and-northern-ireland"},"share_on_mastodon":{"url":"https:\/\/pubeurope.com\/@fr\/114328248332359871","error":""},"_links":{"self":[{"href":"https:\/\/www.europesays.com\/fr\/wp-json\/wp\/v2\/posts\/21131","targetHints":{"allow":["GET"]}}],"collection":[{"href":"https:\/\/www.europesays.com\/fr\/wp-json\/wp\/v2\/posts"}],"about":[{"href":"https:\/\/www.europesays.com\/fr\/wp-json\/wp\/v2\/types\/post"}],"author":[{"embeddable":true,"href":"https:\/\/www.europesays.com\/fr\/wp-json\/wp\/v2\/users\/2"}],"replies":[{"embeddable":true,"href":"https:\/\/www.europesays.com\/fr\/wp-json\/wp\/v2\/comments?post=21131"}],"version-history":[{"count":0,"href":"https:\/\/www.europesays.com\/fr\/wp-json\/wp\/v2\/posts\/21131\/revisions"}],"wp:featuredmedia":[{"embeddable":true,"href":"https:\/\/www.europesays.com\/fr\/wp-json\/wp\/v2\/media\/21132"}],"wp:attachment":[{"href":"https:\/\/www.europesays.com\/fr\/wp-json\/wp\/v2\/media?parent=21131"}],"wp:term":[{"taxonomy":"category","embeddable":true,"href":"https:\/\/www.europesays.com\/fr\/wp-json\/wp\/v2\/categories?post=21131"},{"taxonomy":"post_tag","embeddable":true,"href":"https:\/\/www.europesays.com\/fr\/wp-json\/wp\/v2\/tags?post=21131"}],"curies":[{"name":"wp","href":"https:\/\/api.w.org\/{rel}","templated":true}]}}