{"id":211324,"date":"2025-06-28T16:34:12","date_gmt":"2025-06-28T16:34:12","guid":{"rendered":"https:\/\/www.europesays.com\/fr\/211324\/"},"modified":"2025-06-28T16:34:12","modified_gmt":"2025-06-28T16:34:12","slug":"les-resultats-adn-enfin-devoiles-au-grand-jour-un-rebondissement-inattendu","status":"publish","type":"post","link":"https:\/\/www.europesays.com\/fr\/211324\/","title":{"rendered":"les r\u00e9sultats ADN enfin d\u00e9voil\u00e9s au grand jour, un rebondissement inattendu ?"},"content":{"rendered":"<p>Par <a class=\"author_recette\" id=\"author_name\" href=\"https:\/\/www.nextplz.fr\/auteur\/jason-mathurin\" target=\"_blank\" rel=\"noopener\">Jason<br \/>\nMathurin<\/a> &#8211;<br \/>\nPubli\u00e9 le 28 Juin 2025 \u00e0<br \/>\n16:34<\/p>\n<p class=\"article-intro excerpt\">L\u2019affaire Gr\u00e9gory continue<br \/>\nd\u2019alimenter les sp\u00e9culations. Des r\u00e9sultats ADN ont \u00e9t\u00e9 r\u00e9v\u00e9l\u00e9s,<br \/>\nd\u00e9voilant des informations pass\u00e9es sous silence.<\/p>\n<p>De nouveaux rebondissements ont amen\u00e9 l&rsquo;affaire Gr\u00e9gory \u00e0 un<br \/>\ntout autre niveau. Depuis quatre d\u00e9cennies, le doute persiste<br \/>\nautour de cette affaire. Enfin, presque&#8230; Car d&rsquo;apr\u00e8s certains<br \/>\niniti\u00e9s, les autorit\u00e9s auraient \u00e9t\u00e9 sur la bonne piste d\u00e8s le d\u00e9but<br \/>\nde l&rsquo;enqu\u00eate. Mais certains vices ont quelque peu mis des b\u00e2tons<br \/>\ndans les roues des enqu\u00eateurs. La semaine derni\u00e8re, la justice a<br \/>\nordonn\u00e9 un interrogatoire pour la grand-tante du petit gar\u00e7on \u00e0<br \/>\nl&rsquo;\u00e9poque. Celle-ci pourrait \u00eatre mise en examen. En parall\u00e8le,<br \/>\n<strong>cette m\u00eame ann\u00e9e, l&rsquo;ADN a parl\u00e9<\/strong>.<\/p>\n<p>Quelles<br \/>\nsont les nouvelles autour de l&rsquo;affaire Gr\u00e9gory ?<\/p>\n<p>Il semblerait que Jacqueline Jacob, grand-tante de Gr\u00e9gory<br \/>\nVillemin, ait \u00e9t\u00e9 auditionn\u00e9e pr\u00e9sentement. Et elle risque d&rsquo;\u00eatre<br \/>\nmise en examen pour association de malfaiteurs criminelle. Un motif<br \/>\nqui fait tiquer ses avocats, toutefois. Et pour cause, le Code<br \/>\np\u00e9nal de l&rsquo;\u00e9poque ne le permettrait. <strong>\u00ab\u00a0Aucun \u00e9l\u00e9ment<br \/>\nn\u2019est de nature \u00e0 constituer des indices graves ou<br \/>\nconcordants\u00a0\u00bb,<\/strong> ont-ils dit. \u00ab\u00a0Il ne peut y avoir ni<br \/>\ninfraction, ni peine sans qu&rsquo;un texte ne les pr\u00e9voie\u00a0\u00bb. Si la<br \/>\ndonne pourrait tout de m\u00eame changer avec de t\u00e9moignage, les<br \/>\ntechniques avanc\u00e9es en mati\u00e8re d&rsquo;ADN pourraient rebattre les<br \/>\ncartes. Et pourquoi pas, enfin <a href=\"https:\/\/www.nextplz.fr\/societe\/496094-affaire-gregory-fin-du-silence-voici-ce-que-dit-aujourdhui-sa-grand-tante-pour-clamer-son-innocence\" target=\"_blank\" rel=\"noopener\"><br \/>\napporter une conclusion \u00e0 l&rsquo;affaire<\/a>.<\/p>\n<p>Ce que les expertises ADN<br \/>\nont d\u00e9voil\u00e9<\/p>\n<p>Dans un questions\/r\u00e9ponses organis\u00e9 par Le Parisien, Timoth\u00e9e<br \/>\nBoutry, du service police-justice, a livr\u00e9 quelques informations<br \/>\nconcernant les r\u00e9sultats apport\u00e9s par les \u00e9tudes ADN dans l&rsquo;affaire<br \/>\nGr\u00e9gory. Et son constat est sans appel. \u00ab\u00a0Pour l&rsquo;heure, les<br \/>\nespoirs plac\u00e9s dans la science se sont toujours r\u00e9v\u00e9l\u00e9s d\u00e9cevants,<br \/>\nmais on attend encore le retour des derni\u00e8res expertises<br \/>\nordonn\u00e9es\u00a0\u00bb. Ce n&rsquo;est donc ni une bonne ni une mauvaise<br \/>\nnouvelle. \u00ab\u00a0Les \u00e9l\u00e9ments techniques et scientifiques et les<br \/>\nproc\u00e8s-verbaux r\u00e9alis\u00e9s depuis la date anniversaire des faits en<br \/>\noctobre 2024 <strong>n\u2019ont pas apport\u00e9 d\u2019\u00e9l\u00e9ments significatifs<br \/>\ndans la manifestation de la v\u00e9rit\u00e9\u00a0\u00bb<\/strong>, avait fait<br \/>\nsavoir en mars dernier le procureur g\u00e9n\u00e9ral \u00e0 Dijon, Philippe<br \/>\nAstruc, o\u00f9 l\u2019enqu\u00eate est encore en cours.<\/p>\n<p>Une enqu\u00eate minutieuse et de nouvelles techniques \u00e0 l&rsquo;\u00e9preuve<\/p>\n<p>\u00ab\u00a0Je n\u2019envisage d\u00e8s lors pas d\u2019en assurer une communication<br \/>\nplus d\u00e9taill\u00e9e. Cependant, les investigations se poursuivent sous<br \/>\nl\u2019autorit\u00e9 du pr\u00e9sident de la chambre de l\u2019instruction de<br \/>\nDijon\u00a0\u00bb, a-t-il poursuivi. Ce qui ne fait pas perdre espoir aux<br \/>\nparents qui \u00ab\u00a0restent confiants dans la justice et leurs avocats<br \/>\nrestent d\u00e9termin\u00e9s\u00a0\u00bb, selon Fran\u00e7ois Saint-Pierre. Des traces<br \/>\nd&rsquo;ADN ont d\u00e9j\u00e0 pu <a href=\"https:\/\/www.nextplz.fr\/actualites\/380633-affaire-gregory-trahi-par-son-adn-un-corbeau-identifie-40-ans-plus-tard\" target=\"_blank\" rel=\"noopener\"><br \/>\nconfirmer l&rsquo;identit\u00e9 de l&rsquo;un des corbeaux<\/a>, car ils \u00e9taient<br \/>\nplusieurs. Et d&rsquo;autres \u00e9l\u00e9ments peuvent s&rsquo;av\u00e9rer cruciaux.<\/p>\n<p>Affaire Gr\u00e9gory : biom\u00e9trie vocale, traces, graphie&#8230; les corbeaux<br \/>\npi\u00e9g\u00e9s par leur ADN ?<\/p>\n<p>Concernant les appels t\u00e9l\u00e9phoniques, la question d&rsquo;une \u00e9tude de<br \/>\nla \u00ab\u00a0biom\u00e9trie vocale\u00a0\u00bb, plus vulgairement, <strong>une<br \/>\nsorte \u00ab\u00a0d\u2019ADN de la voix\u00a0\u00bb<\/strong> avait \u00e9t\u00e9 \u00e9mise. Bien<br \/>\nque sa faisabilit\u00e9 fasse d\u00e9bat. En 2017, une \u00e9tude de la graphie a<br \/>\n\u00e9galement \u00e9t\u00e9 faite sur une lettre attribu\u00e9e \u00e0 la fameuse<br \/>\nJacqueline Jacob, pr\u00e9sentement dans le viseur des enqu\u00eateurs. Cela<br \/>\nreste la preuve que l&rsquo;avanc\u00e9e des technologies et de la science<br \/>\npeuvent amener \u00e0 r\u00e9soudre des affaires vieilles de plusieurs<br \/>\nd\u00e9cennies. L&rsquo;affaire du petit Gr\u00e9gory fait d&rsquo;ailleurs \u00e9cho \u00e0 une<br \/>\naffaire plus r\u00e9cente : celle de la disparition d&rsquo;\u00c9mile Soleil. Les<br \/>\ndeux gar\u00e7ons ont disparu \u00e0 c\u00f4t\u00e9 de leur domicile et la piste<br \/>\nfamiliale a \u00e9galement \u00e9t\u00e9 avanc\u00e9e.<\/p>\n","protected":false},"excerpt":{"rendered":"Par Jason Mathurin &#8211; Publi\u00e9 le 28 Juin 2025 \u00e0 16:34 L\u2019affaire Gr\u00e9gory continue d\u2019alimenter les sp\u00e9culations. Des&hellip;\n","protected":false},"author":2,"featured_media":211325,"comment_status":"","ping_status":"","sticky":false,"template":"","format":"standard","meta":{"footnotes":""},"categories":[4],"tags":[11,1011,27,12,29017,25],"class_list":{"0":"post-211324","1":"post","2":"type-post","3":"status-publish","4":"format-standard","5":"has-post-thumbnail","7":"category-france","8":"tag-actualites","9":"tag-fr","10":"tag-france","11":"tag-news","12":"tag-nonli_nextplz","13":"tag-republique-francaise"},"share_on_mastodon":{"url":"","error":""},"_links":{"self":[{"href":"https:\/\/www.europesays.com\/fr\/wp-json\/wp\/v2\/posts\/211324","targetHints":{"allow":["GET"]}}],"collection":[{"href":"https:\/\/www.europesays.com\/fr\/wp-json\/wp\/v2\/posts"}],"about":[{"href":"https:\/\/www.europesays.com\/fr\/wp-json\/wp\/v2\/types\/post"}],"author":[{"embeddable":true,"href":"https:\/\/www.europesays.com\/fr\/wp-json\/wp\/v2\/users\/2"}],"replies":[{"embeddable":true,"href":"https:\/\/www.europesays.com\/fr\/wp-json\/wp\/v2\/comments?post=211324"}],"version-history":[{"count":0,"href":"https:\/\/www.europesays.com\/fr\/wp-json\/wp\/v2\/posts\/211324\/revisions"}],"wp:featuredmedia":[{"embeddable":true,"href":"https:\/\/www.europesays.com\/fr\/wp-json\/wp\/v2\/media\/211325"}],"wp:attachment":[{"href":"https:\/\/www.europesays.com\/fr\/wp-json\/wp\/v2\/media?parent=211324"}],"wp:term":[{"taxonomy":"category","embeddable":true,"href":"https:\/\/www.europesays.com\/fr\/wp-json\/wp\/v2\/categories?post=211324"},{"taxonomy":"post_tag","embeddable":true,"href":"https:\/\/www.europesays.com\/fr\/wp-json\/wp\/v2\/tags?post=211324"}],"curies":[{"name":"wp","href":"https:\/\/api.w.org\/{rel}","templated":true}]}}