{"id":21133,"date":"2025-04-13T02:16:20","date_gmt":"2025-04-13T02:16:20","guid":{"rendered":"https:\/\/www.europesays.com\/fr\/21133\/"},"modified":"2025-04-13T02:16:20","modified_gmt":"2025-04-13T02:16:20","slug":"france-allemagne-espagne-suede-a-chacun-son-plan-dinvestissement","status":"publish","type":"post","link":"https:\/\/www.europesays.com\/fr\/21133\/","title":{"rendered":"France, Allemagne, Espagne, Su\u00e8de\u2026 \u00e0 chacun son plan d\u2019investissement"},"content":{"rendered":"<p>C&rsquo;est au tour de l&rsquo;Espagne d&rsquo;investir dans sa d\u00e9fense. Le Premier ministre espagnol, Pedro S\u00e1nchez, a promis, ce mercredi, un plan national destin\u00e9 \u00e0 stimuler l&rsquo;industrie de s\u00e9curit\u00e9 et de d\u00e9fense de son pays. \u00ab\u00a0Le gouvernement (le) lancera avant l&rsquo;\u00e9t\u00e9\u00a0\u00bb, a-t-il assur\u00e9 lors d&rsquo;une allocution au Parlement. Ce programme\u00a0\u00ab\u00a0concentrera le gros de l&rsquo;investissement suppl\u00e9mentaire exig\u00e9 par nos partenaires europ\u00e9ens\u00a0\u00bb, a-t-il ajout\u00e9, sans fournir de d\u00e9tails \u00e0 ce stade sur son contenu.<\/p>\n<p>Il faut dire que l&rsquo;Espagne a du retard en la mati\u00e8re. Selon les donn\u00e9es de l&rsquo;Otan, elle affiche les d\u00e9penses militaires les plus basses en pourcentage du PIB (produit int\u00e9rieur brut) parmi les pays membres de cette alliance. Elle y a consacr\u00e9 1,28 % de son PIB en 2024, alors que ce niveau devrait \u00eatre au moins \u00e0 2 %.<\/p>\n<p>\u00c0 ce sujet, la Su\u00e8de, dont le gouvernement a \u00e9galement annonc\u00e9, ce mecredi, vouloir augmenter le budget allou\u00e9 \u00e0 ce secteur, est d\u00e9j\u00e0 dans les clous puisque le pays scandinave y consacre\u00a0actuellement 2,4 % de son PIB \u00e0 sa d\u00e9fense.<\/p>\n<p>Mais il ambitionne d&rsquo;atteindre 3,5 % d&rsquo;ici 2030. Et va pour cela accro\u00eetre ses d\u00e9penses de d\u00e9fense \u00e0 hauteur de 300 milliards de couronnes (environ 28 milliards d&rsquo;euros) sur les dix prochaines ann\u00e9es, comme l&rsquo;a fait savoir le Premier ministre su\u00e9dois Ulf Kristersson. Un investissement qui sera financ\u00e9 par des pr\u00eats et qui constitue le \u00ab\u00a0plus important r\u00e9armement depuis la guerre froide\u00a0\u00bb, a-t-il d\u00e9clar\u00e9 lors d&rsquo;une conf\u00e9rence de presse.<\/p>\n<p>L&rsquo;Espagne et la Su\u00e8de rejoignent ainsi la liste des pays de l&rsquo;Otan qui ont fait des annonces en ce sens ces derni\u00e8res semaines. Tour d&rsquo;horizon en huit articles de ces engagements.<\/p>\n<p>\u270d800 milliards d&rsquo;euros pour r\u00e9armer l&rsquo;Europe<\/p>\n<p>Les Europ\u00e9ens ont donn\u00e9 ce mois de mars leur feu vert au plan \u00ab r\u00e9armer l&rsquo;Europe \u00bb, initi\u00e9 par la Commission europ\u00e9enne. Dans le contexte de la guerre men\u00e9e par la Russie en Ukraine depuis plus de trois ans et du rapprochement op\u00e9r\u00e9 par le pr\u00e9sident am\u00e9ricain Donald Trump entre les \u00c9tats-Unis et la Russie, il vise \u00e0 renforcer les capacit\u00e9s de d\u00e9fense des Vingt-Sept. Concr\u00e8tement, quelque 800 milliards d&rsquo;euros pourront \u00eatre mobilis\u00e9s d&rsquo;ici \u00e0 2030, dont 150 milliards sous forme de pr\u00eats. Ils serviront en priorit\u00e9 \u00e0 investir dans les domaines o\u00f9 les besoins sont les plus urgents comme la d\u00e9fense antia\u00e9rienne, les missiles, les drones et les syst\u00e8mes anti-drones ou encore les syst\u00e8mes d&rsquo;artillerie.<\/p>\n<p>Si l&rsquo;objectif est ambitieux, sa mise en \u0153uvre repose sur l&rsquo;engagement des \u00c9tats membres. Pour les inciter \u00e0 augmenter leurs d\u00e9penses, Bruxelles a propos\u00e9 de les autoriser \u00e0 consacrer jusqu&rsquo;\u00e0 1,5 % de leur PIB aux d\u00e9penses militaires pendant quatre ans, sans contrevenir aux r\u00e8gles budg\u00e9taires limitant les d\u00e9ficits publics. Chaque pays qui souhaite en profiter doit pour cela solliciter, d&rsquo;ici fin avril, une exemption aux r\u00e8gles budg\u00e9taires en vigueur.<\/p>\n<p>\ud83d\udcf0 Notre derni\u00e8re actualit\u00e9. <strong><a href=\"https:\/\/www.latribune.fr\/economie\/union-europeenne\/l-europe-lance-officiellement-son-processus-de-son-rearmement-1021002.html\" target=\"_blank\" rel=\"noopener\">L&rsquo;Europe lance officiellement son processus de r\u00e9armement<\/a><\/strong><\/p>\n<p>\ud83d\udcf0 Notre d\u00e9cryptage. <strong><a href=\"https:\/\/www.latribune.fr\/entreprises-finance\/industrie\/aeronautique-defense\/defense-ces-pays-de-l-otan-en-europe-qui-y-consacrent-plus-de-3-de-leur-pib-1019664.html\" target=\"_blank\" rel=\"noopener\">D\u00e9fense : le palmar\u00e8s des pays europ\u00e9ens qui d\u00e9pensent le plus<\/a><\/strong><\/p>\n<p>\u270dLa France mise sur le priv\u00e9 et l&rsquo;\u00e9pargne populaire<\/p>\n<p>Du c\u00f4t\u00e9 de l&rsquo;Hexagone, les d\u00e9penses militaires devraient passer de 2 % actuellement \u00e0 3,5 % du PIB \u00e0 horizon 2029. Or, le pays faisant face \u00e0 des difficult\u00e9s budg\u00e9taires et industrielles, le gouvernement n&rsquo;entend par, pour autant, demander l&rsquo;exemption aux r\u00e8gles budg\u00e9taires europ\u00e9ennes. \u00ab\u00a0Nous ne souhaitons pas que cet effort de guerre augmente la pression sur nos finances publiques. Ce qui veut dire concr\u00e8tement que la France devra faire des choix pour financer cet effort de d\u00e9fense \u00bb, a pr\u00e9venu la semaine derni\u00e8re le ministre de l&rsquo;\u00c9conomie, \u00c9ric Lombard.<\/p>\n<p>\ud83d\udcf0 Notre d\u00e9cryptage. <strong><a href=\"https:\/\/www.latribune.fr\/economie\/france\/depenses-militaires-paris-veut-rester-dans-les-clous-du-pacte-de-stabilite-europeen-1020334.html\" target=\"_blank\" rel=\"noopener\">D\u00e9penses militaires : Paris veut rester dans les clous du Pacte de stabilit\u00e9 europ\u00e9en<\/a><\/strong><\/p>\n<p>Selon Bercy, les entreprises de la base industrielle et technologique de la d\u00e9fense (BITD) devront mobiliser entre 5 et 7 milliards d&rsquo;euros, dont 1 \u00e0 3 milliards d&rsquo;euros de fonds propres dans les cinq prochaines ann\u00e9es. Probl\u00e8me\u00a0: les banques sont parfois frileuses pour financer ce secteur, pourtant hautement strat\u00e9gique. Pour amorcer la pompe, les investisseurs publics vont mettre \u00ab\u00a01,7 milliard d&rsquo;euros sur la table\u00a0\u00bb, a annonc\u00e9 \u00c9ric Lombard.<\/p>\n<p>Le reste devrait venir des investisseurs priv\u00e9s et de l&rsquo;\u00e9pargne populaire. Dans cette optique, la banque publique d&rsquo;investissement Bpifrance va lancer un nouveau fonds de capital investissement (aussi appel\u00e9 private equity) de 450 millions d&rsquo;euros. Chaque Fran\u00e7ais pourra y contribuer \u00e0 partir de 500 euros \u00e0 placer, sachant que les sommes allou\u00e9es seront bloqu\u00e9es pour au moins cinq ans.<\/p>\n<p>\ud83d\udcf0 Notre derni\u00e8re actualit\u00e9. <strong><a href=\"https:\/\/www.latribune.fr\/entreprises-finance\/industrie\/aeronautique-defense\/financement-de-la-defense-un-placement-de-500-euros-sera-propose-aux-francais-1021018.html\" target=\"_blank\" rel=\"noopener\">Financement de la d\u00e9fense : un placement de 500 euros sera propos\u00e9 aux Fran\u00e7ais<\/a><\/strong><\/p>\n<p>\ud83d\udcf0 Notre analyse. <strong><a href=\"https:\/\/www.latribune.fr\/entreprises-finance\/banques-finance\/industrie-financiere\/financement-de-la-defense-quels-produits-votre-banque-pourrait-vous-proposer-1021031.html\" target=\"_blank\" rel=\"noopener\">Financement de la d\u00e9fense : quels produits votre banque pourrait vous proposer ?<\/a><\/strong><\/p>\n<p>\u270dLe \u00ab bazooka \u00bb budg\u00e9taire de l&rsquo;Allemagne<\/p>\n<p>Championne depuis des d\u00e9cennies de l&rsquo;orthodoxie budg\u00e9taire, l&rsquo;Allemagne a longtemps n\u00e9glig\u00e9 les d\u00e9penses militaires au profit du parapluie am\u00e9ricain qui la prot\u00e9geait depuis la fin de la Seconde Guerre mondiale. Un temps r\u00e9volu\u00a0: la semaine derni\u00e8re, les parlementaires allemands du Bundestag ont vot\u00e9 en faveur d&rsquo;un colossal plan d&rsquo;investissement de 500 milliards d&rsquo;euros dans les infrastructures. Ce dernier s&rsquo;appuie largement sur la cr\u00e9ation d&rsquo;une d\u00e9rogation au frein \u00e0 l&rsquo;endettement, qui pourra s&rsquo;appliquer \u00e0 l&rsquo;avenir \u00e9galement \u00e0 de futurs investissements dans la d\u00e9fense.<\/p>\n<p>Mais attention\u00a0: \u00ab\u00a0Pour la d\u00e9fense par exemple, l&rsquo;argent ne fera pas tout\u00a0\u00bb, pr\u00e9vient Paul Maurice, chercheur \u00e0 l&rsquo;Institut Fran\u00e7ais des Relations Internationales (IFRI), <a href=\"https:\/\/www.latribune.fr\/economie\/international\/500-milliards-d-euros-d-investissements-allemands-il-y-aura-un-effet-en-france-1020901.html\" target=\"_blank\" rel=\"noopener\">dans une interview \u00e0 La Tribune<\/a>. \u00ab\u00a0Il faudra que les Allemands sachent pourquoi ils investissent et avec quels objectifs strat\u00e9giques\u00a0\u00bb.<\/p>\n<p>\ud83d\udcf0 Notre derni\u00e8re actualit\u00e9. <strong><a href=\"https:\/\/www.latribune.fr\/entreprises-finance\/industrie\/aeronautique-defense\/allemagne-feu-vert-pour-le-plan-d-investissement-geant-et-un-soutien-a-l-ukraine-1021155.html\" target=\"_blank\" rel=\"noopener\">Allemagne : feu vert pour le plan d&rsquo;investissement g\u00e9ant et un soutien \u00e0 l&rsquo;Ukraine<\/a><\/strong><\/p>\n<p>\u270dEn Pologne, un objectif \u00e0 4 % du PIB\u00a0: du jamais vu<\/p>\n<p>Le pr\u00e9sident polonais Andrzej Duda a annonc\u00e9 d\u00e9but mars avoir propos\u00e9 un amendement visant \u00e0 inscrire dans la Constitution de son pays le niveau minimum de d\u00e9penses dans la d\u00e9fense \u00e0 hauteur de 4\u202f% du PIB chaque ann\u00e9e. Soit le double de ce que demande jusqu&rsquo;\u00e0 pr\u00e9sent l&rsquo;Otan.<\/p>\n<p>Cet objectif s&rsquo;explique par la situation g\u00e9ographique de la Pologne\u00a0: le pays est le seul membre de l&rsquo;Otan \u00e0 partager une fronti\u00e8re \u00e0 la fois avec la\u00a0<a href=\"https:\/\/www.latribune.fr\/economie\/international\/des-accords-economiques-majeurs-avec-la-russie-seraient-en-discussion-1019137.html\" target=\"_blank\" rel=\"noopener\">Russie<\/a>\u00a0et l&rsquo;<a href=\"https:\/\/www.latribune.fr\/economie\/international\/guerre-en-ukraine-quel-avenir-pour-le-conflit-apres-la-rupture-entre-trump-et-zelensky-1019690.html\" target=\"_blank\" rel=\"noopener\">Ukraine<\/a>.<\/p>\n<p>\ud83d\udcf0 Notre derni\u00e8re actualit\u00e9. <strong><a href=\"https:\/\/www.latribune.fr\/economie\/union-europeenne\/la-pologne-veut-graver-dans-sa-constitution-un-budget-de-defense-jamais-vu-1020041.html\" target=\"_blank\" rel=\"noopener\">La Pologne veut graver dans sa Constitution un budget de d\u00e9fense jamais vu<\/a><\/strong><\/p>\n<p>\u270dBranle-bas de combat aussi au Royaume-Uni<\/p>\n<p>Le Premier ministre britannique Keir Starmer a pris les parlementaires de cours fin f\u00e9vrier. Dans un discours surprise devant la Chambre des communes, il a d\u00e9clar\u00e9 que son gouvernement porterait le budget de la d\u00e9fense \u00e0 2,5\u202f% du PIB en 2027, contre 2,3\u202f% actuellement. Une hausse des d\u00e9penses in\u00e9dite \u00ab\u202fdepuis la fin de la guerre froide\u202f\u00bb, a-t-il pr\u00e9cis\u00e9.<\/p>\n<p>\u00ab\u202fNous sommes dans un monde o\u00f9 tout a chang\u00e9\u202f\u00bb depuis l&rsquo;invasion russe de l&rsquo;Ukraine en 2022. \u00ab\u202fLa nature de la guerre a consid\u00e9rablement chang\u00e9. C&rsquo;est une \u00e9vidence quand on regarde le champ de bataille en Ukraine, et nous devons donc nous moderniser et revoir nos capacit\u00e9s\u202f\u00bb, a d\u00e9fendu le dirigeant britannique.<\/p>\n<p>\ud83d\udcf0 Notre derni\u00e8re actualit\u00e9. <strong><a href=\"https:\/\/www.latribune.fr\/economie\/international\/le-royaume-uni-augmente-son-budget-defense-de-maniere-inedite-1019192.html\" target=\"_blank\" rel=\"noopener\">Le Royaume-Uni\u202faugmente son budget d\u00e9fense de mani\u00e8re in\u00e9dite<\/a><\/strong><\/p>\n","protected":false},"excerpt":{"rendered":"C&rsquo;est au tour de l&rsquo;Espagne d&rsquo;investir dans sa d\u00e9fense. Le Premier ministre espagnol, Pedro S\u00e1nchez, a promis, ce&hellip;\n","protected":false},"author":2,"featured_media":21134,"comment_status":"","ping_status":"","sticky":false,"template":"","format":"standard","meta":{"footnotes":""},"categories":[1587],"tags":[17,11,672,1804,7960,1805,554,1803,645,123,1777,674,27,1801,12,1802,3711,7199],"class_list":{"0":"post-21133","1":"post","2":"type-post","3":"status-publish","4":"format-standard","5":"has-post-thumbnail","7":"category-allemagne","8":"tag-17","9":"tag-actualites","10":"tag-allemagne","11":"tag-bundesrepublik-deutschland","12":"tag-chacun","13":"tag-de","14":"tag-defense","15":"tag-deutschland","16":"tag-entreprises-finance","17":"tag-espagne","18":"tag-eu","19":"tag-europe","20":"tag-france","21":"tag-germany","22":"tag-news","23":"tag-republique-federale-dallemagne","24":"tag-son","25":"tag-suede"},"share_on_mastodon":{"url":"https:\/\/pubeurope.com\/@fr\/114328252178306692","error":""},"_links":{"self":[{"href":"https:\/\/www.europesays.com\/fr\/wp-json\/wp\/v2\/posts\/21133","targetHints":{"allow":["GET"]}}],"collection":[{"href":"https:\/\/www.europesays.com\/fr\/wp-json\/wp\/v2\/posts"}],"about":[{"href":"https:\/\/www.europesays.com\/fr\/wp-json\/wp\/v2\/types\/post"}],"author":[{"embeddable":true,"href":"https:\/\/www.europesays.com\/fr\/wp-json\/wp\/v2\/users\/2"}],"replies":[{"embeddable":true,"href":"https:\/\/www.europesays.com\/fr\/wp-json\/wp\/v2\/comments?post=21133"}],"version-history":[{"count":0,"href":"https:\/\/www.europesays.com\/fr\/wp-json\/wp\/v2\/posts\/21133\/revisions"}],"wp:featuredmedia":[{"embeddable":true,"href":"https:\/\/www.europesays.com\/fr\/wp-json\/wp\/v2\/media\/21134"}],"wp:attachment":[{"href":"https:\/\/www.europesays.com\/fr\/wp-json\/wp\/v2\/media?parent=21133"}],"wp:term":[{"taxonomy":"category","embeddable":true,"href":"https:\/\/www.europesays.com\/fr\/wp-json\/wp\/v2\/categories?post=21133"},{"taxonomy":"post_tag","embeddable":true,"href":"https:\/\/www.europesays.com\/fr\/wp-json\/wp\/v2\/tags?post=21133"}],"curies":[{"name":"wp","href":"https:\/\/api.w.org\/{rel}","templated":true}]}}