{"id":211332,"date":"2025-06-28T16:38:30","date_gmt":"2025-06-28T16:38:30","guid":{"rendered":"https:\/\/www.europesays.com\/fr\/211332\/"},"modified":"2025-06-28T16:38:30","modified_gmt":"2025-06-28T16:38:30","slug":"nancy-attention-coup-de-chaud-en-perspective","status":"publish","type":"post","link":"https:\/\/www.europesays.com\/fr\/211332\/","title":{"rendered":"Nancy. Attention, coup de chaud en perspective"},"content":{"rendered":"<p>   Brumisateurs et lieux frais <\/p>\n<p><a href=\"https:\/\/www.estrepublicain.fr\/encadres\/2024\/08\/08\/une-dizaine-de-brumisateurs-sont-a-disposition-a-nancy-a-retrouver-sur-notre-carte-interactive\" target=\"_blank\" rel=\"noopener\">Des brumisateurs<\/a> seront op\u00e9rationnels d\u00e8s ce lundi dans les lieux suivants\u00a0: place 9-DIC (Haussonville), parc Olry (pr\u00e8s de l\u2019aire de jeux), parc Sainte-Marie (pr\u00e8s du terrain de basket), parc de la Cure-d\u2019Air, place Boris-Vian (Beauregard), plateau de Haye (pr\u00e8s de la mairie de quartier), parc Charles-III, jardin d\u2019eau.<\/p>\n<p>A noter, le jardin d\u2019eau de la P\u00e9pini\u00e8re est accessible au public depuis le 1 er \u00a0juin. Il est \u00e9quip\u00e9 de 6 fauteuils PMR (personne \u00e0 mobilit\u00e9 r\u00e9duite) tous waterproof\u00a0: 2 pour adultes, 2 pour enfants et 2 d\u00e9ambulateurs.<\/p>\n<p>Le parc de la P\u00e9pini\u00e8re sera ouvert jusqu\u2019\u00e0 minuit du mardi 1 er \u00a0juillet au 31\u00a0octobre 2025, et le parc Sainte-Marie jusqu\u2019\u00e0 22\u00a0h\u00a030 du 1 er \u00a0juin au 31\u00a0ao\u00fbt, voire jusqu\u2019\u00e0 minuit en cas de fortes chaleurs. Le Mus\u00e9e des Beaux-Arts sera accessible au public gratuitement quand les temp\u00e9ratures d\u00e9passeront 34\u00b0C.Fontaines \u00e0 eau potable<\/p>\n<p>Par ailleurs, 25 fontaines d\u2019eau potable sont \u00e0 disposition dans les espaces publics, 84 si l\u2019on compte celles install\u00e9es dans les cimeti\u00e8res. Ces points d\u2019eau permettent de s\u2019hydrater et de remplir les gourdes. La carte des fontaines est consultable sur\u00a0: <a href=\"https:\/\/www.nancy.fr\/nancy-la-ville\/la-nature-dans-la-ville\/les-fontaines-deau-potable\" target=\"_blank\" rel=\"noopener\"> Les fontaines d\u2019eau potable.<\/a><\/p>\n<p>  Les cours d\u2019\u00e9coles accessibles du 5\u00a0juillet au 24\u00a0ao\u00fbt<\/p>\n<p>Pour offrir des espaces ombrag\u00e9s et s\u00e9curis\u00e9s en c\u0153ur de quartier, plusieurs cours d\u2019\u00e9coles resteront ouvertes tout l\u2019\u00e9t\u00e9, 7\u00a0J\/7 de 9\u00a0h \u00e0 21\u00a0h\u00a030 et jusqu\u2019\u00e0 minuit en cas de canicule\u00a0: Boudonville (\u00e9l\u00e9mentaire), Buthegn\u00e9mont (maternelle), Clemenceau (maternelle), Jean-Jaur\u00e8s (maternelle et \u00e9l\u00e9mentaire), Mac Mahon, Montet (maternelle), Saint-Georges (\u00e9l\u00e9mentaire), Stanislas (\u00e9l\u00e9mentaire).<\/p>\n<p>  Inscription au registre des personnes fragiles<\/p>\n<p>Les personnes de 65 ans et plus r\u00e9sidant \u00e0 leur domicile, de 60 ans et plus reconnues inaptes au travail r\u00e9sidant \u00e0 leur domicile et les personnes adultes en situation de handicap sont invit\u00e9es \u00e0 s\u2019inscrire au registre des personnes fragiles.<\/p>\n<p>L\u2019inscription garantit, en cas de d\u00e9clenchement du plan d\u2019alerte et d\u2019urgence, une prise de contact par la cellule de crise du CCAS afin de s\u2019assurer que tout va bien, rappeler les consignes \u00e9l\u00e9mentaires et d\u00e9p\u00eacher un service de secours, si le cas le n\u00e9cessite. Toutes les personnes inscrites sur le registre communal sont contact\u00e9es deux fois par semaine. Comment s\u2019inscrire ou inscrire un proche\u00a0? En mairie de quartier ou au CCAS. Par t\u00e9l\u00e9phone\u00a0: 03\u00a083\u00a039\u00a003\u00a048 (du lundi au vendredi de 8\u00a0h\u00a030 \u00e0 16\u00a0h\u00a030). Par courrier via le formulaire \u00e0 t\u00e9l\u00e9charger sur le site de la Ville\u00a0: <a href=\"https:\/\/www.nancy.fr\/fileadmin\/NAN\/services\/seniors\/PDF\/services-seniors\/inscription-registre-personne-fragile-par-un-tiers.pdf\" target=\"_blank\" rel=\"noopener\"> formulaire d\u2019inscription.<\/a><\/p>\n","protected":false},"excerpt":{"rendered":"Brumisateurs et lieux frais Des brumisateurs seront op\u00e9rationnels d\u00e8s ce lundi dans les lieux suivants\u00a0: place 9-DIC (Haussonville),&hellip;\n","protected":false},"author":2,"featured_media":211333,"comment_status":"","ping_status":"","sticky":false,"template":"","format":"standard","meta":{"footnotes":""},"categories":[9635],"tags":[1111,11,6698,1704,436,1777,674,1011,27,775,1702,1703,12,25],"class_list":{"0":"post-211332","1":"post","2":"type-post","3":"status-publish","4":"format-standard","5":"has-post-thumbnail","7":"category-nancy","8":"tag-actu","9":"tag-actualites","10":"tag-canicule","11":"tag-edition-nancy-et-agglomeration","12":"tag-environnement","13":"tag-eu","14":"tag-europe","15":"tag-fr","16":"tag-france","17":"tag-grand-est","18":"tag-nancy","19":"tag-nancy-ville-54b","20":"tag-news","21":"tag-republique-francaise"},"share_on_mastodon":{"url":"","error":""},"_links":{"self":[{"href":"https:\/\/www.europesays.com\/fr\/wp-json\/wp\/v2\/posts\/211332","targetHints":{"allow":["GET"]}}],"collection":[{"href":"https:\/\/www.europesays.com\/fr\/wp-json\/wp\/v2\/posts"}],"about":[{"href":"https:\/\/www.europesays.com\/fr\/wp-json\/wp\/v2\/types\/post"}],"author":[{"embeddable":true,"href":"https:\/\/www.europesays.com\/fr\/wp-json\/wp\/v2\/users\/2"}],"replies":[{"embeddable":true,"href":"https:\/\/www.europesays.com\/fr\/wp-json\/wp\/v2\/comments?post=211332"}],"version-history":[{"count":0,"href":"https:\/\/www.europesays.com\/fr\/wp-json\/wp\/v2\/posts\/211332\/revisions"}],"wp:featuredmedia":[{"embeddable":true,"href":"https:\/\/www.europesays.com\/fr\/wp-json\/wp\/v2\/media\/211333"}],"wp:attachment":[{"href":"https:\/\/www.europesays.com\/fr\/wp-json\/wp\/v2\/media?parent=211332"}],"wp:term":[{"taxonomy":"category","embeddable":true,"href":"https:\/\/www.europesays.com\/fr\/wp-json\/wp\/v2\/categories?post=211332"},{"taxonomy":"post_tag","embeddable":true,"href":"https:\/\/www.europesays.com\/fr\/wp-json\/wp\/v2\/tags?post=211332"}],"curies":[{"name":"wp","href":"https:\/\/api.w.org\/{rel}","templated":true}]}}