{"id":211343,"date":"2025-06-28T16:44:08","date_gmt":"2025-06-28T16:44:08","guid":{"rendered":"https:\/\/www.europesays.com\/fr\/211343\/"},"modified":"2025-06-28T16:44:08","modified_gmt":"2025-06-28T16:44:08","slug":"une-bretelle-de-sortie-fermee-pendant-plusieurs-nuits","status":"publish","type":"post","link":"https:\/\/www.europesays.com\/fr\/211343\/","title":{"rendered":"une bretelle de sortie ferm\u00e9e pendant plusieurs nuits"},"content":{"rendered":"<p>            Par<br \/>\n        <strong><br \/>\n            <a href=\"https:\/\/actu.fr\/auteur\/adrien-filoche\" title=\"Consulter tous les articles de Adrien Filoche\" rel=\"nofollow noopener\" target=\"_blank\">Adrien Filoche<\/a><br \/>\n        <\/strong><\/p>\n<p>        Publi\u00e9 le<\/p>\n<p>            28 juin 2025 \u00e0 17h46        <\/p>\n<p>Des travaux sont annonc\u00e9s sur la RN338, <a href=\"https:\/\/actu.fr\/normandie\/rouen_76540\/aucun-panneau-aucune-route-a-ce-nom-mais-pourquoi-dit-on-la-sud-iii-a-rouen_38060850.html\" rel=\"nofollow noopener\" target=\"_blank\">dit la Sud 3<\/a>, au niveau de la commune de <a href=\"https:\/\/actu.fr\/normandie\/le-grand-quevilly_76322\" rel=\"nofollow noopener\" target=\"_blank\">Grand-Quevilly (Seine-Maritime)<\/a>, entre fin juin et d\u00e9but juillet\u00a02025. La circulation sera perturb\u00e9e plusieurs nuits.<\/p>\n<p>Une bretelle de sortie ferm\u00e9e plusieurs nuits<\/p>\n<p class=\" wall-content\">Dans un communiqu\u00e9 publi\u00e9 le 26\u00a0juin, la Dirno (Direction Interd\u00e9partementale des Routes Nord-Ouest) pr\u00e9vient que la\u00a0<strong>bretelle de sortie \u00ab\u2009Bois Cany\u2009\u00bb <\/strong>sera<strong> ferm\u00e9e \u00e0 la circulation<\/strong> pendant huit nuits, <strong>de 21h00 \u00e0 06h00<\/strong>, et ce entre le 30\u00a0juin 2025 et le 11\u00a0juillet 2025.<\/p>\n<p class=\" wall-content\">Cette fermeture est li\u00e9e \u00e0 \u00ab\u2009des travaux d\u2019am\u00e9nagement de voirie urbaine\u2009\u00bb.\u00a0Une d\u00e9viation sera mise en place lors de ces fermetures conform\u00e9ment, comme on peut le voir dans <strong>le plan ci-dessous\u2009:<\/strong><\/p>\n<p><a href=\"https:\/\/static.actu.fr\/uploads\/2025\/06\/plan-com-fermeture-bretelle-bois-cany-2-1.pdf\" rel=\"nofollow noopener\" target=\"_blank\">Afficher ou t\u00e9l\u00e9charger le fichier.<\/a><\/p>\n<p class=\" wall-content\">La Dirno appelle par ailleurs les usagers de la route\u00a0\u00e0 \u00ab\u2009la plus grande prudence\u2009\u00bb, alors que quelques jours plus t\u00f4t, le 24\u00a0juin, <a href=\"https:\/\/actu.fr\/normandie\/heudreville-sur-eure_27335\/eure-un-agent-des-routes-decede-lors-dune-intervention-sur-la-rn-154_62821663.html\" rel=\"nofollow noopener\" target=\"_blank\">un agent est d\u00e9c\u00e9d\u00e9 sur la RN 154 \u00e0 Heudreville-sur-Eure.<\/a> Il intervenait pour mettre en s\u00e9curit\u00e9 un v\u00e9hicule en panne.<\/p>\n<p>Suivez l\u2019actualit\u00e9 de Rouen sur <a href=\"https:\/\/www.whatsapp.com\/channel\/0029VaKfnf99hXF2ddApFB1D\" rel=\"nofollow noopener\" target=\"_blank\">notre cha\u00eene WhatsApp<\/a> et sur <a href=\"https:\/\/www.tiktok.com\/@76actu.fr?lang=fr\" rel=\"nofollow noopener\" target=\"_blank\">notre compte TikTok<\/a><\/p>\n<p class=\" wall-content\">Suivez toute l\u2019actualit\u00e9 de vos villes et m\u00e9dias favoris en vous inscrivant \u00e0 <a href=\"https:\/\/moncompte.actu.fr\" title=\"D\u00e9couvez Mon Actu\" rel=\"nofollow noopener\" data-trk=\"{&quot;cta&quot;:{&quot;action&quot;:&quot;https:\\\/\\\/moncompte.actu.fr&quot;,&quot;category&quot;:&quot;mon compte&quot;,&quot;from&quot;:&quot;article footer&quot;,&quot;name&quot;:&quot;Mon actu&quot;,&quot;type&quot;:&quot;cta&quot;}}\" target=\"_blank\">Mon Actu<\/a>.<\/p>\n<p>                    <script async src=\"\/\/www.tiktok.com\/embed.js\"><\/script><\/p>\n","protected":false},"excerpt":{"rendered":"Par Adrien Filoche Publi\u00e9 le 28 juin 2025 \u00e0 17h46 Des travaux sont annonc\u00e9s sur la RN338, dit&hellip;\n","protected":false},"author":2,"featured_media":211344,"comment_status":"","ping_status":"","sticky":false,"template":"","format":"standard","meta":{"footnotes":""},"categories":[9587],"tags":[1111,11,1777,674,1011,27,12,5161,25,9590,104,2086],"class_list":{"0":"post-211343","1":"post","2":"type-post","3":"status-publish","4":"format-standard","5":"has-post-thumbnail","7":"category-rouen","8":"tag-actu","9":"tag-actualites","10":"tag-eu","11":"tag-europe","12":"tag-fr","13":"tag-france","14":"tag-news","15":"tag-normandie","16":"tag-republique-francaise","17":"tag-rouen","18":"tag-societe","19":"tag-travaux"},"share_on_mastodon":{"url":"","error":""},"_links":{"self":[{"href":"https:\/\/www.europesays.com\/fr\/wp-json\/wp\/v2\/posts\/211343","targetHints":{"allow":["GET"]}}],"collection":[{"href":"https:\/\/www.europesays.com\/fr\/wp-json\/wp\/v2\/posts"}],"about":[{"href":"https:\/\/www.europesays.com\/fr\/wp-json\/wp\/v2\/types\/post"}],"author":[{"embeddable":true,"href":"https:\/\/www.europesays.com\/fr\/wp-json\/wp\/v2\/users\/2"}],"replies":[{"embeddable":true,"href":"https:\/\/www.europesays.com\/fr\/wp-json\/wp\/v2\/comments?post=211343"}],"version-history":[{"count":0,"href":"https:\/\/www.europesays.com\/fr\/wp-json\/wp\/v2\/posts\/211343\/revisions"}],"wp:featuredmedia":[{"embeddable":true,"href":"https:\/\/www.europesays.com\/fr\/wp-json\/wp\/v2\/media\/211344"}],"wp:attachment":[{"href":"https:\/\/www.europesays.com\/fr\/wp-json\/wp\/v2\/media?parent=211343"}],"wp:term":[{"taxonomy":"category","embeddable":true,"href":"https:\/\/www.europesays.com\/fr\/wp-json\/wp\/v2\/categories?post=211343"},{"taxonomy":"post_tag","embeddable":true,"href":"https:\/\/www.europesays.com\/fr\/wp-json\/wp\/v2\/tags?post=211343"}],"curies":[{"name":"wp","href":"https:\/\/api.w.org\/{rel}","templated":true}]}}