{"id":211379,"date":"2025-06-28T17:05:10","date_gmt":"2025-06-28T17:05:10","guid":{"rendered":"https:\/\/www.europesays.com\/fr\/211379\/"},"modified":"2025-06-28T17:05:10","modified_gmt":"2025-06-28T17:05:10","slug":"auvergne-rhone-alpes-quand-la-region-bourgogne-franche-comte-vient-chercher-ses-futurs-habitants-a-lyon","status":"publish","type":"post","link":"https:\/\/www.europesays.com\/fr\/211379\/","title":{"rendered":"Auvergne-Rh\u00f4ne-Alpes. Quand la r\u00e9gion Bourgogne-Franche-Comt\u00e9 vient chercher ses futurs habitants \u00e0 Lyon"},"content":{"rendered":"<p>La Bourgogne-Franche-Comt\u00e9, une terre d\u2019opportunit\u00e9s\u00a0? Pour promouvoir son attractivit\u00e9 et s\u00e9duire de futurs habitants, la cinqui\u00e8me r\u00e9gion de France a pris ses quartiers \u00e0 la Sucri\u00e8re, mercredi 25\u00a0juin, \u00e0 l\u2019occasion du Salon du Travail et de la Mobilit\u00e9 Professionnelle. Tout au long de la journ\u00e9e, entre le stand du Cantal et celui de la Sa\u00f4ne-et-Loire, une quinzaine d\u2019agents ont vant\u00e9 les m\u00e9rites d\u2019un territoire qui souffre d\u2019une <a href=\"https:\/\/www.leprogres.fr\/societe\/2020\/09\/22\/moins-40-de-naissances-en-55-ans\" target=\"_blank\" rel=\"noopener\">baisse de natalit\u00e9<\/a> et d\u2019in\u00e9galit\u00e9s d\u00e9mographiques.<\/p>\n<p>Sur les 3 000 participants rencontr\u00e9s, ils ont r\u00e9ussi \u00e0&#8230;<\/p>\n","protected":false},"excerpt":{"rendered":"La Bourgogne-Franche-Comt\u00e9, une terre d\u2019opportunit\u00e9s\u00a0? Pour promouvoir son attractivit\u00e9 et s\u00e9duire de futurs habitants, la cinqui\u00e8me r\u00e9gion de&hellip;\n","protected":false},"author":2,"featured_media":211380,"comment_status":"","ping_status":"","sticky":false,"template":"","format":"standard","meta":{"footnotes":""},"categories":[1889],"tags":[1111,11,2430,9223,33,2757,1777,674,1011,27,2428,2756,198,12,25,2429,104],"class_list":{"0":"post-211379","1":"post","2":"type-post","3":"status-publish","4":"format-standard","5":"has-post-thumbnail","7":"category-lyon","8":"tag-actu","9":"tag-actualites","10":"tag-auvergne-rhone-alpes","11":"tag-carnet-du-jour","12":"tag-economie","13":"tag-edition-lyon-villeurbanne","14":"tag-eu","15":"tag-europe","16":"tag-fr","17":"tag-france","18":"tag-lyon","19":"tag-lyon-bassin","20":"tag-naissance","21":"tag-news","22":"tag-republique-francaise","23":"tag-rhone","24":"tag-societe"},"share_on_mastodon":{"url":"","error":""},"_links":{"self":[{"href":"https:\/\/www.europesays.com\/fr\/wp-json\/wp\/v2\/posts\/211379","targetHints":{"allow":["GET"]}}],"collection":[{"href":"https:\/\/www.europesays.com\/fr\/wp-json\/wp\/v2\/posts"}],"about":[{"href":"https:\/\/www.europesays.com\/fr\/wp-json\/wp\/v2\/types\/post"}],"author":[{"embeddable":true,"href":"https:\/\/www.europesays.com\/fr\/wp-json\/wp\/v2\/users\/2"}],"replies":[{"embeddable":true,"href":"https:\/\/www.europesays.com\/fr\/wp-json\/wp\/v2\/comments?post=211379"}],"version-history":[{"count":0,"href":"https:\/\/www.europesays.com\/fr\/wp-json\/wp\/v2\/posts\/211379\/revisions"}],"wp:featuredmedia":[{"embeddable":true,"href":"https:\/\/www.europesays.com\/fr\/wp-json\/wp\/v2\/media\/211380"}],"wp:attachment":[{"href":"https:\/\/www.europesays.com\/fr\/wp-json\/wp\/v2\/media?parent=211379"}],"wp:term":[{"taxonomy":"category","embeddable":true,"href":"https:\/\/www.europesays.com\/fr\/wp-json\/wp\/v2\/categories?post=211379"},{"taxonomy":"post_tag","embeddable":true,"href":"https:\/\/www.europesays.com\/fr\/wp-json\/wp\/v2\/tags?post=211379"}],"curies":[{"name":"wp","href":"https:\/\/api.w.org\/{rel}","templated":true}]}}