{"id":211387,"date":"2025-06-28T17:09:12","date_gmt":"2025-06-28T17:09:12","guid":{"rendered":"https:\/\/www.europesays.com\/fr\/211387\/"},"modified":"2025-06-28T17:09:12","modified_gmt":"2025-06-28T17:09:12","slug":"la-villa-en-dehors-de-paris-de-karl-lagerfeld-vendue-aux-encheres-notariales-2","status":"publish","type":"post","link":"https:\/\/www.europesays.com\/fr\/211387\/","title":{"rendered":"La \u00ab\u00a0villa en dehors de Paris\u00a0\u00bb de Karl Lagerfeld vendue aux ench\u00e8res notariales"},"content":{"rendered":"<p>\n                                        <b>Par<\/b><br \/>\n                                        <br \/>AFP\n                                    <\/p>\n<p>\n                                    <b>Publi\u00e9 le<\/b><br \/>\n                                    <\/p>\n<p>                                        28 juin 2025<\/p>\n<p class=\"article-content col-md-8 offset-md-1\">\n                                Demeure \u00e0 l&rsquo;abri des regards, lieu de r\u00e9ception et havre de cr\u00e9ation: une propri\u00e9t\u00e9 francilienne ayant appartenu au c\u00e9l\u00e8bre couturier allemand <a class=\"fnwAddLinks\" href=\"https:\/\/be.fashionnetwork.com\/tags-karl-lagerfeld\" title=\"Karl Lagerfeld\" rel=\"nofollow noopener\" target=\"_blank\">Karl Lagerfeld<\/a> jusqu&rsquo;\u00e0 sa mort en 2019 va \u00eatre vendue mardi aux ench\u00e8res notariales.<\/p>\n<p><img decoding=\"async\" class=\"news-image\" style=\"width:100%;\" src=\"https:\/\/www.europesays.com\/fr\/wp-content\/uploads\/2025\/06\/f637.jpg\" alt=\"La maison historique du XIXe si\u00e8cle ayant appartenu au cr\u00e9ateur de mode allemand, Karl Lagerfeld, \u00e0 Louveciennes.\" loading=\"lazy\"\/>La maison historique du XIXe si\u00e8cle ayant appartenu au cr\u00e9ateur de mode allemand, Karl Lagerfeld, \u00e0 Louveciennes. &#8211; Kiran RIDLEY \/ AFP<\/p>\n<p>Achet\u00e9 en 2010 par Lagerfeld, le \u00ab\u00a0Domaine de voisins\u00a0\u00bb situ\u00e9 \u00e0 Louveciennes (Yvelines), surnomm\u00e9 \u00ab\u00a0la villa en dehors de Paris\u00a0\u00bb par l&rsquo;ic\u00f4ne de la mode, sera mis en vente \u00e0 un prix de d\u00e9part de 4,6 millions d&rsquo;euros.<\/p>\n<p>Un parc de deux hectares renferme trois maisons distinctes, une piscine et un court de tennis, entour\u00e9s \u00ab\u00a0d&rsquo;arbres ou de murs\u00a0\u00bb assurant \u00ab\u00a0discr\u00e9tion et anonymat\u00a0\u00bb, souligne J\u00e9r\u00f4me Cauro, notaire \u00e0 l&rsquo;\u00e9tude Arias charg\u00e9e de la vente.<\/p>\n<p class=\"col-md-8 offset-md-1 article-content--texte\">Principale b\u00e2tisse, la \u00ab\u00a0maison du ma\u00eetre\u00a0\u00bb, comme l&rsquo;appelle J\u00e9r\u00f4me Cauro, est classique \u00e0 l&rsquo;ext\u00e9rieur, sobre \u00e0 l&rsquo;int\u00e9rieur. L&rsquo;absence de mobilier lors de la visite, \u00e0 laquelle l&rsquo;AFP a particip\u00e9, n&rsquo;aide pas \u00e0 se projeter dans l&rsquo;atmosph\u00e8re du couturier.<\/p>\n<p>Quelques clich\u00e9s publi\u00e9s dans un livre de Marie Kalt et Patrick Mauri\u00e8s sur les d\u00e9cors des propri\u00e9t\u00e9s de Karl Lagerfeld r\u00e9v\u00e8lent des meubles de cr\u00e9ateurs, des affiches publicitaires allemandes collectionn\u00e9es par le couturier et d&rsquo;innombrables \u00e9tag\u00e8res de livres.<\/p>\n<p class=\"col-md-10 exergue\">Ambassade du style Lagerfeld\u00a0<\/p>\n<p>\u00ab\u00a0C&rsquo;est une propri\u00e9t\u00e9 qui a \u00e9t\u00e9 l&rsquo;\u00e9crin de son mobilier\u00a0\u00bb, explique Arno Felber, \u00e9galement notaire \u00e0 l&rsquo;\u00e9tude Arias. \u00ab\u00a0Il a tout mis dans cette derni\u00e8re maison, il l&rsquo;aimait vraiment beaucoup. Il l&rsquo;appelait +la vraie version de lui-m\u00eame+\u00a0\u00bb, confiait en 2021 \u00e0 <a class=\"fnwAddLinks\" href=\"https:\/\/be.fashionnetwork.com\/tags-vogue\" title=\"Vogue\" rel=\"nofollow noopener\" target=\"_blank\">Vogue<\/a> sa muse et bras droit Amanda Harlech.<\/p>\n<p>L&rsquo;ancien directeur artistique embl\u00e9matique de <a class=\"fnwAddLinks\" href=\"https:\/\/be.fashionnetwork.com\/tags-chanel\" title=\"Chanel\" rel=\"nofollow noopener\" target=\"_blank\">Chanel<\/a> avait m\u00eame fait reproduire sa chambre d&rsquo;enfant dans une petite pi\u00e8ce aux murs tapiss\u00e9s d&rsquo;un tissu l\u00e9opard.<\/p>\n<p>Rien n&rsquo;est certain cependant sur les habitudes de Karl Lagerfeld dans cette maison. La l\u00e9gende dit qu&rsquo;il n&rsquo;y aurait dormi qu&rsquo;une seule nuit, qu&rsquo;il aurait accueilli une grande r\u00e9ception en l&rsquo;honneur de la princesse Caroline de Monaco ou encore qu&rsquo;il la pr\u00eatait volontiers \u00e0 ses amis.<\/p>\n<p>\u00ab\u00a0Il aimait y venir la journ\u00e9e pour cr\u00e9er et il aimait recevoir\u00a0\u00bb, croit savoir J\u00e9r\u00f4me Cauro. Les trois salons et la cuisine, dot\u00e9e de quatre fours, cinq \u00e9viers, deux frigos et deux friteuses, sont en effet dimensionn\u00e9s pour des d\u00eeners de 100 personnes.<\/p>\n<p>L&rsquo;atelier de Karl Lagerferld occupait une grande partie du 1er \u00e9tage de la demeure de 600 m\u00b3, o\u00f9 il avait install\u00e9 des voilages sur chaque fen\u00eatre et s&rsquo;\u00e9clairait de lumi\u00e8res tr\u00e8s blanches, comme il en avait l&rsquo;habitude dans ses ateliers. De ses phases de cr\u00e9ation restent quelques pots carr\u00e9s de peinture laiss\u00e9s dans un tiroir.<\/p>\n<p>A deux pas se trouve la \u00ab\u00a0maison d&rsquo;amis\u00a0\u00bb et ses trois chambres, et en contrebas du parc la \u00ab\u00a0pool house\u00a0\u00bb, une maison avec une chambre, adjacente \u00e0 la piscine et au terrain de tennis.<\/p>\n<p>&#8211; Extincteurs design &#8211;<\/p>\n<p>Selon l&rsquo;\u00e9tude notariale Arias, la l\u00e9gende de la mode a r\u00e9alis\u00e9 des \u00ab\u00a0travaux colossaux\u00a0\u00bb dans cette propri\u00e9t\u00e9 qui a appartenu au po\u00e8te Leconte de Lisle et \u00e0 des membres de la famille Rothschild dans la premi\u00e8re moiti\u00e9 du XIXe si\u00e8cle.<\/p>\n<p>\u00ab\u00a0On n&rsquo;a pas de facture, mais on estime que le montant des travaux est proche du montant de mise \u00e0 prix\u00a0\u00bb de 4,6 millions, indique Arno Felber.<\/p>\n<p>Tous les b\u00e2timents ont \u00e9t\u00e9 r\u00e9nov\u00e9s et modernis\u00e9s avec un soin du d\u00e9tail qui est all\u00e9 jusqu&rsquo;\u00e0 la peinture des prises \u00e9lectriques et au choix d&rsquo;extincteurs au design argent\u00e9 pour ne pas jurer avec la d\u00e9coration.<\/p>\n<p>Laiss\u00e9e \u00e0 l&rsquo;abandon apr\u00e8s le d\u00e9c\u00e8s du \u00ab\u00a0Kaiser\u00a0\u00bb, la maison a \u00e9t\u00e9 rachet\u00e9e en 2023 par une fonci\u00e8re qui a repris son entretien et l&rsquo;a remise en vente.<\/p>\n<p>J\u00e9r\u00f4me Caudo assure avoir eu \u00ab\u00a0des contacts avec des familles\u00a0\u00bb et pense que le bien peut aussi int\u00e9resser des acteurs de l&rsquo;\u00e9v\u00e9nementiel ou des soci\u00e9t\u00e9s.<\/p>\n<p>La vente se d\u00e9roulera \u00ab\u00a0\u00e0 la bougie\u00a0\u00bb, selon la m\u00e9thode d&rsquo;adjudication traditionnelle des notaires: le temps de l&rsquo;ench\u00e8re est d\u00e9fini par la consumation de deux bougies d&rsquo;une quinzaine de secondes chacune.<\/p>\n<p>En mars 2024, l&rsquo;appartement parisien de Karl Lagerfeld, un trois-pi\u00e8ces futuriste de 260 m2 dot\u00e9 d&rsquo;un dressing de plus de 50 m2, avait \u00e9t\u00e9 vendu dix millions d&rsquo;euros par l&rsquo;\u00e9tude de notaires Althemis, soit deux fois plus que son prix de vente.Par Juliette VILROBE\n                            <\/p>\n<p>\n                                Tous droits de reproduction et de repr\u00e9sentation r\u00e9serv\u00e9s.<br \/>\u00a9 2025 Agence France-Presse<br \/>Toutes les informations reproduites dans cette rubrique (ou sur cette page selon le cas) sont prot\u00e9g\u00e9es par des droits de propri\u00e9t\u00e9 intellectuelle d\u00e9tenus par l&rsquo;AFP. Par cons\u00e9quent, aucune de ces informations ne peut \u00eatre reproduite, modifi\u00e9e, rediffus\u00e9e, traduite, exploit\u00e9e commercialement ou r\u00e9utilis\u00e9e de quelque mani\u00e8re que ce soit sans l&rsquo;accord pr\u00e9alable \u00e9crit de l&rsquo;AFP. L&rsquo;AFP ne pourra \u00eatre tenue pour responsable des d\u00e9lais, erreurs, omissions qui ne peuvent \u00eatre exclus, ni des cons\u00e9quences des actions ou transactions effectu\u00e9es sur la base de ces informations.\n                            <\/p>\n","protected":false},"excerpt":{"rendered":"Par AFP Publi\u00e9 le 28 juin 2025 Demeure \u00e0 l&rsquo;abri des regards, lieu de r\u00e9ception et havre de&hellip;\n","protected":false},"author":2,"featured_media":211010,"comment_status":"","ping_status":"","sticky":false,"template":"","format":"standard","meta":{"footnotes":""},"categories":[1888],"tags":[1111,1928,11,1927,2424,1890,537,2423,1777,674,1011,27,35057,35056,2425,985,12,1926,2298,626,1925,2426,2427,25,2421,2422,22546],"class_list":{"0":"post-211387","1":"post","2":"type-post","3":"status-publish","4":"format-standard","5":"has-post-thumbnail","7":"category-paris","8":"tag-actu","9":"tag-actu-paris","10":"tag-actualites","11":"tag-actualites-paris","12":"tag-beaute","13":"tag-chanel","14":"tag-contact","15":"tag-cosmetiques","16":"tag-eu","17":"tag-europe","18":"tag-fr","19":"tag-france","20":"tag-karl-lagerfeld","21":"tag-latelier","22":"tag-luxe","23":"tag-mode","24":"tag-news","25":"tag-news-paris","26":"tag-parfum","27":"tag-paris","28":"tag-paris-news","29":"tag-professionnel","30":"tag-professionnels","31":"tag-republique-francaise","32":"tag-reseau","33":"tag-textile","34":"tag-vogue"},"share_on_mastodon":{"url":"","error":""},"_links":{"self":[{"href":"https:\/\/www.europesays.com\/fr\/wp-json\/wp\/v2\/posts\/211387","targetHints":{"allow":["GET"]}}],"collection":[{"href":"https:\/\/www.europesays.com\/fr\/wp-json\/wp\/v2\/posts"}],"about":[{"href":"https:\/\/www.europesays.com\/fr\/wp-json\/wp\/v2\/types\/post"}],"author":[{"embeddable":true,"href":"https:\/\/www.europesays.com\/fr\/wp-json\/wp\/v2\/users\/2"}],"replies":[{"embeddable":true,"href":"https:\/\/www.europesays.com\/fr\/wp-json\/wp\/v2\/comments?post=211387"}],"version-history":[{"count":0,"href":"https:\/\/www.europesays.com\/fr\/wp-json\/wp\/v2\/posts\/211387\/revisions"}],"wp:featuredmedia":[{"embeddable":true,"href":"https:\/\/www.europesays.com\/fr\/wp-json\/wp\/v2\/media\/211010"}],"wp:attachment":[{"href":"https:\/\/www.europesays.com\/fr\/wp-json\/wp\/v2\/media?parent=211387"}],"wp:term":[{"taxonomy":"category","embeddable":true,"href":"https:\/\/www.europesays.com\/fr\/wp-json\/wp\/v2\/categories?post=211387"},{"taxonomy":"post_tag","embeddable":true,"href":"https:\/\/www.europesays.com\/fr\/wp-json\/wp\/v2\/tags?post=211387"}],"curies":[{"name":"wp","href":"https:\/\/api.w.org\/{rel}","templated":true}]}}