{"id":211389,"date":"2025-06-28T17:11:10","date_gmt":"2025-06-28T17:11:10","guid":{"rendered":"https:\/\/www.europesays.com\/fr\/211389\/"},"modified":"2025-06-28T17:11:10","modified_gmt":"2025-06-28T17:11:10","slug":"en-images-de-paris-a-san-francisco-en-passant-par-budapest-tour-du-monde-des-prides-liberation","status":"publish","type":"post","link":"https:\/\/www.europesays.com\/fr\/211389\/","title":{"rendered":"EN IMAGES &#8211; De Paris \u00e0 San Francisco en passant par Budapest, tour du monde des Prides \u2013 Lib\u00e9ration"},"content":{"rendered":"<p class=\"sc-ksZaOG ehjQrN text-element\">La communaut\u00e9 LGBT + <a href=\"https:\/\/www.liberation.fr\/lifestyle\/intimites\/a-paris-ou-faire-la-fete-avant-ou-apres-la-pride-ce-week-end-20250626_KUFOEDHFWRBHPMLTKW2ICNZ6O4\/\" target=\"_blank\" rel=\"noopener\" title=\"https:\/\/www.liberation.fr\/lifestyle\/intimites\/a-paris-ou-faire-la-fete-avant-ou-apres-la-pride-ce-week-end-20250626_KUFOEDHFWRBHPMLTKW2ICNZ6O4\/\">affiche haut ses couleurs<\/a>, ce samedi 28 juin, \u00e0 l\u2019occasion de la traditionnelle marche des fiert\u00e9s. Le d\u00e9fil\u00e9 est attendu chaque ann\u00e9e par des millions de gays, lesbiennes, bis, personnes trans, queers ou intersexes pour d\u00e9fendre leurs droits \u00e0 travers le monde. Lib\u00e9 vous en propose un petit tour en photos.<\/p>\n<p class=\"sc-ksZaOG ehjQrN text-element\">Qu\u2019importe la <a href=\"https:\/\/www.liberation.fr\/environnement\/climat\/alerte-rouge-et-nuits-tropicales-la-france-va-suffoquer-a-partir-de-ce-week-end-20250627_4SIOXMNEHJDOBEW7IVR54ZOWTA\/\" target=\"_blank\" rel=\"noopener\" title=\"https:\/\/www.liberation.fr\/environnement\/climat\/alerte-rouge-et-nuits-tropicales-la-france-va-suffoquer-a-partir-de-ce-week-end-20250627_4SIOXMNEHJDOBEW7IVR54ZOWTA\/\">m\u00e9t\u00e9o caniculaire<\/a>, dans la capitale fran\u00e7aise, des chars bariol\u00e9s et des milliers de participants affubl\u00e9s de tenues color\u00e9es se sont mis en marche vers 14 h 30 depuis la rue de Rivoli, direction Nation. Le d\u00e9fil\u00e9 se pare cette ann\u00e9e d\u2019une tonalit\u00e9 tr\u00e8s politique, contre \u00abl\u2019internationale r\u00e9actionnaire\u00bb. Une quinzaine<a href=\"https:\/\/www.liberation.fr\/societe\/sexualite-et-genres\/marche-des-fiertes-a-paris-la-participation-du-groupe-reactionnaire-eros-compromet-la-tenue-du-defile-20250625_ZOHYTNDJ2ZGTRFCL5OWYPJYLOU\/\" target=\"_blank\" rel=\"noopener\" title=\"https:\/\/www.liberation.fr\/societe\/sexualite-et-genres\/marche-des-fiertes-a-paris-la-participation-du-groupe-reactionnaire-eros-compromet-la-tenue-du-defile-20250625_ZOHYTNDJ2ZGTRFCL5OWYPJYLOU\/\"> de membres du collectif identitaire Eros<\/a>, dont la venue n\u2019\u00e9tait pas souhait\u00e9e et a cr\u00e9\u00e9 des tensions, s\u2019\u00e9taient <a href=\"https:\/\/www.liberation.fr\/idees-et-debats\/tribunes\/marche-des-fiertes-homos-de-droite-vous-netes-pas-un-paradoxe-mais-une-trahison-20250627_OM43MMOKXRBSXGLS4AVBWGWA4A\/\" target=\"_blank\" rel=\"noopener\" title=\"https:\/\/www.liberation.fr\/idees-et-debats\/tribunes\/marche-des-fiertes-homos-de-droite-vous-netes-pas-un-paradoxe-mais-une-trahison-20250627_OM43MMOKXRBSXGLS4AVBWGWA4A\/\">rassembl\u00e9s \u00e0 l\u2019\u00e9cart du cort\u00e8ge, entour\u00e9s par des forces de l\u2019ordre.<\/a><\/p>\n<p class=\"sc-ksZaOG ehjQrN text-element\">Alors que la Pride <a href=\"https:\/\/www.liberation.fr\/international\/europe\/a-budapest-linterdiction-de-la-pride-met-la-commission-europeenne-face-a-ses-manquements-20250627_BKY4MCKJKVBZPISB45EM3MBG6Q\/\" target=\"_blank\" rel=\"noopener\" title=\"https:\/\/www.liberation.fr\/international\/europe\/a-budapest-linterdiction-de-la-pride-met-la-commission-europeenne-face-a-ses-manquements-20250627_BKY4MCKJKVBZPISB45EM3MBG6Q\/\">a \u00e9t\u00e9 interdite sous l\u2019impulsion du Premier ministre<\/a> nationaliste hongrois, pr\u00e8s de 100 000 personnes (selon le m\u00e9dia ind\u00e9pendant 444.hu) <a href=\"https:\/\/www.liberation.fr\/international\/europe\/face-a-linterdiction-de-la-pride-a-budapest-de-nombreux-elus-francais-feront-le-deplacement-si-cest-la-peur-qui-gagne-cest-lextreme-droite-qui-gagne-20250627_SSLDDQPODRHLTGOUOYAN5PKVJE\/\" target=\"_blank\" rel=\"noopener\" title=\"https:\/\/www.liberation.fr\/international\/europe\/face-a-linterdiction-de-la-pride-a-budapest-de-nombreux-elus-francais-feront-le-deplacement-si-cest-la-peur-qui-gagne-cest-lextreme-droite-qui-gagne-20250627_SSLDDQPODRHLTGOUOYAN5PKVJE\/\">ont rejoint le cort\u00e8ge parti de l\u2019h\u00f4tel de ville<\/a> de Budapest \u00e0 15 heures (heure locale), dans une ambiance festive. Viktor Orb\u00e1n a \u00e9cart\u00e9 toute intervention des forces de l\u2019ordre, soucieux de <a href=\"https:\/\/www.liberation.fr\/international\/europe\/interdiction-de-la-pride-en-hongrie-17-pays-de-lue-appellent-la-commission-europeenne-a-faire-ceder-budapest-20250528_WVVYB6KMNZB3PL2AQX5UF6IBQU\/\" target=\"_blank\" rel=\"noopener\" title=\"https:\/\/www.liberation.fr\/international\/europe\/interdiction-de-la-pride-en-hongrie-17-pays-de-lue-appellent-la-commission-europeenne-a-faire-ceder-budapest-20250528_WVVYB6KMNZB3PL2AQX5UF6IBQU\/\">se pr\u00e9server d\u2019images de r\u00e9pressions violentes<\/a> \u2013 tout en mena\u00e7ant les gays, lesbiennes et transgenres de cons\u00e9quences l\u00e9gales a posteriori.<\/p>\n<p class=\"sc-ksZaOG ehjQrN text-element\">Environ 12 500 personnes ont anim\u00e9 le centre-ville de Dublin avec des couleurs arc-en-ciel ce samedi, selon le quotidien <a href=\"https:\/\/www.independent.ie\/news\/capital-awash-with-colour-as-taoiseach-leads-pride-parade\/a361768191.html\" target=\"_blank\" rel=\"noopener\" title=\"https:\/\/www.independent.ie\/news\/capital-awash-with-colour-as-taoiseach-leads-pride-parade\/a361768191.html\">The Irish Independent<\/a>. L\u2019\u00e9dition est un peu particuli\u00e8re cette ann\u00e9e pour l\u2019Irlande, puisque le pays c\u00e9l\u00e8bre <a href=\"https:\/\/www.liberation.fr\/planete\/2015\/05\/23\/l-irlande-attend-le-resultat-du-referendum-sur-le-mariage-homo_1315109\/\" target=\"_blank\" rel=\"noopener\" title=\"https:\/\/www.liberation.fr\/planete\/2015\/05\/23\/l-irlande-attend-le-resultat-du-referendum-sur-le-mariage-homo_1315109\/\">les dix ans du r\u00e9f\u00e9rendum<\/a> en faveur de la l\u00e9galisation du mariage pour les personnes de m\u00eame sexe.<\/p>\n<p class=\"sc-ksZaOG ehjQrN text-element\">En Finlande, 100 000 personnes ont d\u00e9fil\u00e9, dans le calme, pour les droits LGBT+ au c\u0153ur de la capitale, d\u2019apr\u00e8s les forces de l\u2019ordre, rapporte <a href=\"https:\/\/www.mtvuutiset.fi\/artikkeli\/helsingin-pride-kulkueeseen-odotetaan-yli-100-000-osallistujaa\/9181678\" target=\"_blank\" rel=\"noopener\" title=\"https:\/\/www.mtvuutiset.fi\/artikkeli\/helsingin-pride-kulkueeseen-odotetaan-yli-100-000-osallistujaa\/9181678\">le m\u00e9dia MTV Uutiset<\/a>. Le cort\u00e8ge est arriv\u00e9 au complet au parc de Kaivopuisto \u00e0 15 h 20 samedi. Le Pr\u00e9sident, Alexander Stubb, n\u2019a pas particip\u00e9 lui-m\u00eame au cort\u00e8ge, mais des drapeaux flottent ce samedi sur la fa\u00e7ade du palais pr\u00e9sidentiel, \u00e0 Helsinki, et sa r\u00e9sidence d\u2019\u00e9t\u00e9.<\/p>\n<p class=\"sc-ksZaOG ehjQrN text-element\">Tour de chauffe avant la Pride dans les rues de la ville californienne. Comme le note CBS, quelque 22 000 personnes se sont rassembl\u00e9es \u00e0 San Francisco vendredi, pour la 22e Transgender March. Cette tradition de la semaine des fiert\u00e9s \u00e9tait aussi, cette ann\u00e9e, un acte de r\u00e9sistance face aux <a href=\"https:\/\/www.liberation.fr\/international\/amerique\/avec-donald-trump-la-transphobie-au-plus-haut-sommet-de-letat-20250203_K6XFUHMHRJCQDIWXSDNIADCQBA\/\" target=\"_blank\" rel=\"noopener\" title=\"https:\/\/www.liberation.fr\/international\/amerique\/avec-donald-trump-la-transphobie-au-plus-haut-sommet-de-letat-20250203_K6XFUHMHRJCQDIWXSDNIADCQBA\/\">attaques r\u00e9actionnaires transphobes de Donald Trump<\/a>.<\/p>\n<p class=\"sc-ksZaOG ehjQrN text-element\">A New York, la grande Marche des fiert\u00e9s est pr\u00e9vue pour dimanche. Mais la semaine de la Pride est ponctu\u00e9e par d\u2019autres d\u00e9fil\u00e9s : ce samedi avait lieu la Fiert\u00e9 des jeunes, avec un rassemblement <a href=\"https:\/\/www.liberation.fr\/idees-et-debats\/tribunes\/la-france-doit-proteger-les-personnes-trans-menacees-aux-etats-unis-20250216_FP6VOFYFPFAWZKOKVJGU3OJRRQ\/\" target=\"_blank\" rel=\"noopener\" title=\"https:\/\/www.liberation.fr\/idees-et-debats\/tribunes\/la-france-doit-proteger-les-personnes-trans-menacees-aux-etats-unis-20250216_FP6VOFYFPFAWZKOKVJGU3OJRRQ\/\">pour la protection des jeunes transgenres<\/a>, comme le pr\u00e9cise le <a href=\"https:\/\/www.nycpride.org\/event\/youth-pride\" target=\"_blank\" rel=\"noopener\" title=\"https:\/\/www.nycpride.org\/event\/youth-pride\">site de la NYC Pride<\/a>. D\u2019autres festivit\u00e9s se sont d\u00e9roul\u00e9es depuis le d\u00e9but de la semaine.<\/p>\n","protected":false},"excerpt":{"rendered":"La communaut\u00e9 LGBT + affiche haut ses couleurs, ce samedi 28 juin, \u00e0 l\u2019occasion de la traditionnelle marche&hellip;\n","protected":false},"author":2,"featured_media":211390,"comment_status":"","ping_status":"","sticky":false,"template":"","format":"standard","meta":{"footnotes":""},"categories":[1888],"tags":[11,73,1777,674,1011,27,804,9087,12,626,25],"class_list":{"0":"post-211389","1":"post","2":"type-post","3":"status-publish","4":"format-standard","5":"has-post-thumbnail","7":"category-paris","8":"tag-actualites","9":"tag-etats-unis","10":"tag-eu","11":"tag-europe","12":"tag-fr","13":"tag-france","14":"tag-hongrie","15":"tag-lgbt","16":"tag-news","17":"tag-paris","18":"tag-republique-francaise"},"share_on_mastodon":{"url":"","error":""},"_links":{"self":[{"href":"https:\/\/www.europesays.com\/fr\/wp-json\/wp\/v2\/posts\/211389","targetHints":{"allow":["GET"]}}],"collection":[{"href":"https:\/\/www.europesays.com\/fr\/wp-json\/wp\/v2\/posts"}],"about":[{"href":"https:\/\/www.europesays.com\/fr\/wp-json\/wp\/v2\/types\/post"}],"author":[{"embeddable":true,"href":"https:\/\/www.europesays.com\/fr\/wp-json\/wp\/v2\/users\/2"}],"replies":[{"embeddable":true,"href":"https:\/\/www.europesays.com\/fr\/wp-json\/wp\/v2\/comments?post=211389"}],"version-history":[{"count":0,"href":"https:\/\/www.europesays.com\/fr\/wp-json\/wp\/v2\/posts\/211389\/revisions"}],"wp:featuredmedia":[{"embeddable":true,"href":"https:\/\/www.europesays.com\/fr\/wp-json\/wp\/v2\/media\/211390"}],"wp:attachment":[{"href":"https:\/\/www.europesays.com\/fr\/wp-json\/wp\/v2\/media?parent=211389"}],"wp:term":[{"taxonomy":"category","embeddable":true,"href":"https:\/\/www.europesays.com\/fr\/wp-json\/wp\/v2\/categories?post=211389"},{"taxonomy":"post_tag","embeddable":true,"href":"https:\/\/www.europesays.com\/fr\/wp-json\/wp\/v2\/tags?post=211389"}],"curies":[{"name":"wp","href":"https:\/\/api.w.org\/{rel}","templated":true}]}}