{"id":211407,"date":"2025-06-28T17:20:12","date_gmt":"2025-06-28T17:20:12","guid":{"rendered":"https:\/\/www.europesays.com\/fr\/211407\/"},"modified":"2025-06-28T17:20:12","modified_gmt":"2025-06-28T17:20:12","slug":"73-departements-places-en-vigilance-orange-dimanche","status":"publish","type":"post","link":"https:\/\/www.europesays.com\/fr\/211407\/","title":{"rendered":"73 d\u00e9partements plac\u00e9s en vigilance orange dimanche"},"content":{"rendered":"<p class=\"article-p mdl\">La France continue de se r\u00e9chauffer. Apr\u00e8s avoir plac\u00e9 14 d\u00e9partements en vigilance orange canicule, samedi 28 juin, M\u00e9t\u00e9o-France \u00e9tend ce niveau de vigilance en pla\u00e7ant <strong>73 d\u00e9partements en orange pour la journ\u00e9e du dimanche 29.\u00a0<\/strong><\/p>\n<p class=\"article-p mdl\">\u00ab\u00a0<strong>La nuit de samedi \u00e0 dimanche sera \u00e9touffante<\/strong>, avec plus de 20 degr\u00e9s sur une large moiti\u00e9 sud du pays, 22 \u00e0 25 degr\u00e9s sur le quart sud-est de la France, et pr\u00e8s de la M\u00e9diterran\u00e9e jusqu&rsquo;\u00e0 27 degr\u00e9s, voire un peu plus ponctuellement\u00a0\u00bb, explique M\u00e9t\u00e9o-France.<\/p>\n<p class=\"article-p mdl\"><strong>Presque toute la France est ainsi concern\u00e9e par cette vigilance<\/strong>, \u00e0 part les Hauts-de-France, la Normandie et quelques d\u00e9partements de Bretagne, du Grand-Est, les Hautes-Alpes et la Corse-du-Sud.<\/p>\n<p class=\"article-p mdl\">\u00ab\u00a0La canicule se poursuivra en d\u00e9but de semaine de prochaine, avec des temp\u00e9ratures encore en hausse, except\u00e9 sur le pourtour m\u00e9diterran\u00e9en o\u00f9 elles seront stationnaires. Le <strong>pic de cet \u00e9pisode devrait alors intervenir autour de mardi ou mercredi<\/strong> selon les r\u00e9gions\u00a0\u00bb, assure encore M\u00e9t\u00e9o-France.<\/p>\n<blockquote class=\"twitter-tweet\" data-media-max-width=\"560\">\n<p lang=\"fr\" dir=\"ltr\">\ud83c\udf21\ufe0f 73 d\u00e9partements sont plac\u00e9s en vigilance orange pour canicule ce dimanche 29 juin. Mais jusqu\u2019\u00e0 quand doit-on s\u2019attendre \u00e0 des temp\u00e9ratures exceptionnelles ? La r\u00e9ponse de Val\u00e9rie Quintin dans <a href=\"https:\/\/twitter.com\/hashtag\/LeJournalInattendu?src=hash&amp;ref_src=twsrc%5Etfw\" target=\"_blank\" rel=\"noopener\">#LeJournalInattendu<\/a> avec Nathalie Renoux. <a href=\"https:\/\/t.co\/DOJfvHXAV9\">pic.twitter.com\/DOJfvHXAV9<\/a><\/p>\n<p>\u2014 RTL France (@RTLFrance) <a href=\"https:\/\/twitter.com\/RTLFrance\/status\/1938972413770735670?ref_src=twsrc%5Etfw\" target=\"_blank\" rel=\"noopener\">June 28, 2025<\/a><\/p><\/blockquote>\n<p>    La r\u00e9daction vous recommande<\/p>\n<p class=\"s-newsletter__title\">\n                L\u2019actualit\u00e9 par la r\u00e9daction de RTL dans votre bo\u00eete mail.\n            <\/p>\n<p class=\"s-newsletter__subtitle\">\n                Gr\u00e2ce \u00e0 votre compte RTL abonnez-vous \u00e0 la newsletter RTL info pour suivre toute l&rsquo;actualit\u00e9 au quotidien\n            <\/p>\n<p>\n                                    Lire la suite\n                                <\/p>\n<p>                            <script async src=\"https:\/\/platform.twitter.com\/widgets.js\" charset=\"utf-8\"><\/script><\/p>\n","protected":false},"excerpt":{"rendered":"La France continue de se r\u00e9chauffer. Apr\u00e8s avoir plac\u00e9 14 d\u00e9partements en vigilance orange canicule, samedi 28 juin,&hellip;\n","protected":false},"author":2,"featured_media":211408,"comment_status":"","ping_status":"","sticky":false,"template":"","format":"standard","meta":{"footnotes":""},"categories":[2],"tags":[11,898,6698,107,1011,27,2487,12,25],"class_list":{"0":"post-211407","1":"post","2":"type-post","3":"status-publish","4":"format-standard","5":"has-post-thumbnail","7":"category-actualites","8":"tag-actualites","9":"tag-alerte","10":"tag-canicule","11":"tag-fil-info","12":"tag-fr","13":"tag-france","14":"tag-meteo","15":"tag-news","16":"tag-republique-francaise"},"share_on_mastodon":{"url":"https:\/\/pubeurope.com\/@fr\/114762142427937247","error":""},"_links":{"self":[{"href":"https:\/\/www.europesays.com\/fr\/wp-json\/wp\/v2\/posts\/211407","targetHints":{"allow":["GET"]}}],"collection":[{"href":"https:\/\/www.europesays.com\/fr\/wp-json\/wp\/v2\/posts"}],"about":[{"href":"https:\/\/www.europesays.com\/fr\/wp-json\/wp\/v2\/types\/post"}],"author":[{"embeddable":true,"href":"https:\/\/www.europesays.com\/fr\/wp-json\/wp\/v2\/users\/2"}],"replies":[{"embeddable":true,"href":"https:\/\/www.europesays.com\/fr\/wp-json\/wp\/v2\/comments?post=211407"}],"version-history":[{"count":0,"href":"https:\/\/www.europesays.com\/fr\/wp-json\/wp\/v2\/posts\/211407\/revisions"}],"wp:featuredmedia":[{"embeddable":true,"href":"https:\/\/www.europesays.com\/fr\/wp-json\/wp\/v2\/media\/211408"}],"wp:attachment":[{"href":"https:\/\/www.europesays.com\/fr\/wp-json\/wp\/v2\/media?parent=211407"}],"wp:term":[{"taxonomy":"category","embeddable":true,"href":"https:\/\/www.europesays.com\/fr\/wp-json\/wp\/v2\/categories?post=211407"},{"taxonomy":"post_tag","embeddable":true,"href":"https:\/\/www.europesays.com\/fr\/wp-json\/wp\/v2\/tags?post=211407"}],"curies":[{"name":"wp","href":"https:\/\/api.w.org\/{rel}","templated":true}]}}