{"id":211411,"date":"2025-06-28T17:22:10","date_gmt":"2025-06-28T17:22:10","guid":{"rendered":"https:\/\/www.europesays.com\/fr\/211411\/"},"modified":"2025-06-28T17:22:10","modified_gmt":"2025-06-28T17:22:10","slug":"martin-couvra-et-adrien-saddier-font-la-paire-a-lopen-ditalie-lequipe","status":"publish","type":"post","link":"https:\/\/www.europesays.com\/fr\/211411\/","title":{"rendered":"Martin Couvra et Adrien Saddier font la paire \u00e0 l&#039;Open d&#039;Italie &#8211; L&#039;\u00c9quipe"},"content":{"rendered":"<ol>\n<li><a href=\"https:\/\/news.google.com\/rss\/articles\/CBMisAFBVV95cUxOaTVZX2RCYUZTSzhnR2JIa01pQUFvd2JnTVVZTldYaGZ0RFcyTnppam1WaXBPdkQwZmlXUVBkbU1wWlp4ZHVKQTV4ajJxaXBPUFFlNDZzSFY5TnhyV2c1VFhkeEd6OGt3dTVMb2JMZXM4eHNkem5zczIwMTdRTFNGemY3bkVqdlowLUJqYVFLTDdoUDIzR2ZMNjU3T3RkZTJLbVJHMU5xT2theTc4azg4dQ?oc=5\" target=\"_blank\" rel=\"nofollow noopener\">Martin Couvra et Adrien Saddier font la paire \u00e0 l&rsquo;Open d&rsquo;Italie<\/a>&nbsp;&nbsp;L&rsquo;\u00c9quipe<\/li>\n<li><a href=\"https:\/\/news.google.com\/rss\/articles\/CBMi0gFBVV95cUxOQkhkMWgwM0FTMzBoSE14U2pkNU5aRW5hYXF4OGNITG5YcTVTUVRDLXRzdHBBTmtwWTdVRng5WEUtZ3FVdVNCTkVRcl9feHAweVpHcDhLMDRrMGVMSDNtckN4ekdOc0R2TnJMemZNYXhqQUFmRVdmWk1LVXpFY2ktMDg4NzdMdERTRDVEcXZpU0k5LWpiREdkNFBoeU9oSHhfMmQ4elBUTmdLTDZxRm5mcS1acVJ0TmVTbU9hUDVoZkVhTWdqa1VTRFM2MXdQRGFDY3c?oc=5\" target=\"_blank\" rel=\"nofollow noopener\">Martin Couvra, seul leader en Italie devant Adrien Saddier. Record du parcours pour Cl\u00e9ment Sordet<\/a>&nbsp;&nbsp;Golf Plan\u00e8te<\/li>\n<li><a href=\"https:\/\/news.google.com\/rss\/articles\/CBMiowFBVV95cUxNNE1VVHM1TVpOSUZEZlZMVnhyczNhU292QlhvQTcwUFkwR2Y3ZTVpei1pTE96aHp4ZUdrOWJvRHBqS3RNNm1Uc3Zpa3d3NDB4ZHZ0emtlX3B5MkNwWXVpTVl3cndoQ1UydlFudmhHWkJlQkpVY01kTTRqbjg3LWFvUFMwOTlmUG80TGtaaUV5azVGdTNvQVR5SXlsYVJFaWdNeURV?oc=5\" target=\"_blank\" rel=\"nofollow noopener\">Bradbury en t\u00eate, Amat dans le top 20 de l&rsquo;Italian Open<\/a>&nbsp;&nbsp;L&rsquo;\u00c9quipe<\/li>\n<li><a href=\"https:\/\/news.google.com\/rss\/articles\/CBMikgJBVV95cUxONjhkMVAteVpFRDZlbzdwU1JKV0NhZkJMelJyelpwOVB0ZklZVnp3NEJyZnlBNzVRNjRYOGVRcTZweEhCVnE0QUR2SmRxSFY4V2lWRl9yVWp0SlE5QkpDZW52YjFneWN2Z0VJRHoxTmx6T2F1V3h1WjdaX2JBRXFRZUhRak1QN1YyaE5lYktfekpwbU05RDdtZWhJZDVNbWYtQW15c1U0eTJKWERPOG5mSmdqVXZfaW5HeUxSYXdjZ0dNYmhHWmNncmxIM1ppRGRuamxHVmRYS0JpU2N5eC1sMDBtcTZaR3hYLXNVdi1KcVJTZHJwZ19iaGh1Q0xuMnRFRW1ZNHhPdEpxVHlieWxqWFRR?oc=5\" target=\"_blank\" rel=\"nofollow noopener\">Golf. DPW Tour &#8211; Italian Open : Ayora avec une courte avance, Martin Couvra et Adrien Saddier top 10<\/a>&nbsp;&nbsp;Ouest-France<\/li>\n<li><a href=\"https:\/\/news.google.com\/rss\/articles\/CBMipgFBVV95cUxOU3B6TGNoR19rVXNndjdXVjRlNUx1NnpMZUFVczgwS3VnbC1wSURKNUhvZ3NxNm5vdzJWQVVWeTJuZUpDUFp0UnpEUzBOb1VKWFBja0ZZLUZTd1E1dmtqaHJMSFUwSGd4VC00Z2dmaDZhUS1YNVFpUV9GS3A0V0xTSEsza2N3dC1VZjhDa0FuNlJET3Rldkd4aEZxOHdLcE82cWhrZlNB?oc=5\" target=\"_blank\" rel=\"nofollow noopener\">Golf professionnel : Couvra et Saddier aux avant-postes<\/a>&nbsp;&nbsp;F\u00e9d\u00e9ration Fran\u00e7aise de Golf<\/li>\n<\/ol>\n","protected":false},"excerpt":{"rendered":"Martin Couvra et Adrien Saddier font la paire \u00e0 l&rsquo;Open d&rsquo;Italie&nbsp;&nbsp;L&rsquo;\u00c9quipe Martin Couvra, seul leader en Italie devant&hellip;\n","protected":false},"author":2,"featured_media":211412,"comment_status":"","ping_status":"","sticky":false,"template":"","format":"standard","meta":{"footnotes":""},"categories":[1418],"tags":[1011,27,1472,60],"class_list":{"0":"post-211411","1":"post","2":"type-post","3":"status-publish","4":"format-standard","5":"has-post-thumbnail","7":"category-golf","8":"tag-fr","9":"tag-france","10":"tag-golf","11":"tag-sports"},"share_on_mastodon":{"url":"https:\/\/pubeurope.com\/@fr\/114762150235983441","error":""},"_links":{"self":[{"href":"https:\/\/www.europesays.com\/fr\/wp-json\/wp\/v2\/posts\/211411","targetHints":{"allow":["GET"]}}],"collection":[{"href":"https:\/\/www.europesays.com\/fr\/wp-json\/wp\/v2\/posts"}],"about":[{"href":"https:\/\/www.europesays.com\/fr\/wp-json\/wp\/v2\/types\/post"}],"author":[{"embeddable":true,"href":"https:\/\/www.europesays.com\/fr\/wp-json\/wp\/v2\/users\/2"}],"replies":[{"embeddable":true,"href":"https:\/\/www.europesays.com\/fr\/wp-json\/wp\/v2\/comments?post=211411"}],"version-history":[{"count":0,"href":"https:\/\/www.europesays.com\/fr\/wp-json\/wp\/v2\/posts\/211411\/revisions"}],"wp:featuredmedia":[{"embeddable":true,"href":"https:\/\/www.europesays.com\/fr\/wp-json\/wp\/v2\/media\/211412"}],"wp:attachment":[{"href":"https:\/\/www.europesays.com\/fr\/wp-json\/wp\/v2\/media?parent=211411"}],"wp:term":[{"taxonomy":"category","embeddable":true,"href":"https:\/\/www.europesays.com\/fr\/wp-json\/wp\/v2\/categories?post=211411"},{"taxonomy":"post_tag","embeddable":true,"href":"https:\/\/www.europesays.com\/fr\/wp-json\/wp\/v2\/tags?post=211411"}],"curies":[{"name":"wp","href":"https:\/\/api.w.org\/{rel}","templated":true}]}}