{"id":211419,"date":"2025-06-28T17:28:10","date_gmt":"2025-06-28T17:28:10","guid":{"rendered":"https:\/\/www.europesays.com\/fr\/211419\/"},"modified":"2025-06-28T17:28:10","modified_gmt":"2025-06-28T17:28:10","slug":"verstappen-piege-par-les-conditions-tout-sest-effondre","status":"publish","type":"post","link":"https:\/\/www.europesays.com\/fr\/211419\/","title":{"rendered":"Verstappen pi\u00e9g\u00e9 par les conditions : \u00ab\u00a0Tout s&rsquo;est effondr\u00e9\u00a0\u00bb"},"content":{"rendered":"<p>Apr\u00e8s les trois premi\u00e8res s\u00e9ances d&rsquo;essais libres, <a href=\"https:\/\/fr.motorsport.com\/driver\/max-verstappen\/93029\/\" target=\"_blank\" rel=\"noopener\">Max Verstappen<\/a> faisait partie, comme depuis le d\u00e9but de la saison, des favoris pour la pole position. Lors des EL2 et EL3, l&rsquo;\u00e9cart qui le s\u00e9parait de <a href=\"https:\/\/fr.motorsport.com\/driver\/lando-norris\/289708\/\" target=\"_blank\" rel=\"noopener\">Lando Norris<\/a> n&rsquo;\u00e9tait que de deux \u00e0 trois dixi\u00e8mes. Cependant, cet \u00e9cart est pass\u00e9 \u00e0 plus de quatre dixi\u00e8mes lors des deux premi\u00e8res parties des qualifications, le N\u00e9erlandais justifiant cela par des temp\u00e9ratures plus chaudes et un changement de direction du vent.\u00a0<\/p>\n<p>Sixi\u00e8me apr\u00e8s son premier tour de Q3, Verstappen a \u00e9t\u00e9 parmi les premiers pilotes \u00e0 se relancer. Alors qu&rsquo;il pouvait se rapprocher \u00e0 seulement quelques dixi\u00e8mes de la pole position, Max Verstappen s&rsquo;est retrouv\u00e9 derri\u00e8re <a href=\"https:\/\/fr.motorsport.com\/driver\/pierre-gasly\/95098\/\" target=\"_blank\" rel=\"noopener\">Pierre Gasly<\/a>, qui est parti en t\u00eate-\u00e0-queue dans le dernier virage, obligeant le pilote <a href=\"https:\/\/fr.motorsport.com\/team\/red-bull\/553\/\" target=\"_blank\" rel=\"noopener\">Red Bull<\/a> \u00e0 stopper sa tentative, le pla\u00e7ant \u00e0 la septi\u00e8me place, \u00e0 une seconde de Lando Norris.<\/p>\n<p>Verstappen a d\u00e9clar\u00e9 qu&rsquo;il \u00e9tait raisonnablement satisfait de sa voiture en EL3 et que son \u00e9quipe avait \u00e0 peine touch\u00e9 \u00e0 ses r\u00e9glages entre les s\u00e9ances. Il a ajout\u00e9 que la temp\u00e9rature de piste de 47\u00b0C avaient commenc\u00e9 \u00e0 affaiblir les performances de sa RB21.<\/p>\n<p>   <img decoding=\"async\" draggable=\"false\" src=\"https:\/\/www.europesays.com\/fr\/wp-content\/uploads\/2025\/06\/1751131690_693_max-verstappen-red-bull-racing.jpg\" alt=\"Max Verstappen, Red Bull Racing\" width=\"1200\" height=\"800\" loading=\"lazy\"\/> <\/p>\n<p class=\"title\">Max Verstappen, Red Bull Racing<\/p>\n<p class=\"photographer\">Photo de: Michael Potts \/ Motorsport Images<\/p>\n<p>\u00ab\u00a0Les conditions ne sont certainement pas tr\u00e8s bonnes pour notre voiture\u00a0\u00bb, a regrett\u00e9 Verstappen. \u00ab\u00a0Les diff\u00e9rences de conditions\u00a0\u00e9taient tr\u00e8s importantes. Il est certain qu&rsquo;en qualifications, c&rsquo;\u00e9tait encore pire.\u00a0Il n&rsquo;y a pas beaucoup d&rsquo;attentes pour la course. Les conditions chaudes n&rsquo;aident pas non plus et depuis le d\u00e9but de l&rsquo;ann\u00e9e, nous n&rsquo;avons jamais \u00e9t\u00e9 aussi comp\u00e9titifs en course qu&rsquo;en qualifications, donc nous verrons ce que nous pouvons faire demain.\u00a0\u00bb<\/p>\n<p>Interrog\u00e9 sur un \u00e9ventuel lien avec les \u00e9volutions introduites par Red Bull ce week-end, Verstappen a d\u00e9clar\u00e9 qu&rsquo;il n&rsquo;y en avait pas : \u00ab\u00a0Je ne veux pas parler des mises \u00e0 jour parce que je pense que ce n&rsquo;est pas seulement la mise \u00e0 jour qui a caus\u00e9 tout cela. C&rsquo;est juste que soudainement, nous avons vraiment r\u00e9trograd\u00e9, ce qui n&rsquo;est pas ce que vous voulez en qualifications.\u00a0\u00bb<\/p>\n<p>\u00ab\u00a0Nous n&rsquo;avons pas touch\u00e9 \u00e0 la voiture [apr\u00e8s les EL3], juste de toutes petites modifications qui ne devraient pas influencer l&rsquo;\u00e9quilibre de la voiture. Je veux dire que tout cela est g\u00e9rable, mais soudainement, avec des temp\u00e9ratures de piste plus \u00e9lev\u00e9es et plus de vent, tout s&rsquo;est effondr\u00e9.\u00a0\u00bb<\/p>\n<p>Lire aussi :<\/p>\n<p>Dans cet article<\/p>\n<p>    Jake Boxall-Legge\n<\/p>\n<p>    Formule 1\n<\/p>\n<p>    Max Verstappen\n<\/p>\n<p>    Red Bull\n<\/p>\n<p>Soyez le premier inform\u00e9 et souscrivez aux alertes mails pour recevoir les infos en temps r\u00e9el<\/p>\n<p>    S&rsquo;abonner aux alertes de news<\/p>\n","protected":false},"excerpt":{"rendered":"Apr\u00e8s les trois premi\u00e8res s\u00e9ances d&rsquo;essais libres, Max Verstappen faisait partie, comme depuis le d\u00e9but de la saison,&hellip;\n","protected":false},"author":2,"featured_media":211420,"comment_status":"","ping_status":"","sticky":false,"template":"","format":"standard","meta":{"footnotes":""},"categories":[1412],"tags":[1451,1452,1453,1454,1455,1011,27,34489,2236,2255,34490,60],"class_list":{"0":"post-211419","1":"post","2":"type-post","3":"status-publish","4":"format-standard","5":"has-post-thumbnail","7":"category-f1","8":"tag-f1","9":"tag-formula-1","10":"tag-formula1","11":"tag-formule-1","12":"tag-formule1","13":"tag-fr","14":"tag-france","15":"tag-gp-dautriche","16":"tag-max-verstappen","17":"tag-red-bull","18":"tag-red-bull-ring","19":"tag-sports"},"share_on_mastodon":{"url":"https:\/\/pubeurope.com\/@fr\/114762174035773654","error":""},"_links":{"self":[{"href":"https:\/\/www.europesays.com\/fr\/wp-json\/wp\/v2\/posts\/211419","targetHints":{"allow":["GET"]}}],"collection":[{"href":"https:\/\/www.europesays.com\/fr\/wp-json\/wp\/v2\/posts"}],"about":[{"href":"https:\/\/www.europesays.com\/fr\/wp-json\/wp\/v2\/types\/post"}],"author":[{"embeddable":true,"href":"https:\/\/www.europesays.com\/fr\/wp-json\/wp\/v2\/users\/2"}],"replies":[{"embeddable":true,"href":"https:\/\/www.europesays.com\/fr\/wp-json\/wp\/v2\/comments?post=211419"}],"version-history":[{"count":0,"href":"https:\/\/www.europesays.com\/fr\/wp-json\/wp\/v2\/posts\/211419\/revisions"}],"wp:featuredmedia":[{"embeddable":true,"href":"https:\/\/www.europesays.com\/fr\/wp-json\/wp\/v2\/media\/211420"}],"wp:attachment":[{"href":"https:\/\/www.europesays.com\/fr\/wp-json\/wp\/v2\/media?parent=211419"}],"wp:term":[{"taxonomy":"category","embeddable":true,"href":"https:\/\/www.europesays.com\/fr\/wp-json\/wp\/v2\/categories?post=211419"},{"taxonomy":"post_tag","embeddable":true,"href":"https:\/\/www.europesays.com\/fr\/wp-json\/wp\/v2\/tags?post=211419"}],"curies":[{"name":"wp","href":"https:\/\/api.w.org\/{rel}","templated":true}]}}