{"id":211425,"date":"2025-06-28T17:31:11","date_gmt":"2025-06-28T17:31:11","guid":{"rendered":"https:\/\/www.europesays.com\/fr\/211425\/"},"modified":"2025-06-28T17:31:11","modified_gmt":"2025-06-28T17:31:11","slug":"jacob-elordi-tom-holland-et-harris-dickinson-viennent-grossir-la-liste-des-james-bond-potentiels-2","status":"publish","type":"post","link":"https:\/\/www.europesays.com\/fr\/211425\/","title":{"rendered":"Jacob Elordi, Tom Holland et Harris Dickinson viennent grossir la liste des James Bond potentiels"},"content":{"rendered":"<p><img decoding=\"async\" class=\"caas-img caas-lazy has-preview\" src=\"https:\/\/www.europesays.com\/fr\/wp-content\/uploads\/2025\/06\/35d4a99a13c71d029f4490ffc527eef0.jpeg\"\/><\/p>\n<p>\u00ab\u00a0Nous avons tout le temps du monde\u00a0\u00bb, chantait Louis Armstrong dans Au service secret de sa majest\u00e9 en 1969. Mais Amazon dispose de beaucoup moins pour trouver son prochain James Bond. Les studios am\u00e9ricains, qui ont <a data-i13n=\"cpos:1;pos:1\" href=\"https:\/\/fr.news.yahoo.com\/lex-james-bond-timothy-dalton-115336844.html\" data-ylk=\"slk:repris en f\u00e9vrier le contr\u00f4le cr\u00e9atif de la licence;cpos:1;pos:1;elm:context_link;itc:0;sec:content-canvas;outcm:mb_qualified_link;_E:mb_qualified_link;ct:story;\" class=\"link  yahoo-link\" target=\"_blank\" rel=\"noopener\">repris en f\u00e9vrier le contr\u00f4le cr\u00e9atif de la licence<\/a>, ont d\u00e9sign\u00e9 le 26 juin dernier le r\u00e9alisateur aux manettes du prochain volet des aventures de l&rsquo;espion britannique.<\/p>\n<p>C&rsquo;est <a data-i13n=\"cpos:2;pos:1\" href=\"https:\/\/fr.news.yahoo.com\/responsabilit%C3%A9-%C3%A9norme-denis-villeneuve-r%C3%A9alisera-075545679.html\" data-ylk=\"slk:Denis Villeneuve;cpos:2;pos:1;elm:context_link;itc:0;sec:content-canvas;outcm:mb_qualified_link;_E:mb_qualified_link;ct:story;\" class=\"link  yahoo-link\" target=\"_blank\" rel=\"noopener\">Denis Villeneuve<\/a> qui r\u00e9alisera donc ce 26e James Bond. Reste d\u00e9sormais un d\u00e9tail \u00e0 r\u00e9gler&#8230; Trouver celui qui se glissera dans le smoking de James Bond, laiss\u00e9 vacant par Daniel Craig apr\u00e8s 15 ans de bons et musculeux services.<\/p>\n<p>Si plusieurs noms circulent depuis quelques temps Aaron Taylor-Johnson, actuellement \u00e0 l&rsquo;affiche de 28 jours plus tard, <a data-i13n=\"cpos:3;pos:1\" href=\"https:\/\/fr.news.yahoo.com\/premi%C3%A8res-images-reg%C3%A9-jean-page-111012402.html\" data-ylk=\"slk:Reg\u00e9-Jean Page;cpos:3;pos:1;elm:context_link;itc:0;sec:content-canvas;outcm:mb_qualified_link;_E:mb_qualified_link;ct:story;\" class=\"link  yahoo-link\" target=\"_blank\" rel=\"noopener\"><strong>Reg\u00e9-Jean Page<\/strong><\/a>, star de la s\u00e9rie Bridgerton, Lucien Laviscount, vu dans Emily in Paris, ou <a data-i13n=\"cpos:4;pos:1\" href=\"https:\/\/fr.news.yahoo.com\/p%C3%A9riode-difficile-pourquoi-the-crown-115732731.html\" data-ylk=\"slk:Josh O&#039;Connor;cpos:4;pos:1;elm:context_link;itc:0;sec:content-canvas;outcm:mb_qualified_link;_E:mb_qualified_link;ct:story;\" class=\"link  yahoo-link\" target=\"_blank\" rel=\"noopener\"><strong>Josh O&rsquo;Connor<\/strong><\/a>, qui incarnait le prince Charles jeune dans The Crown, d&rsquo;autres acteurs pourraient changer la donne.<\/p>\n<p>Nouveaux producteurs<\/p>\n<p>Le magazine sp\u00e9cialis\u00e9 Variety, citant des sources internes, assure que les producteurs ont ajout\u00e9 trois noms \u00e0 leur liste. Il s&rsquo;agit de Jacob Elordi, vu dans Saltburn et Priscilla, de Tom Holland (le dernier <a data-i13n=\"cpos:5;pos:1\" href=\"https:\/\/fr.news.yahoo.com\/james-bond-producteurs-harry-potter-174634539.html\" data-ylk=\"slk:Spider-Man;cpos:5;pos:1;elm:context_link;itc:0;sec:content-canvas;outcm:mb_qualified_link;_E:mb_qualified_link;ct:story;\" class=\"link  yahoo-link\" target=\"_blank\" rel=\"noopener\">Spider-Man<\/a>) et Harris Dickinson, vu dans Sans filtre et Babygirl. Tous trois \u00e2g\u00e9s de moins de 30 ans, ils entrent dans les crit\u00e8res fix\u00e9s par Barbara Broccoli et Michael G. Wilson les producteurs historiques de James Bond, qui <a data-i13n=\"cpos:6;pos:1\" href=\"https:\/\/fr.news.yahoo.com\/james-bond-producteurs-harry-potter-174634539.html\" data-ylk=\"slk:ont pass\u00e9 la main en mars dernier;cpos:6;pos:1;elm:context_link;itc:0;sec:content-canvas;outcm:mb_qualified_link;_E:mb_qualified_link;ct:story;\" class=\"link  yahoo-link\" target=\"_blank\" rel=\"noopener\">ont pass\u00e9 la main en mars dernier<\/a>.<\/p>\n<p>Ils avaient indiqu\u00e9 que James Bond serait \u00ab\u00a0un homme\u00a0\u00bb, \u00ab\u00a0probablement la trentaine\u00a0\u00bb et qu&rsquo;il ne serait \u00ab\u00a0pas forc\u00e9ment blanc\u00a0\u00bb. Et selon un document interne d&rsquo;Amazon, relay\u00e9 par la presse britannique, il est entendu qu&rsquo;il serait \u00e9galement <a data-i13n=\"cpos:7;pos:1\" href=\"https:\/\/fr.news.yahoo.com\/james-bond-restera-homme-britannique-150548437.html\" data-ylk=\"slk:toujours britannique;cpos:7;pos:1;elm:context_link;itc:0;sec:content-canvas;outcm:mb_qualified_link;_E:mb_qualified_link;ct:story;\" class=\"link  yahoo-link\" target=\"_blank\" rel=\"noopener\">toujours britannique<\/a>.<\/p>\n<p>Tom Holland a d\u00e9j\u00e0 une \u00ab\u00a0histoire\u00a0\u00bb avec le personnage, puisqu&rsquo;en 2018 pendant le tournage de Spider-Man: Far from home, il avait propos\u00e9 \u00e0 Sony l&rsquo;id\u00e9e d&rsquo;un film sur<a data-i13n=\"cpos:8;pos:1\" href=\"https:\/\/fr.news.yahoo.com\/tom-holland-voulait-raconter-au-214101081.html\" data-ylk=\"slk:la jeunesse de James Bond;cpos:8;pos:1;elm:context_link;itc:0;sec:content-canvas;outcm:mb_qualified_link;_E:mb_qualified_link;ct:story;\" class=\"link  yahoo-link\" target=\"_blank\" rel=\"noopener\"> la jeunesse de James Bond<\/a>. Un projet qui n&rsquo;a jamais abouti.<\/p>\n<p>A ceux qui pointeront que Jacob Elordi est australien, on pourra r\u00e9troquer que George Lazenby, le James Bond de Au service secret de Sa Majest\u00e9 l&rsquo;\u00e9tait aussi.<\/p>\n<p>Avant eux, d&rsquo;autres acteurs, aujourd&rsquo;hui sans doute trop \u00e2g\u00e9s pour incarner l&rsquo;espion, avaient \u00e9t\u00e9 \u00e9voqu\u00e9s, comme Idriss Elba (52 ans) ou Henry Cavill (42 ans).<\/p>\n<p>David Heyman, le producteur de Harry Potter et Once Upon a Time in Hollywood et de <a data-i13n=\"cpos:9;pos:1\" href=\"https:\/\/fr.news.yahoo.com\/saoirse-ronan-r%C3%A9v%C3%A8le-petit-r%C3%B4le-143942288.html\" data-ylk=\"slk:Barbie;cpos:9;pos:1;elm:context_link;itc:0;sec:content-canvas;outcm:mb_qualified_link;_E:mb_qualified_link;ct:story;\" class=\"link  yahoo-link\" target=\"_blank\" rel=\"noopener\"><strong>Barbie<\/strong><\/a>, et Amy Pascal, la productrice des Spider-Man avec Tom Holland, et des Pentagon Papers de Steven Spielberg, ont succ\u00e9d\u00e9 \u00e0 Barbara Broccoli et Michael G. Wilson, aux commandes de James Bond depuis 30 ans. Ce sont eux qui auront la responsabilit\u00e9 de choisir le prochain James Bond, s&rsquo;exposant &#8211; comme c&rsquo;est toujours le cas &#8211; \u00e0 la critique des fans.<\/p>\n<p><a data-i13n=\"cpos:10;pos:1\" href=\"https:\/\/www.bfmtv.com\/people\/cinema\/jakob-elordi-tom-holland-et-harris-dickinson-viennent-grossir-la-liste-des-james-bond-potentiels_AV-202506280261.html#xtor=AL-68\" rel=\"nofollow noopener\" target=\"_blank\" data-ylk=\"slk:Article original publi\u00e9 sur BFMTV.com;cpos:10;pos:1;elm:context_link;itc:0;sec:content-canvas\" class=\"link \">Article original publi\u00e9 sur BFMTV.com<\/a><\/p>\n","protected":false},"excerpt":{"rendered":"\u00ab\u00a0Nous avons tout le temps du monde\u00a0\u00bb, chantait Louis Armstrong dans Au service secret de sa majest\u00e9 en&hellip;\n","protected":false},"author":2,"featured_media":211426,"comment_status":"","ping_status":"","sticky":false,"template":"","format":"standard","meta":{"footnotes":""},"categories":[1359],"tags":[35106,33217,58,59,1011,27,35104,1677,35102,35105,973,35103],"class_list":{"0":"post-211425","1":"post","2":"type-post","3":"status-publish","4":"format-standard","5":"has-post-thumbnail","7":"category-people","8":"tag-barbara-broccoli","9":"tag-denis-villeneuve","10":"tag-divertissement","11":"tag-entertainment","12":"tag-fr","13":"tag-france","14":"tag-jacob-elordi","15":"tag-james-bond","16":"tag-louis-armstrong","17":"tag-lucien-laviscount","18":"tag-people","19":"tag-tom-holland"},"share_on_mastodon":{"url":"https:\/\/pubeurope.com\/@fr\/114762185669769080","error":""},"_links":{"self":[{"href":"https:\/\/www.europesays.com\/fr\/wp-json\/wp\/v2\/posts\/211425","targetHints":{"allow":["GET"]}}],"collection":[{"href":"https:\/\/www.europesays.com\/fr\/wp-json\/wp\/v2\/posts"}],"about":[{"href":"https:\/\/www.europesays.com\/fr\/wp-json\/wp\/v2\/types\/post"}],"author":[{"embeddable":true,"href":"https:\/\/www.europesays.com\/fr\/wp-json\/wp\/v2\/users\/2"}],"replies":[{"embeddable":true,"href":"https:\/\/www.europesays.com\/fr\/wp-json\/wp\/v2\/comments?post=211425"}],"version-history":[{"count":0,"href":"https:\/\/www.europesays.com\/fr\/wp-json\/wp\/v2\/posts\/211425\/revisions"}],"wp:featuredmedia":[{"embeddable":true,"href":"https:\/\/www.europesays.com\/fr\/wp-json\/wp\/v2\/media\/211426"}],"wp:attachment":[{"href":"https:\/\/www.europesays.com\/fr\/wp-json\/wp\/v2\/media?parent=211425"}],"wp:term":[{"taxonomy":"category","embeddable":true,"href":"https:\/\/www.europesays.com\/fr\/wp-json\/wp\/v2\/categories?post=211425"},{"taxonomy":"post_tag","embeddable":true,"href":"https:\/\/www.europesays.com\/fr\/wp-json\/wp\/v2\/tags?post=211425"}],"curies":[{"name":"wp","href":"https:\/\/api.w.org\/{rel}","templated":true}]}}