{"id":211427,"date":"2025-06-28T17:32:20","date_gmt":"2025-06-28T17:32:20","guid":{"rendered":"https:\/\/www.europesays.com\/fr\/211427\/"},"modified":"2025-06-28T17:32:20","modified_gmt":"2025-06-28T17:32:20","slug":"quand-le-photographe-andreas-gursky-revient-vingt-deux-ans-plus-tard-a-montparnasse","status":"publish","type":"post","link":"https:\/\/www.europesays.com\/fr\/211427\/","title":{"rendered":"Quand le photographe Andreas Gursky revient, vingt-deux ans plus tard, \u00e0 Montparnasse"},"content":{"rendered":"<p>                         <img loading=\"lazy\" decoding=\"async\" src=\"https:\/\/www.europesays.com\/fr\/wp-content\/uploads\/2025\/06\/9ba8351_upload-1-q3wayeyp9gtj-2025-prc-gursk-012-swp.jpg\" alt=\"\u00ab\u00a0Paris, Montparnasse II\u00a0\u00bb (2025), d\u2019Andreas Gursky, \u00e0 la galerie Gagosian, \u00e0 Paris.\"   width=\"664\" height=\"443\"\/>    \u00ab\u00a0Paris, Montparnasse II\u00a0\u00bb (2025), d\u2019Andreas Gursky, \u00e0 la galerie Gagosian, \u00e0 Paris.  THOMAS LANNES\/ANDREAS GURSKY\/ADAGP, PARIS, 2025                 <\/p>\n<p class=\"article__paragraph  \">Vous ne verrez jamais l\u2019immeuble d\u2019habitation Maine-Montparnasse, \u00e0 Paris, comme le photographe allemand Andreas Gursky vous le montre, c\u2019est-\u00e0-dire d\u2019un seul tenant. Dans Montparnasse\u00a0II, image de 5\u00a0m\u00e8tres de long r\u00e9alis\u00e9e en 2025, la barre construite entre 1959 et 1966 s\u2019impose, monumentale, avec ses 750\u00a0logements et ses 1\u00a0122\u00a0fen\u00eatres \u2013 \u00ab\u00a0on les a compt\u00e9es\u00a0\u00bb, dit en souriant le photographe rencontr\u00e9 \u00e0 Paris pour son passage \u00e0 la galerie Gagosian, o\u00f9 il expose quatre images.<\/p>\n<p>   Lire plus tard  <\/p>\n<p class=\"article__paragraph  \">Dans la r\u00e9alit\u00e9, ce point de vue est impossible, \u00e0 cause des b\u00e2timents qui encombrent la perspective. Pour obtenir cette vision impressionnante qui met en valeur le geste radical de l\u2019architecte Dubuisson, Andreas Gursky a cr\u00e9\u00e9 une image composite\u00a0: \u00ab\u00a0J\u2019ai photographi\u00e9 depuis cinq points de vue diff\u00e9rents, sur une p\u00e9riode de trois jours\u00a0\u00bb, explique-t-il, avant de passer plusieurs mois \u00e0 recomposer l\u2019image sur ordinateur. Il a aussi supprim\u00e9 les d\u00e9tails importuns et choisi les images o\u00f9 les rideaux \u00e9taient ouverts, donnant \u00e0 voir l\u2019int\u00e9rieur des appartements.<\/p>\n<p class=\"reading-mode-only \"><strong>Il vous reste 84.17% de cet article \u00e0 lire. La suite est r\u00e9serv\u00e9e aux abonn\u00e9s.<\/strong><\/p>\n","protected":false},"excerpt":{"rendered":"\u00ab\u00a0Paris, Montparnasse II\u00a0\u00bb (2025), d\u2019Andreas Gursky, \u00e0 la galerie Gagosian, \u00e0 Paris. THOMAS LANNES\/ANDREAS GURSKY\/ADAGP, PARIS, 2025 Vous&hellip;\n","protected":false},"author":2,"featured_media":211428,"comment_status":"","ping_status":"","sticky":false,"template":"","format":"standard","meta":{"footnotes":""},"categories":[1358],"tags":[1348,1384,1385,1386,58,59,1011,27],"class_list":{"0":"post-211427","1":"post","2":"type-post","3":"status-publish","4":"format-standard","5":"has-post-thumbnail","7":"category-arts-et-design","8":"tag-arts","9":"tag-arts-and-design","10":"tag-arts-et-design","11":"tag-design","12":"tag-divertissement","13":"tag-entertainment","14":"tag-fr","15":"tag-france"},"share_on_mastodon":{"url":"https:\/\/pubeurope.com\/@fr\/114762189896973707","error":""},"_links":{"self":[{"href":"https:\/\/www.europesays.com\/fr\/wp-json\/wp\/v2\/posts\/211427","targetHints":{"allow":["GET"]}}],"collection":[{"href":"https:\/\/www.europesays.com\/fr\/wp-json\/wp\/v2\/posts"}],"about":[{"href":"https:\/\/www.europesays.com\/fr\/wp-json\/wp\/v2\/types\/post"}],"author":[{"embeddable":true,"href":"https:\/\/www.europesays.com\/fr\/wp-json\/wp\/v2\/users\/2"}],"replies":[{"embeddable":true,"href":"https:\/\/www.europesays.com\/fr\/wp-json\/wp\/v2\/comments?post=211427"}],"version-history":[{"count":0,"href":"https:\/\/www.europesays.com\/fr\/wp-json\/wp\/v2\/posts\/211427\/revisions"}],"wp:featuredmedia":[{"embeddable":true,"href":"https:\/\/www.europesays.com\/fr\/wp-json\/wp\/v2\/media\/211428"}],"wp:attachment":[{"href":"https:\/\/www.europesays.com\/fr\/wp-json\/wp\/v2\/media?parent=211427"}],"wp:term":[{"taxonomy":"category","embeddable":true,"href":"https:\/\/www.europesays.com\/fr\/wp-json\/wp\/v2\/categories?post=211427"},{"taxonomy":"post_tag","embeddable":true,"href":"https:\/\/www.europesays.com\/fr\/wp-json\/wp\/v2\/tags?post=211427"}],"curies":[{"name":"wp","href":"https:\/\/api.w.org\/{rel}","templated":true}]}}