{"id":211437,"date":"2025-06-28T17:37:11","date_gmt":"2025-06-28T17:37:11","guid":{"rendered":"https:\/\/www.europesays.com\/fr\/211437\/"},"modified":"2025-06-28T17:37:11","modified_gmt":"2025-06-28T17:37:11","slug":"variant-du-covid-19-face-au-risque-dune-reprise-epidemique-lappel-a-la-vaccination-de-lacademie-nationale-de-medecine","status":"publish","type":"post","link":"https:\/\/www.europesays.com\/fr\/211437\/","title":{"rendered":"Variant du Covid-19\u00a0: face au \u00ab\u00a0risque d\u2019une reprise \u00e9pid\u00e9mique\u00a0\u00bb, l\u2019appel \u00e0 la vaccination de l\u2019Acad\u00e9mie nationale de m\u00e9decine"},"content":{"rendered":"<p>\u00ab Nimbus \u00bb. Le nouveau variant du Covid-19 NB.1.8.1 a maintenant son surnom dans les m\u00e9dias. Apparu dans plusieurs pays d\u2019Asie, il a \u00e9t\u00e9 \u00ab plac\u00e9 sous surveillance \u00bb par l\u2019Organisation mondiale de la sant\u00e9 (OMS) fin mai. \u00ab Il circule actuellement dans de faibles proportions dans l\u2019Union europ\u00e9enne, mais celles-ci devraient augmenter dans les prochaines semaines, annonce le Centre europ\u00e9en de pr\u00e9vention et de contr\u00f4le des maladies. L\u2019immunit\u00e9 des populations a probablement diminu\u00e9 durant un hiver marqu\u00e9 par une faible circulation du Covid-19 \u00bb.<\/p>\n<p>Plus transmissible<\/p>\n<p>Dans un communiqu\u00e9 publi\u00e9 mercredi, l\u2019Acad\u00e9mie nationale de m\u00e9decine dresse un constat similaire. La pr\u00e9valence de Nimbus en France est encore faible, mais elle augmente. Ce sous-variant d\u2019Omicron pourrait bient\u00f4t devenir dominant et, s\u2019il ne semble pas provoquer plus de formes graves que les autres variants en circulation, il pourrait \u00eatre plus transmissible, en raison de ses mutations. Elles \u00ab facilitent \u00bb aussi son \u00ab \u00e9chappement aux anticorps \u00bb.<\/p>\n<p>L\u2019\u00e9pid\u00e9miologiste <a href=\"https:\/\/www.letelegramme.fr\/sante\/variant-du-covid-19-il-se-pourrait-quune-nouvelle-vague-survienne-cet-ete-en-europe-estime-lepidemiologiste-antoine-flahault-6824755.php\" target=\"_blank\" rel=\"nofollow noopener\">Antoine Flahault l\u2019expliquait au T\u00e9l\u00e9gramme<\/a>, le 26 mai : \u00ab Il semble traverser l\u2019immunit\u00e9 acquise par la population contre les pr\u00e9c\u00e9dents variants qui ont circul\u00e9 jusqu\u2019\u00e0 pr\u00e9sent. \u00bb Les sympt\u00f4mes sont des difficult\u00e9s au niveau des voies respiratoires, de la fi\u00e8vre, de la fatigue, des douleurs musculaires et, parfois, des troubles digestifs. Des maux de gorge, parfois tr\u00e8s intenses, sont aussi \u00e9voqu\u00e9s.<\/p>\n<p>Qui doit se (re)faire vacciner ?<\/p>\n<p>L\u2019Acad\u00e9mie, dont le r\u00f4le est de conseiller le gouvernement en mati\u00e8re de sant\u00e9, alerte sur le \u00ab risque d\u2019une reprise \u00e9pid\u00e9mique de Covid-19 pendant les mois d\u2019\u00e9t\u00e9. \u00bb D\u00e9plorant le \u00ab faible niveau de protection vaccinale des personnes les plus fragiles \u00bb, les m\u00e9decins recommandent une vaccination imm\u00e9diate de l\u2019ensemble des personnes identifi\u00e9es \u00e0 tr\u00e8s haut risque de formes graves (personnes de 80 ans ou plus, immunod\u00e9prim\u00e9s, r\u00e9sidents en Ehpad\u2026), qu\u2019elles aient \u00e9t\u00e9 vaccin\u00e9es ou non \u00e0 l\u2019automne 2024. La soci\u00e9t\u00e9 savante incite aussi les personnes de 65 ans ou plus, les femmes enceintes, les patients avec comorbidit\u00e9s ou en contact avec des personnes fragiles qui n\u2019auraient pas \u00e9t\u00e9 vaccin\u00e9es \u00e0 l\u2019automne 2024 de le faire avant l\u2019\u00e9t\u00e9.<\/p>\n<p>D\u2019abord pr\u00e9vue jusqu\u2019au 14 juin, la campagne de renouvellement vaccinal \u00e0 destination des personnes les plus fragiles a \u00e9t\u00e9 prolong\u00e9e jusqu\u2019au 30. Cette campagne, peu suivie jusque-l\u00e0, pourrait, selon l\u2019Acad\u00e9mie, \u00eatre prolong\u00e9e jusqu\u2019au 15 juillet.<\/p>\n","protected":false},"excerpt":{"rendered":"\u00ab Nimbus \u00bb. Le nouveau variant du Covid-19 NB.1.8.1 a maintenant son surnom dans les m\u00e9dias. Apparu dans&hellip;\n","protected":false},"author":2,"featured_media":211438,"comment_status":"","ping_status":"","sticky":false,"template":"","format":"standard","meta":{"footnotes":""},"categories":[10],"tags":[1011,27,72,71],"class_list":{"0":"post-211437","1":"post","2":"type-post","3":"status-publish","4":"format-standard","5":"has-post-thumbnail","7":"category-sante","8":"tag-fr","9":"tag-france","10":"tag-health","11":"tag-sante"},"share_on_mastodon":{"url":"https:\/\/pubeurope.com\/@fr\/114762209291116756","error":""},"_links":{"self":[{"href":"https:\/\/www.europesays.com\/fr\/wp-json\/wp\/v2\/posts\/211437","targetHints":{"allow":["GET"]}}],"collection":[{"href":"https:\/\/www.europesays.com\/fr\/wp-json\/wp\/v2\/posts"}],"about":[{"href":"https:\/\/www.europesays.com\/fr\/wp-json\/wp\/v2\/types\/post"}],"author":[{"embeddable":true,"href":"https:\/\/www.europesays.com\/fr\/wp-json\/wp\/v2\/users\/2"}],"replies":[{"embeddable":true,"href":"https:\/\/www.europesays.com\/fr\/wp-json\/wp\/v2\/comments?post=211437"}],"version-history":[{"count":0,"href":"https:\/\/www.europesays.com\/fr\/wp-json\/wp\/v2\/posts\/211437\/revisions"}],"wp:featuredmedia":[{"embeddable":true,"href":"https:\/\/www.europesays.com\/fr\/wp-json\/wp\/v2\/media\/211438"}],"wp:attachment":[{"href":"https:\/\/www.europesays.com\/fr\/wp-json\/wp\/v2\/media?parent=211437"}],"wp:term":[{"taxonomy":"category","embeddable":true,"href":"https:\/\/www.europesays.com\/fr\/wp-json\/wp\/v2\/categories?post=211437"},{"taxonomy":"post_tag","embeddable":true,"href":"https:\/\/www.europesays.com\/fr\/wp-json\/wp\/v2\/tags?post=211437"}],"curies":[{"name":"wp","href":"https:\/\/api.w.org\/{rel}","templated":true}]}}