{"id":211443,"date":"2025-06-28T17:40:09","date_gmt":"2025-06-28T17:40:09","guid":{"rendered":"https:\/\/www.europesays.com\/fr\/211443\/"},"modified":"2025-06-28T17:40:09","modified_gmt":"2025-06-28T17:40:09","slug":"elle-ressemble-a-la-kryptonite-de-superman-et-pourrait-propulser-la-revolution-energetique-de-leurope","status":"publish","type":"post","link":"https:\/\/www.europesays.com\/fr\/211443\/","title":{"rendered":"Elle ressemble \u00e0 la kryptonite de Superman\u2026 Et pourrait propulser la r\u00e9volution \u00e9nerg\u00e9tique de l\u2019Europe !"},"content":{"rendered":"<p data-start=\"339\" data-end=\"834\"><strong>Elle ressemble \u00e0 la<br \/>\nkryptonite de <a href=\"https:\/\/sciencepost.fr\/comme-superman-des-chercheurs-inventent-des-lentilles-de-contact-emettant-des-rayons-lasers\/\" target=\"_blank\" rel=\"noopener nofollow\">Superman<\/a>. Mais au lieu de priver<br \/>\nun super-h\u00e9ros de ses pouvoirs, cette roche bien r\u00e9elle pourrait<br \/>\nalimenter les batteries de millions de voitures \u00e9lectriques \u00e0<br \/>\ntravers l\u2019Europe. Son nom : jadarite. Ce min\u00e9ral blanc et discret,<br \/>\nd\u00e9couvert en Serbie, fascine les scientifiques autant qu\u2019il excite<br \/>\nles g\u00e9ologues industriels. Car derri\u00e8re sa composition chimique<br \/>\nunique se cache peut-\u00eatre l\u2019un des secrets les mieux gard\u00e9s de la<br \/>\ntransition \u00e9nerg\u00e9tique verte.<\/strong><\/p>\n<p>Une kryptonite bien r\u00e9elle<\/p>\n<p data-start=\"868\" data-end=\"1369\">L\u2019histoire commence en 2004,<br \/>\ndans le bassin de Jadar, au c\u0153ur de la Serbie, quand des g\u00e9ologues<br \/>\nde la soci\u00e9t\u00e9 mini\u00e8re Rio Tinto mettent au jour un min\u00e9ral encore<br \/>\ninconnu. L\u2019analyse chimique du sp\u00e9cimen r\u00e9v\u00e8le une formule tr\u00e8s<br \/>\nparticuli\u00e8re, \u00e0 base de lithium, de sodium, de bore, de fluor, de<br \/>\nsilicate et d\u2019hydroxyde. Et l\u00e0, surprise : cette combinaison<br \/>\ncorrespond presque mot pour mot \u00e0 la composition fictive de la<br \/>\nkryptonite mentionn\u00e9e dans le film Superman Returns (2006).<\/p>\n<p data-start=\"1371\" data-end=\"1626\">Co\u00efncidence ? Plut\u00f4t un clin<br \/>\nd\u2019\u0153il du hasard. Mais le buzz m\u00e9diatique est imm\u00e9diat : \u00ab On a<br \/>\ntrouv\u00e9 la kryptonite dans une mine serbe ! \u00bb titrent alors de<br \/>\nnombreux journaux. Derri\u00e8re l\u2019anecdote, pourtant, le s\u00e9rieux du<br \/>\nsujet prend rapidement le dessus.<\/p>\n<p>Un minerai rare, une<br \/>\nopportunit\u00e9 unique<\/p>\n<p data-start=\"1673\" data-end=\"1786\">La jadarite, baptis\u00e9e d\u2019apr\u00e8s<br \/>\nla r\u00e9gion o\u00f9 elle a \u00e9t\u00e9 trouv\u00e9e, pr\u00e9sente un double int\u00e9r\u00eat<br \/>\nstrat\u00e9gique :<\/p>\n<ul data-start=\"1787\" data-end=\"2124\">\n<li data-start=\"1787\" data-end=\"1962\">\n<p data-start=\"1789\" data-end=\"1962\">Elle est riche en lithium, un<br \/>\nm\u00e9tal critique pour les batteries rechargeables qui \u00e9quipent<br \/>\nsmartphones, ordinateurs portables, et surtout voitures<br \/>\n\u00e9lectriques.<\/p>\n<\/li>\n<li data-start=\"1963\" data-end=\"2124\">\n<p data-start=\"1965\" data-end=\"2124\">Elle contient aussi du bore,<br \/>\nutilis\u00e9 notamment dans les panneaux solaires, les mat\u00e9riaux<br \/>\ncomposites d\u2019\u00e9oliennes et les verres thermor\u00e9sistants.<\/p>\n<\/li>\n<\/ul>\n<p data-start=\"2126\" data-end=\"2461\">Or, selon plusieurs \u00e9tudes, le<br \/>\ngisement de Jadar pourrait \u00e0 lui seul couvrir jusqu\u2019\u00e0 90 % des<br \/>\nbesoins europ\u00e9ens en lithium pour les v\u00e9hicules \u00e9lectriques. Dans<br \/>\nun contexte de d\u00e9pendance vis-\u00e0-vis de la Chine et de recherche<br \/>\nd\u2019ind\u00e9pendance \u00e9nerg\u00e9tique, cette d\u00e9couverte pourrait \u00eatre une<br \/>\nv\u00e9ritable aubaine pour l\u2019Europe.<\/p>\n<p><img loading=\"lazy\" data-lazyloaded=\"1\" decoding=\"async\" class=\"size-full wp-image-311745\" src=\"https:\/\/www.europesays.com\/fr\/wp-content\/uploads\/2025\/06\/jadarite.webp.webp\" alt=\"kryptonite jadarite\" width=\"640\" height=\"360\"  data-\/><br \/>\na jadarite a \u00e9t\u00e9 d\u00e9couverte pour la premi\u00e8re fois en 2004 par la<br \/>\nsoci\u00e9t\u00e9 mini\u00e8re Rio Tinto dans le bassin de Jadar en Serbie.<br \/>\nCr\u00e9dits : Administrateurs du Mus\u00e9e d\u2019histoire naturelle de<br \/>\nLondresUne alchimie naturelle<br \/>\n(presque) irr\u00e9plicable<\/p>\n<p data-start=\"2514\" data-end=\"2600\">Mais comment une roche aussi<br \/>\npr\u00e9cieuse a-t-elle pu se former ici \u2014 et uniquement ici ?<\/p>\n<p data-start=\"2602\" data-end=\"2884\">Des chercheurs du Mus\u00e9um<br \/>\nd\u2019Histoire Naturelle de Londres viennent de publier une \u00e9tude<br \/>\nd\u00e9codant le processus de formation de la jadarite. Et leur<br \/>\nconclusion est sans appel : c\u2019est un miracle g\u00e9ologique. Sa<br \/>\nformation exige une conjonction extr\u00eamement rare de conditions<br \/>\n:<\/p>\n<ul data-start=\"2885\" data-end=\"3077\">\n<li data-start=\"2885\" data-end=\"2933\">\n<p data-start=\"2887\" data-end=\"2933\">Des lacs alcalins (tr\u00e8s riches<br \/>\nen sodium),<\/p>\n<\/li>\n<li data-start=\"2934\" data-end=\"2978\">\n<p data-start=\"2936\" data-end=\"2978\">Du verre volcanique satur\u00e9 de<br \/>\nlithium,<\/p>\n<\/li>\n<li data-start=\"2979\" data-end=\"3077\">\n<p data-start=\"2981\" data-end=\"3077\">Et une transformation chimique<br \/>\nlente dans l\u2019argile, \u00e0 des temp\u00e9ratures et un pH tr\u00e8s pr\u00e9cis.<\/p>\n<\/li>\n<\/ul>\n<p data-start=\"3079\" data-end=\"3306\">Autrement dit : \u00ab C\u2019est comme<br \/>\nune recette de g\u00e2teau o\u00f9 chaque ingr\u00e9dient, chaque \u00e9tape, chaque<br \/>\ndegr\u00e9 compte \u00bb, explique le Dr Francesco Putzolu, co-auteur de<br \/>\nl\u2019\u00e9tude. \u00ab Si un seul param\u00e8tre d\u00e9vie, la jadarite ne se forme pas.<br \/>\n\u00bb<\/p>\n<p data-start=\"3308\" data-end=\"3463\">Jusqu\u2019\u00e0 pr\u00e9sent, aucun autre<br \/>\nendroit sur Terre n\u2019a pr\u00e9sent\u00e9 cette combinaison id\u00e9ale. Cela rend<br \/>\nla jadarite aussi fascinante que difficile \u00e0 exploiter.<\/p>\n<p>Extraire, mais \u00e0 quel prix<br \/>\n?<\/p>\n<p data-start=\"3499\" data-end=\"3608\">Bien entendu, qui dit<br \/>\nressource strat\u00e9gique dit aussi enjeux environnementaux, politiques<br \/>\net \u00e9conomiques.<\/p>\n<p data-start=\"3610\" data-end=\"3912\">Le projet d\u2019exploitation du<br \/>\nsite de Jadar par Rio Tinto a suscit\u00e9 d\u2019importantes controverses en<br \/>\nSerbie, notamment en raison des risques pour les \u00e9cosyst\u00e8mes locaux<br \/>\net les r\u00e9serves d\u2019eau. Des manifestations ont \u00e9clat\u00e9, poussant le<br \/>\ngouvernement serbe \u00e0 suspendre temporairement le projet en<br \/>\n2022.<\/p>\n<p data-start=\"3914\" data-end=\"4247\">Mais face \u00e0 la pression<br \/>\ncroissante de la demande en lithium \u00e0 l\u2019\u00e9chelle mondiale, les<br \/>\ndiscussions ont repris. Et des voix s\u2019\u00e9l\u00e8vent pour encourager des<br \/>\nm\u00e9thodes d\u2019extraction plus respectueuses, voire la reproduction en<br \/>\nlaboratoire de la jadarite \u2014 une piste encore th\u00e9orique, mais que<br \/>\nles chercheurs explorent activement.<\/p>\n<p>Une pierre pr\u00e9cieuse pour une<br \/>\nplan\u00e8te plus verte<\/p>\n<p data-start=\"4303\" data-end=\"4667\">Au-del\u00e0 de sa ressemblance<br \/>\namusante avec un objet de fiction, la jadarite repr\u00e9sente un vrai<br \/>\nespoir pour l\u2019\u00e9lectrification propre du continent europ\u00e9en. Si elle<br \/>\npeut \u00eatre exploit\u00e9e de mani\u00e8re responsable, elle pourrait acc\u00e9l\u00e9rer<br \/>\nla transition vers des transports moins carbon\u00e9s et r\u00e9duire la<br \/>\nd\u00e9pendance aux importations de mati\u00e8res premi\u00e8res critiques.<\/p>\n<p data-start=\"4669\" data-end=\"4891\">Et si d\u2019autres gisements<br \/>\nvenaient \u00e0 \u00eatre d\u00e9couverts, ou si l\u2019on parvenait \u00e0 recr\u00e9er les<br \/>\nconditions de sa formation, cette \u00ab kryptonite \u00bb naturelle pourrait<br \/>\nbien devenir <strong data-start=\"4838\" data-end=\"4890\">le carburant<br \/>\ndiscret de notre avenir \u00e9nerg\u00e9tique<\/strong>.<\/p>\n<p data-start=\"4669\" data-end=\"4891\">Les d\u00e9tails de l\u2019\u00e9tude sont<br \/>\npubli\u00e9s dans la revue\u00a0<a href=\"https:\/\/www.nature.com\/articles\/s41561-025-01705-4\" target=\"_blank\" rel=\"noopener noreferrer nofollow\">Nature Geoscience<\/a>.<\/p>\n","protected":false},"excerpt":{"rendered":"Elle ressemble \u00e0 la kryptonite de Superman. Mais au lieu de priver un super-h\u00e9ros de ses pouvoirs, cette&hellip;\n","protected":false},"author":2,"featured_media":211444,"comment_status":"","ping_status":"","sticky":false,"template":"","format":"standard","meta":{"footnotes":""},"categories":[7],"tags":[1011,27,43,40,41,39,42,44],"class_list":{"0":"post-211443","1":"post","2":"type-post","3":"status-publish","4":"format-standard","5":"has-post-thumbnail","7":"category-sciences-et-technologies","8":"tag-fr","9":"tag-france","10":"tag-science","11":"tag-science-and-technology","12":"tag-sciences","13":"tag-sciences-et-technologies","14":"tag-technologies","15":"tag-technology"},"share_on_mastodon":{"url":"https:\/\/pubeurope.com\/@fr\/114762221095942863","error":""},"_links":{"self":[{"href":"https:\/\/www.europesays.com\/fr\/wp-json\/wp\/v2\/posts\/211443","targetHints":{"allow":["GET"]}}],"collection":[{"href":"https:\/\/www.europesays.com\/fr\/wp-json\/wp\/v2\/posts"}],"about":[{"href":"https:\/\/www.europesays.com\/fr\/wp-json\/wp\/v2\/types\/post"}],"author":[{"embeddable":true,"href":"https:\/\/www.europesays.com\/fr\/wp-json\/wp\/v2\/users\/2"}],"replies":[{"embeddable":true,"href":"https:\/\/www.europesays.com\/fr\/wp-json\/wp\/v2\/comments?post=211443"}],"version-history":[{"count":0,"href":"https:\/\/www.europesays.com\/fr\/wp-json\/wp\/v2\/posts\/211443\/revisions"}],"wp:featuredmedia":[{"embeddable":true,"href":"https:\/\/www.europesays.com\/fr\/wp-json\/wp\/v2\/media\/211444"}],"wp:attachment":[{"href":"https:\/\/www.europesays.com\/fr\/wp-json\/wp\/v2\/media?parent=211443"}],"wp:term":[{"taxonomy":"category","embeddable":true,"href":"https:\/\/www.europesays.com\/fr\/wp-json\/wp\/v2\/categories?post=211443"},{"taxonomy":"post_tag","embeddable":true,"href":"https:\/\/www.europesays.com\/fr\/wp-json\/wp\/v2\/tags?post=211443"}],"curies":[{"name":"wp","href":"https:\/\/api.w.org\/{rel}","templated":true}]}}