{"id":211462,"date":"2025-06-28T17:52:10","date_gmt":"2025-06-28T17:52:10","guid":{"rendered":"https:\/\/www.europesays.com\/fr\/211462\/"},"modified":"2025-06-28T17:52:10","modified_gmt":"2025-06-28T17:52:10","slug":"mama-stock-devoile-le-programme-de-son-8e-festival","status":"publish","type":"post","link":"https:\/\/www.europesays.com\/fr\/211462\/","title":{"rendered":"Mama Stock d\u00e9voile le programme de son 8e festival"},"content":{"rendered":"<p>            Par<br \/>\n        <strong><br \/>\n            <a href=\"https:\/\/actu.fr\/auteur\/t-delbreil\" title=\"Consulter tous les articles de Th\u00e9o Delbreil\" rel=\"nofollow noopener\" target=\"_blank\">Th\u00e9o Delbreil<\/a><br \/>\n        <\/strong><\/p>\n<p>        Publi\u00e9 le<\/p>\n<p>            28 juin 2025 \u00e0 19h34        <\/p>\n<p>Les membres de l\u2019association Rank\u2019art se sont rassembl\u00e9s \u00e0 l\u2019h\u00f4tel d\u2019Aures, mardi 24 juin 2025, pour pr\u00e9senter les deux jours de f\u00eate culturelle qui auront lieu les 30 et 31 ao\u00fbt.\u00a0Deux jours de culture populaire gratuits pour finir l\u2019\u00e9t\u00e9, c\u2019est l\u2019\u00e9v\u00e9nement de <strong>Rank\u2019art<\/strong>.<\/p>\n<p class=\" wall-content\">L\u2019association a \u00e9t\u00e9 cr\u00e9\u00e9e en <strong>2012<\/strong>, avec pour but de participer \u00e0 la <strong>vie culturelle locale<\/strong>. Nous avons donc deux activit\u00e9s essentielles : l\u2019\u00e9dition de notre magazine <strong>Mama Sound<\/strong>, un agenda culturel gratuit qui f\u00eate ses 13 ans, et l\u2019organisation d\u2019\u00e9v\u00e9nements tout au long de l\u2019ann\u00e9e \u00bb, explique <strong>Julien<\/strong>, charg\u00e9 de production.\u00a0<\/p>\n<p>Rendre la culture accessible \u00e0 tout le monde<\/p>\n<p class=\" wall-content\">\nAlors, deux <strong>festivals<\/strong> ont lieu chaque ann\u00e9e, le Mama Africa et le <strong>Mama Stock<\/strong>, qui se tiendra au <strong>parc Montcalm, \u00e0 Montpellier,<\/strong>\u00a0les <strong>30 et 31 ao\u00fbt<\/strong> prochain. \u00ab Nous cherchons \u00e0 rendre la culture accessible \u00e0 tout le monde en soutenant les <strong>artistes locaux<\/strong>, en animant un r\u00e9seau de proximit\u00e9 et en accompagnant les habitants dans leurs sorties \u00bb, poursuit Julien.<\/p>\n<p class=\" wall-content\">En ce sens, les deux jours de f\u00eate culturelles seront gratuits pour pouvoir toucher tous les publics. \u00ab Mais ce n\u2019est toujours pas suffisant. Alors, on continu de construire un dialogue avec les associations des quartiers prioritaires qui entourent le parc. \u00bb Et pour cette 8e \u00e9dition, l\u2019association Rank\u2019art d\u00e9cide d\u2019aller plus loin avec les \u00e9l\u00e8ves des \u00e9coles Calandreta qui tiendront un stand de jeux tout au long du dernier week-end d\u2019ao\u00fbt. \u00ab L\u2019id\u00e9e, c\u2019est qu\u2019\u00e0 partir de l\u2019ann\u00e9e prochaine, on monte un vrai projet avec eux et qu\u2019ils s\u2019occupent de la d\u00e9coration de l\u2019espace enfant du Mama Stock \u00bb, confie l\u2019association Rank\u2019art.\u00a0<\/p>\n<p>    <a href=\"https:\/\/www.google.com\/maps\/embed?pb=!1m18!1m12!1m3!1d5778.936952065098!2d3.8565089751067925!3d43.59678645607933!2m3!1f0!2f0!3f0!3m2!1i1024!2i768!4f13.1!3m3!1m2!1s0x12b6ae4e14d09c27%3A0x808b0e1f03ef44b9!2sParc%20Montcalm!5e0!3m2!1sfr!2sfr!4v1750951087328!5m2!1sfr!2sfr\" title=\"Ouvrie le lien\" rel=\"nofollow noopener\" target=\"_blank\">Cliquez ici pour visualiser le contenu<\/a><\/p>\n<p>Vid\u00e9os : en ce moment sur Actu<\/p>\n<p class=\" wall-content\">\u00ab Ce festival a habit\u00e9 plusieurs lieux. D\u2019abord, c\u2019\u00e9tait au parc de l\u2019Aiguelongue, avant de se d\u00e9rouler au parc Rimbaud. Mais suite \u00e0 des probl\u00e8mes de respect des arbres et des platanes, la manifestation a d\u00e9m\u00e9nag\u00e9 au parc Montcalm. Et maintenant, l\u2019espace est beaucoup plus grand et permet d\u2019accueillir plus de monde \u00bb, se r\u00e9jouit <strong>Agn\u00e8s Robin<\/strong>, adjointe d\u00e9l\u00e9gu\u00e9e \u00e0 la culture pour la Ville.\u00a0<\/p>\n<p>Le programme complet des deux jours<\/p>\n<p class=\" wall-content\">En 2024, le festival avait r\u00e9unit plus de 14 000 personnes, et Rank\u2019art vise encore plus haut et esp\u00e8re d\u00e9passer la barre des <strong>20 000 f\u00eatards,<\/strong> ces 30 et 31 ao\u00fbt. Pour mettre toutes les chances de son c\u00f4t\u00e9, l\u2019association a opt\u00e9 pour une programmation divis\u00e9 en trois parties. Sur la grande sc\u00e8ne, des concerts de 18h jusqu\u2019\u00e0 minuit : le quatuor electropical Full T\u00fckan, l\u2019artiste de n\u00e9o-soul Myra et la chanteuse aux rythmes carib\u00e9ens et afro-am\u00e9ricains Mo Kalamity le samedi 30. Puis le groupe funk Mango Mango, suivi de la pop et RNB de Mauvaise Bouche et le bouquet final avec Alee et Mourad Musset pour de la vari\u00e9t\u00e9 fran\u00e7aise le dimanche 31.\u00a0<\/p>\n<p class=\" wall-content\">De 12h \u00e0 18h, des DJ occuperont la petite sc\u00e8ne, avec le DJ Pizzetto, Shazam Bonvoyage, Sabor a Mi, tandis que la fanfare du Coco Club et le Collectif Lanceurs d\u2019Arlettes proposeront des animations sur l\u2019esplanade \u00e0 partir de 16h.<\/p>\n<p class=\" wall-content\"><a href=\"https:\/\/www.instagram.com\/p\/DLRvsn6MwfR\/embed\" title=\"Ouvrir le lien sur Instagram\" rel=\"nofollow noopener\" target=\"_blank\">Visualiser le contenu sur Instagram<\/a><\/p>\n<p class=\" wall-content\">Enfin, le parc Montcalm se transformera en un Mama Village, avec une exposition et un live painting orchestr\u00e9 par <strong>Kontrebande 2 Culture<\/strong>, une association issue des arts urbains. Cette ann\u00e9e, plus d\u2019une trentaine d\u2019associations tiendront des stands pour parler d\u2019environnement, d\u2019\u00e9cologie, des actions de pr\u00e9ventions comme l\u2019eau gratuite, un site accessible PMR.\u00a0<\/p>\n<p>Un festival engag\u00e9 et solidaire<\/p>\n<p class=\" wall-content\">Au-del\u00e0 de deux jours de f\u00eate, le Mama Stock, c\u2019est \u00e9galement un engagement : \u00ab L\u2019objectif est de cr\u00e9er un festival responsable, accessible, inclusif o\u00f9 chacune et chacun trouve sa place\u00a0\u00bb, souligne Julien. L\u2019\u00e9quipe de Rank\u2019art profitent \u00e9galement de ce moment fort de l\u2019ann\u00e9e pour participer \u00e0 des actions humanitaires et mettre en lumi\u00e8re celles port\u00e9es par les organisations <strong>Sea Sheperd<\/strong> et <strong>S.O.S M\u00e9diterran\u00e9e<\/strong>.\u00a0<\/p>\n<p class=\" wall-content\">Suivez toute l\u2019actualit\u00e9 de vos villes et m\u00e9dias favoris en vous inscrivant \u00e0 <a href=\"https:\/\/moncompte.actu.fr\" title=\"D\u00e9couvez Mon Actu\" rel=\"nofollow noopener\" data-trk=\"{&quot;cta&quot;:{&quot;action&quot;:&quot;https:\\\/\\\/moncompte.actu.fr&quot;,&quot;category&quot;:&quot;mon compte&quot;,&quot;from&quot;:&quot;article footer&quot;,&quot;name&quot;:&quot;Mon actu&quot;,&quot;type&quot;:&quot;cta&quot;}}\" target=\"_blank\">Mon Actu<\/a>.<\/p>\n<p>                    <script async src=\"\/\/www.instagram.com\/embed.js\"><\/script><\/p>\n","protected":false},"excerpt":{"rendered":"Par Th\u00e9o Delbreil Publi\u00e9 le 28 juin 2025 \u00e0 19h34 Les membres de l\u2019association Rank\u2019art se sont rassembl\u00e9s&hellip;\n","protected":false},"author":2,"featured_media":211463,"comment_status":"","ping_status":"","sticky":false,"template":"","format":"standard","meta":{"footnotes":""},"categories":[9599],"tags":[1111,11,1777,674,849,1011,27,1652,2208,12,2680,25],"class_list":{"0":"post-211462","1":"post","2":"type-post","3":"status-publish","4":"format-standard","5":"has-post-thumbnail","7":"category-montpellier","8":"tag-actu","9":"tag-actualites","10":"tag-eu","11":"tag-europe","12":"tag-festival","13":"tag-fr","14":"tag-france","15":"tag-loisirs-culture","16":"tag-montpellier","17":"tag-news","18":"tag-occitanie","19":"tag-republique-francaise"},"share_on_mastodon":{"url":"https:\/\/pubeurope.com\/@fr\/114762268254315482","error":""},"_links":{"self":[{"href":"https:\/\/www.europesays.com\/fr\/wp-json\/wp\/v2\/posts\/211462","targetHints":{"allow":["GET"]}}],"collection":[{"href":"https:\/\/www.europesays.com\/fr\/wp-json\/wp\/v2\/posts"}],"about":[{"href":"https:\/\/www.europesays.com\/fr\/wp-json\/wp\/v2\/types\/post"}],"author":[{"embeddable":true,"href":"https:\/\/www.europesays.com\/fr\/wp-json\/wp\/v2\/users\/2"}],"replies":[{"embeddable":true,"href":"https:\/\/www.europesays.com\/fr\/wp-json\/wp\/v2\/comments?post=211462"}],"version-history":[{"count":0,"href":"https:\/\/www.europesays.com\/fr\/wp-json\/wp\/v2\/posts\/211462\/revisions"}],"wp:featuredmedia":[{"embeddable":true,"href":"https:\/\/www.europesays.com\/fr\/wp-json\/wp\/v2\/media\/211463"}],"wp:attachment":[{"href":"https:\/\/www.europesays.com\/fr\/wp-json\/wp\/v2\/media?parent=211462"}],"wp:term":[{"taxonomy":"category","embeddable":true,"href":"https:\/\/www.europesays.com\/fr\/wp-json\/wp\/v2\/categories?post=211462"},{"taxonomy":"post_tag","embeddable":true,"href":"https:\/\/www.europesays.com\/fr\/wp-json\/wp\/v2\/tags?post=211462"}],"curies":[{"name":"wp","href":"https:\/\/api.w.org\/{rel}","templated":true}]}}