{"id":211477,"date":"2025-06-28T18:03:10","date_gmt":"2025-06-28T18:03:10","guid":{"rendered":"https:\/\/www.europesays.com\/fr\/211477\/"},"modified":"2025-06-28T18:03:10","modified_gmt":"2025-06-28T18:03:10","slug":"strasbourg-tres-gros-succes-pour-la-vente-des-costumes-de-scene-de-lopera-national-du-rhin","status":"publish","type":"post","link":"https:\/\/www.europesays.com\/fr\/211477\/","title":{"rendered":"Strasbourg. Tr\u00e8s gros succ\u00e8s pour la vente des costumes de sc\u00e8ne de l\u2019Op\u00e9ra national du Rhin"},"content":{"rendered":"<p>Les personnels de l\u2019atelier des costumes de l\u2019Op\u00e9ra national du Rhin (ONR) avaient soign\u00e9 la mise en sc\u00e8ne de leur deuxi\u00e8me vente de costumes de sc\u00e8nes et d\u2019accessoires, qu\u2019ils ont organis\u00e9e samedi apr\u00e8s-midi dans les murs historiques du grenier d\u2019abondance, place du Petit-Broglie \u00e0 Strasbourg. C\u2019est apr\u00e8s avoir foul\u00e9 un long et large tapis rouge en feutre que les visiteurs acc\u00e9daient \u00e0 la salle de r\u00e9p\u00e9tition transform\u00e9e pour l\u2019occasion en vestiaire intemporel et f\u00e9erique.<\/p>\n<p>Plus d\u2019un millier des pi\u00e8ces souvent uniques, de toutes tailles, dont les prix variaient de 2 \u00e0 500\u00a0euros, \u00e9tait comme l\u2019an pass\u00e9, lors de <a href=\"https:\/\/www.dna.fr\/culture-loisirs\/2024\/06\/25\/dans-l-atelier-des-fabuleux-costumes-de-l-opera-national-du-rhin\" target=\"_blank\" rel=\"nofollow noopener\">la premi\u00e8re \u00e9dition<\/a> , mis en vente. \u00ab\u00a0Il s\u2019agit de pi\u00e8ces r\u00e9centes et anciennes que l\u2019on ne peut pas transformer. En les c\u00e9dant, on fait d\u2019une part de la place dans nos ateliers de la Meinau, o\u00f9 sont stock\u00e9s pr\u00e8s de 90\u00a0000 habits, et on r\u00e9colte des fonds qui seront int\u00e9gralement affect\u00e9s aux actions de m\u00e9diation culturelle de l\u2019Op\u00e9ra\u00a0\u00bb, explique Thibaud Welchlin, chef costumier.<\/p>\n<p>  Une file d\u2019attente de plus de 400 personnes \u00e0 l\u2019ouverture<\/p>\n<p>Quand la <a href=\"https:\/\/www.dna.fr\/culture-loisirs\/2025\/06\/18\/l-opera-national-du-rhin-vend-ses-costumes-de-scene-samedi-28-juin\" target=\"_blank\" rel=\"nofollow noopener\">vente a ouvert ses portes \u00e0 14\u00a0h<\/a> , une file d\u2019attente de plus de 400 personnes, dont les premi\u00e8res \u00e9taient arriv\u00e9es d\u00e8s 11\u00a0h\u00a030, s\u2019allongeait d\u00e9j\u00e0 \u00e0 l\u2019ext\u00e9rieur. Pour que chacun y trouve son bonheur, le nombre d\u2019articles \u00e9tait limit\u00e9 \u00e0 six par personne.<\/p>\n<p>Les achats sont d\u2019autant plus spontan\u00e9s qu\u2019il n\u2019y a ni cabine d\u2019essayage, ni v\u00e9ritable glace. \u00ab\u00a0J\u2019ai craqu\u00e9 pour une cape munie d\u2019ailes en paillettes et des masques d\u2019animaux en carton. Je vais les utiliser pour d\u00e9corer une vieille maison de campagne\u00a0\u00bb, se r\u00e9jouit une septuag\u00e9naire qui raffole de pi\u00e8ces de d\u00e9coration originales. R\u00e9mi, un Strasbourgeois de 31 ans, a lui acquis deux capes et un turban qu\u2019il envisage, dit-il, de porter \u00e0 l\u2019occasion d\u2019un prochain jeu de r\u00f4le grandeur nature.<\/p>\n<p>Jeanne, 34 ans, compte, elle, faire appel \u00e0 sa maman, couturi\u00e8re de formation, pour transformer les chapeaux en feutre, le b\u00e9ret et l\u2019immense cape qu\u2019elle a d\u00e9nich\u00e9s avec l\u2019aide d\u2019un ami. \u00ab\u00a0On nous permet d\u2019acheter un bout d\u2019histoire de l\u2019op\u00e9ra\u00a0\u00bb, s\u2019\u00e9merveille pour sa part Chlo\u00e9, com\u00e9dienne de th\u00e9\u00e2tre d\u2019improvisation et matrice d\u2019art lyrique, qui repart tout sourire quatre lourdes capes en velours et en laine.<\/p>\n<p>Selon Ferdinand Roilette, le directeur financier de l\u2019ONR, qui tenait la caisse du jour, la vente 2025 devrait d\u00e9gager une recette sup\u00e9rieure \u00e0 celle de l\u2019an pass\u00e9 (20\u00a0000\u00a0euros). Le matin, en effet, un cr\u00e9neau sp\u00e9cial avait \u00e9t\u00e9 r\u00e9serv\u00e9 aux compagnies de th\u00e9\u00e2tre. \u00ab\u00a0C\u2019\u00e9tait une premi\u00e8re. Elle a attir\u00e9 plus de 150 personnes qui ont achet\u00e9 pour 15\u00a0000\u00a0euros d\u2019articles\u00a0\u00bb, se r\u00e9jouit-il.<\/p>\n","protected":false},"excerpt":{"rendered":"Les personnels de l\u2019atelier des costumes de l\u2019Op\u00e9ra national du Rhin (ONR) avaient soign\u00e9 la mise en sc\u00e8ne&hellip;\n","protected":false},"author":2,"featured_media":211478,"comment_status":"","ping_status":"","sticky":false,"template":"","format":"standard","meta":{"footnotes":""},"categories":[2820],"tags":[1111,11,2389,1687,2880,1777,674,107,1011,27,5325,2798,775,12,2661,25,640,2879],"class_list":{"0":"post-211477","1":"post","2":"type-post","3":"status-publish","4":"format-standard","5":"has-post-thumbnail","7":"category-strasbourg","8":"tag-actu","9":"tag-actualites","10":"tag-alsace","11":"tag-culture-loisirs","12":"tag-edition-strasbourg","13":"tag-eu","14":"tag-europe","15":"tag-fil-info","16":"tag-fr","17":"tag-france","18":"tag-galerie-media","19":"tag-galerie-photo","20":"tag-grand-est","21":"tag-news","22":"tag-patrimoine-culturel","23":"tag-republique-francaise","24":"tag-strasbourg","25":"tag-strasbourg-ville"},"share_on_mastodon":{"url":"https:\/\/pubeurope.com\/@fr\/114762312292579254","error":""},"_links":{"self":[{"href":"https:\/\/www.europesays.com\/fr\/wp-json\/wp\/v2\/posts\/211477","targetHints":{"allow":["GET"]}}],"collection":[{"href":"https:\/\/www.europesays.com\/fr\/wp-json\/wp\/v2\/posts"}],"about":[{"href":"https:\/\/www.europesays.com\/fr\/wp-json\/wp\/v2\/types\/post"}],"author":[{"embeddable":true,"href":"https:\/\/www.europesays.com\/fr\/wp-json\/wp\/v2\/users\/2"}],"replies":[{"embeddable":true,"href":"https:\/\/www.europesays.com\/fr\/wp-json\/wp\/v2\/comments?post=211477"}],"version-history":[{"count":0,"href":"https:\/\/www.europesays.com\/fr\/wp-json\/wp\/v2\/posts\/211477\/revisions"}],"wp:featuredmedia":[{"embeddable":true,"href":"https:\/\/www.europesays.com\/fr\/wp-json\/wp\/v2\/media\/211478"}],"wp:attachment":[{"href":"https:\/\/www.europesays.com\/fr\/wp-json\/wp\/v2\/media?parent=211477"}],"wp:term":[{"taxonomy":"category","embeddable":true,"href":"https:\/\/www.europesays.com\/fr\/wp-json\/wp\/v2\/categories?post=211477"},{"taxonomy":"post_tag","embeddable":true,"href":"https:\/\/www.europesays.com\/fr\/wp-json\/wp\/v2\/tags?post=211477"}],"curies":[{"name":"wp","href":"https:\/\/api.w.org\/{rel}","templated":true}]}}