{"id":211483,"date":"2025-06-28T18:06:15","date_gmt":"2025-06-28T18:06:15","guid":{"rendered":"https:\/\/www.europesays.com\/fr\/211483\/"},"modified":"2025-06-28T18:06:15","modified_gmt":"2025-06-28T18:06:15","slug":"mort-dun-joggeur-et-algues-vertes-pourquoi-cette-decision-de-justice-est-une-premiere","status":"publish","type":"post","link":"https:\/\/www.europesays.com\/fr\/211483\/","title":{"rendered":"Mort d\u2019un joggeur et algues vertes\u00a0: pourquoi cette d\u00e9cision de justice est une premi\u00e8re"},"content":{"rendered":"<p>La cour administrative d\u2019appel de Nantes a condamn\u00e9 mardi 24 juin 2025 l\u2019\u00c9tat \u00e0 indemniser les proches d\u2019un joggeur d\u00e9c\u00e9d\u00e9 en 2016 dans une vasi\u00e8re envahie d\u2019algues vertes \u00e0 l\u2019embouchure du Gouessant (C\u00f4tes-d\u2019Armor).<\/p>\n<p>Responsabilit\u00e9 de l\u2019\u00c9tat<\/p>\n<p>La cour retient la responsabilit\u00e9 pour faute de l\u2019\u00c9tat, en raison de ses carences dans la mise en \u0153uvre de la r\u00e9glementation europ\u00e9enne et nationale destin\u00e9e \u00e0 prot\u00e9ger les eaux de toute pollution d\u2019origine agricole qui est la cause principale de la prolif\u00e9ration des algues vertes en Bretagne, explique-t-elle dans un communiqu\u00e9.<\/p>\n<p>En novembre 2022, le tribunal administratif de Rennes avait rejet\u00e9 en bloc les demandes d\u2019indemnisation de la famille, le rapporteur public ayant estim\u00e9 que lien de causalit\u00e9 entre la pr\u00e9sence des algues et le d\u00e9c\u00e8s du joggeur ne (pouvait) \u00eatre \u00e9tabli, ni la responsabilit\u00e9 de l\u2019\u00c9tat.<\/p>\n<p><a href=\"https:\/\/nantes.maville.com\/actu\/actudet_--un-remede-aux-algues-vertes-la-start-up-zeni-mise-sur-la-phytoepuration-par-les-microalgues-_8-6227523_actu.Htm\" target=\"_blank\" rel=\"noopener\"> <strong>LIRE AUSSI.<\/strong> \u00ab Un rem\u00e8de aux algues vertes \u00bb : la start-up Zeni mise sur la phyto\u00e9puration par les microalgues<\/a><\/p>\n<p>Insuffisance respiratoire brutale<\/p>\n<p>\t<img decoding=\"async\" src=\"https:\/\/www.europesays.com\/fr\/wp-content\/uploads\/2025\/06\/P35320675D6876325G_px_640_.jpg\" alt=\"photo la cour administrative d\u2019appel de nantes a condamn\u00e9 mardi 24 juin 2025 l\u2019\u00e9tat \u00e0 indemniser les proches d\u2019un joggeur d\u00e9c\u00e9d\u00e9 en 2016 dans une vasi\u00e8re envahie d\u2019algues vertes \u00e0 l\u2019embouchure du gouessant (c\u00f4tes-d\u2019armor).  \u00a9  archives\" width=\"640\" title=\" La cour administrative d\u2019appel de Nantes a condamn\u00e9 mardi 24 juin 2025 l\u2019\u00c9tat \u00e0 indemniser les proches d\u2019un joggeur d\u00e9c\u00e9d\u00e9 en 2016 dans une vasi\u00e8re envahie d\u2019algues vertes \u00e0 l\u2019embouchure du Gouessant (C\u00f4tes-d\u2019Armor).   archives \"\/><\/p>\n<p class=\"elmt-legende\"> La cour administrative d\u2019appel de Nantes a condamn\u00e9 mardi 24 juin 2025 l\u2019\u00c9tat \u00e0 indemniser les proches d\u2019un joggeur d\u00e9c\u00e9d\u00e9 en 2016 dans une vasi\u00e8re envahie d\u2019algues vertes \u00e0 l\u2019embouchure du Gouessant (C\u00f4tes-d\u2019Armor).   archives <\/p>\n<p>M. Auffray est d\u00e9c\u00e9d\u00e9 d\u2019une insuffisance respiratoire brutale qui aurait pu \u00eatre due \u00e0 une exposition aux algues vertes ou \u00e0 un arr\u00eat cardiaque, avait-il d\u00e9clar\u00e9.<\/p>\n<p>Ses proches avaient alors fait appel du jugement en demandant uniquement la condamnation de l\u2019\u00c9tat \u00e0 les indemniser, rappelle la cour dans son communiqu\u00e9.<\/p>\n<p>La cour estime, en se fondant notamment sur plusieurs pi\u00e8ces qui n\u2019avaient pas \u00e9t\u00e9 pr\u00e9sent\u00e9es au tribunal administratif de Rennes, que le d\u00e9c\u00e8s de la victime, \u00e2g\u00e9e de 50 ans, qui est survenu instantan\u00e9ment et a \u00e9t\u00e9 caus\u00e9 par un \u0153d\u00e8me pulmonaire massif et fulgurant, ne pouvait s\u2019expliquer autrement que par une intoxication mortelle par inhalation d\u2019hydrog\u00e8ne sulfur\u00e9 \u00e0 des taux de concentration tr\u00e8s \u00e9lev\u00e9s, explique-t-elle.<\/p>\n<p>\u00ab L\u2019\u00c9tat doit plus que jamais agir efficacement \u00bb<\/p>\n<p>Pour la premi\u00e8re fois, une juridiction fran\u00e7aise retient le lien entre le d\u00e9c\u00e8s d\u2019une personne et la faute de l\u2019\u00c9tat dans ces affaires d\u2019algues vertes, a salu\u00e9 l\u2019avocat de la famille, Me Fran\u00e7ois Lafforgue, apr\u00e8s de l\u2019AFP. L\u2019\u00c9tat doit plus que jamais agir efficacement, a-t-il ajout\u00e9.<\/p>\n<p>Le pr\u00e9judice subi par les proches du d\u00e9funt sera partiellement indemnis\u00e9, la cour estimant que le quinquag\u00e9naire avait pris un risque en allant courir dans cet estuaire.<\/p>\n<p>Elle juge en cons\u00e9quence que l\u2019\u00c9tat est responsable \u00e0 hauteur de 60 % seulement des cons\u00e9quences dommageables du d\u00e9c\u00e8s.<\/p>\n<p>L\u2019\u00c9tat devra verser \u00e0 l\u2019\u00e9pouse du joggeur la somme de 277 343,00 \u20ac, assortie d\u2019int\u00e9r\u00eats, aux trois enfants de la victime 15 000 \u20ac chacun et 9 000 \u20ac \u00e0 son fr\u00e8re. Contact\u00e9 par l\u2019AFP, le minist\u00e8re de la Transition \u00e9cologique n\u2019a pas souhait\u00e9 r\u00e9agir \u00e0 ce stade. Le pr\u00e9fet des C\u00f4tes d\u2019Armor \u00ab prend acte de la d\u00e9cision de justice \u00bb, a-t-il fait savoir.<\/p>\n<p>Scandale sanitaire<\/p>\n<p>Nous sommes tr\u00e8s contents et tr\u00e8s \u00e9mus, on est aussi surpris, a r\u00e9agi la femme de la victime, Roswitha Hertel-Auffray, aupr\u00e8s de l\u2019AFP. C\u2019est une victoire collective de ceux qui ont combattu avec nous, a poursuivi Mme Hertel-Auffray. On esp\u00e8re que \u00e7a va faire bouger un peu les lignes maintenant, a-t-elle ajout\u00e9.<\/p>\n<p>Le pr\u00e9judice subi par les proches du d\u00e9funt sera partiellement indemnis\u00e9, \u00e0 hauteur de 60 %, la cour estimant que le quinquag\u00e9naire avait pris un risque en allant courir dans cet estuaire. En plein d\u00e9bat sur la loi Duplomb [\u2026], cette d\u00e9cision de justice vient rappeler \u00e0 nos \u00e9lus [\u2026] que c\u2019est bien le mod\u00e8le productiviste agricole qui s\u2019oppose au d\u00e9veloppement de la Bretagne, a r\u00e9agi Arnaud Clugery, porte-parole de l\u2019association Eau et Rivi\u00e8res de Bretagne, dans un communiqu\u00e9.<\/p>\n<p>Face \u00e0 cette crise environnementale doubl\u00e9e d\u2019un scandale sanitaire, il est imp\u00e9ratif d\u2019ouvrir une commission d\u2019enqu\u00eate ind\u00e9pendante, a r\u00e9clam\u00e9 la d\u00e9put\u00e9e LFI des C\u00f4tes d\u2019Armor Murielle Lepvraud.<\/p>\n<p>Depuis 1971, des tonnes d\u2019algues vertes s\u2019\u00e9chouent chaque ann\u00e9e sur les plages bretonnes. Selon la Cour des comptes en 2021, cette prolif\u00e9ration d\u2019algues vertes est \u00e0 plus de 90 % d\u2019origine agricole dans cette r\u00e9gion o\u00f9 le recours aux engrais azot\u00e9s a fortement progress\u00e9 depuis les ann\u00e9es 1960, et qui compte aujourd\u2019hui 140 000 emplois dans l\u2019agroalimentaire. Dans l\u2019estuaire de Gouessant, rien n\u2019a chang\u00e9, affirment les associations D\u00e9fense des Victimes des Mar\u00e9es Vertes, Sauvegarde du Tr\u00e9gor Go\u00eblo Penthi\u00e8vre et Force 5.<\/p>\n<p>\u00a0<\/p>\n","protected":false},"excerpt":{"rendered":"La cour administrative d\u2019appel de Nantes a condamn\u00e9 mardi 24 juin 2025 l\u2019\u00c9tat \u00e0 indemniser les proches d\u2019un&hellip;\n","protected":false},"author":2,"featured_media":211484,"comment_status":"","ping_status":"","sticky":false,"template":"","format":"standard","meta":{"footnotes":""},"categories":[2818],"tags":[1111,11,19939,17227,1777,674,1011,27,35114,303,18,766,12,2636,25,35115],"class_list":{"0":"post-211483","1":"post","2":"type-post","3":"status-publish","4":"format-standard","5":"has-post-thumbnail","7":"category-nantes","8":"tag-actu","9":"tag-actualites","10":"tag-algues","11":"tag-decision","12":"tag-eu","13":"tag-europe","14":"tag-fr","15":"tag-france","16":"tag-joggeur","17":"tag-justice","18":"tag-mort","19":"tag-nantes","20":"tag-news","21":"tag-pays-de-la-loire","22":"tag-republique-francaise","23":"tag-vertes"},"share_on_mastodon":{"url":"https:\/\/pubeurope.com\/@fr\/114762323543268103","error":""},"_links":{"self":[{"href":"https:\/\/www.europesays.com\/fr\/wp-json\/wp\/v2\/posts\/211483","targetHints":{"allow":["GET"]}}],"collection":[{"href":"https:\/\/www.europesays.com\/fr\/wp-json\/wp\/v2\/posts"}],"about":[{"href":"https:\/\/www.europesays.com\/fr\/wp-json\/wp\/v2\/types\/post"}],"author":[{"embeddable":true,"href":"https:\/\/www.europesays.com\/fr\/wp-json\/wp\/v2\/users\/2"}],"replies":[{"embeddable":true,"href":"https:\/\/www.europesays.com\/fr\/wp-json\/wp\/v2\/comments?post=211483"}],"version-history":[{"count":0,"href":"https:\/\/www.europesays.com\/fr\/wp-json\/wp\/v2\/posts\/211483\/revisions"}],"wp:featuredmedia":[{"embeddable":true,"href":"https:\/\/www.europesays.com\/fr\/wp-json\/wp\/v2\/media\/211484"}],"wp:attachment":[{"href":"https:\/\/www.europesays.com\/fr\/wp-json\/wp\/v2\/media?parent=211483"}],"wp:term":[{"taxonomy":"category","embeddable":true,"href":"https:\/\/www.europesays.com\/fr\/wp-json\/wp\/v2\/categories?post=211483"},{"taxonomy":"post_tag","embeddable":true,"href":"https:\/\/www.europesays.com\/fr\/wp-json\/wp\/v2\/tags?post=211483"}],"curies":[{"name":"wp","href":"https:\/\/api.w.org\/{rel}","templated":true}]}}