{"id":211485,"date":"2025-06-28T18:07:18","date_gmt":"2025-06-28T18:07:18","guid":{"rendered":"https:\/\/www.europesays.com\/fr\/211485\/"},"modified":"2025-06-28T18:07:18","modified_gmt":"2025-06-28T18:07:18","slug":"fc-nantes-quel-salaire-pour-pedro-chirivella-avec-le-panathinaikos","status":"publish","type":"post","link":"https:\/\/www.europesays.com\/fr\/211485\/","title":{"rendered":"FC Nantes. Quel salaire pour Pedro Chirivella avec le Panathina\u00efkos ?"},"content":{"rendered":"<p><img fetchpriority=\"high\" decoding=\"async\" width=\"600\" height=\"400\" src=\"https:\/\/www.europesays.com\/fr\/wp-content\/uploads\/2025\/06\/Pedro-Chirivella-.jpg\" alt=\"FC Nantes. Quel salaire pour Pedro Chirivella avec le Panathina\u00efkos ?\" class=\"wp-image-235221\"  \/>Pedro Chirivella rejoint le Panathina\u00efkos.<\/p>\n<p>Le <a href=\"https:\/\/sportune.20minutes.fr\/fc-nantes\" target=\"_blank\" rel=\"noopener\">FC Nantes<\/a> perd son capitaine. Le milieu de terrain espagnol Pedro Chirivella quitte la France et sa <a href=\"https:\/\/sportune.20minutes.fr\/ligue-1-l1\" target=\"_blank\" rel=\"noopener\">Ligue 1<\/a> pour la Gr\u00e8ce et le Panathina\u00efkos. Le transfert est estim\u00e9 \u00e0 2 millions d\u2019euros pour compenser la saison qu\u2019il restait au contrat du joueur jusqu\u2019au 30 juin 2026.<\/p>\n<p>Un an de plus au contrat et un salaire proche de ce qu\u2019il \u00e9tait au FC Nantes<\/p>\n<p>Avec le Pana, Pedro Chirivella s\u2019est engag\u00e9 pour les deux prochaines saisons, jusqu\u2019en 2027. C\u2019est une saison de plus pour lui qui va justifier d\u2019un salaire l\u00e9g\u00e8rement sup\u00e9rieur \u00e0 ce qu\u2019il \u00e9tait avec le <a href=\"https:\/\/sportune.20minutes.fr\/fc-nantes\" target=\"_blank\" rel=\"noopener\">FC Nantes<\/a>. A savoir que pay\u00e9 pr\u00e8s de 100 000 euros brut mensuels chez les Canaris, il va avoisiner les 120 000 euros hors primes, sous le vert maillot du club d\u2019Ath\u00e8nes.<\/p>\n<p>\u00ab\u00a0Je suis l\u00e0 et j\u2019ai h\u00e2te de commencer\u00a0\u00bb, a sobrement commenc\u00e9 le joueur de 28 ans, pour commenter son arriv\u00e9e en Gr\u00e8ce. Pedro Chirivella disputera peut-\u00eatre la Ligue des champions avec son nouveau club, \u00e0 condition qu\u2019avec ses nouveaux partenaires, ils franchissent les barrages.<\/p>\n","protected":false},"excerpt":{"rendered":"Pedro Chirivella rejoint le Panathina\u00efkos. Le FC Nantes perd son capitaine. Le milieu de terrain espagnol Pedro Chirivella&hellip;\n","protected":false},"author":2,"featured_media":211486,"comment_status":"","ping_status":"","sticky":false,"template":"","format":"standard","meta":{"footnotes":""},"categories":[2818],"tags":[1111,11,1777,674,462,1011,27,766,12,2636,25,11254,969],"class_list":{"0":"post-211485","1":"post","2":"type-post","3":"status-publish","4":"format-standard","5":"has-post-thumbnail","7":"category-nantes","8":"tag-actu","9":"tag-actualites","10":"tag-eu","11":"tag-europe","12":"tag-fc-nantes","13":"tag-fr","14":"tag-france","15":"tag-nantes","16":"tag-news","17":"tag-pays-de-la-loire","18":"tag-republique-francaise","19":"tag-salaires","20":"tag-transfert"},"share_on_mastodon":{"url":"https:\/\/pubeurope.com\/@fr\/114762327263641960","error":""},"_links":{"self":[{"href":"https:\/\/www.europesays.com\/fr\/wp-json\/wp\/v2\/posts\/211485","targetHints":{"allow":["GET"]}}],"collection":[{"href":"https:\/\/www.europesays.com\/fr\/wp-json\/wp\/v2\/posts"}],"about":[{"href":"https:\/\/www.europesays.com\/fr\/wp-json\/wp\/v2\/types\/post"}],"author":[{"embeddable":true,"href":"https:\/\/www.europesays.com\/fr\/wp-json\/wp\/v2\/users\/2"}],"replies":[{"embeddable":true,"href":"https:\/\/www.europesays.com\/fr\/wp-json\/wp\/v2\/comments?post=211485"}],"version-history":[{"count":0,"href":"https:\/\/www.europesays.com\/fr\/wp-json\/wp\/v2\/posts\/211485\/revisions"}],"wp:featuredmedia":[{"embeddable":true,"href":"https:\/\/www.europesays.com\/fr\/wp-json\/wp\/v2\/media\/211486"}],"wp:attachment":[{"href":"https:\/\/www.europesays.com\/fr\/wp-json\/wp\/v2\/media?parent=211485"}],"wp:term":[{"taxonomy":"category","embeddable":true,"href":"https:\/\/www.europesays.com\/fr\/wp-json\/wp\/v2\/categories?post=211485"},{"taxonomy":"post_tag","embeddable":true,"href":"https:\/\/www.europesays.com\/fr\/wp-json\/wp\/v2\/tags?post=211485"}],"curies":[{"name":"wp","href":"https:\/\/api.w.org\/{rel}","templated":true}]}}