{"id":211497,"date":"2025-06-28T18:13:09","date_gmt":"2025-06-28T18:13:09","guid":{"rendered":"https:\/\/www.europesays.com\/fr\/211497\/"},"modified":"2025-06-28T18:13:09","modified_gmt":"2025-06-28T18:13:09","slug":"bieres-velo-et-ambiance-dejantee-de-lille-a-amiens-la-brasserie-tandem-celebre-le-tour-de-france","status":"publish","type":"post","link":"https:\/\/www.europesays.com\/fr\/211497\/","title":{"rendered":"Bi\u00e8res, v\u00e9lo et ambiance d\u00e9jant\u00e9e\u2026 De Lille \u00e0 Amiens, la brasserie Tandem c\u00e9l\u00e8bre le Tour de France"},"content":{"rendered":"<p>            Par<br \/>\n        <strong><br \/>\n            <a href=\"https:\/\/actu.fr\/auteur\/hervine-mahaud\" title=\"Consulter tous les articles de Hervine Mahaud\" target=\"_blank\" rel=\"noopener\">Hervine Mahaud<\/a><br \/>\n        <\/strong><\/p>\n<p>        Publi\u00e9 le<\/p>\n<p>            28 juin 2025 \u00e0 18h00        <\/p>\n<p>Du 4 au 8\u00a0juillet 2025, la <b>Brasserie Tandem, bas\u00e9e \u00e0 Wambrechies,<\/b> enfourche le v\u00e9lo pour une tourn\u00e9e unique dans le sillage du <b>Tour de France<\/b>. Avec sa caravane itin\u00e9rante baptis\u00e9e <b>\u00ab\u2009Tandem fait son tour\u2009\u00bb<\/b>, la <b>brasserie artisanale nordiste<\/b> suivra les \u00e9tapes r\u00e9gionales (<b>Lille, Boulogne-sur-Mer, Dunkerque et Amiens<\/b>) pour c\u00e9l\u00e9brer l\u2019\u00e9v\u00e9nement \u00e0 sa mani\u00e8re. Dans chaque ville, des <b>bars partenaires<\/b> accueilleront la brasserie, et de <b>nombreuses animations et surprises<\/b> sont pr\u00e9vues. Voici ce qui vous attend.<\/p>\n<p>Un d\u00e9part en fanfare \u00e0 Wambrechies<\/p>\n<p class=\" wall-content\">C\u2019est depuis <b>Wambrechies<\/b>, berceau de la brasserie, que sera lanc\u00e9 le coup d\u2019envoi de cette tourn\u00e9e festive, <b>vendredi<\/b><b> 4\u00a0juillet \u00e0 partir de 17\u2009h<\/b>. Pour l\u2019occasion, la Taproom Tandem (382 rue de Bondues) se transforme en un <b>v\u00e9ritable village du Tour<\/b>.<\/p>\n<p class=\" wall-content\">Au programme\u2009: ambiance guinguette, v\u00e9los customis\u00e9s, <b>parodie de pr\u00e9sentation d\u2019\u00e9quipe cycliste<\/b>, et courses farfelues en deux-roues ou trottinettes. L\u2019\u00e9quipe Tandem, v\u00eatue de maillots floqu\u00e9s aux couleurs maison, d\u00e9filera comme de v\u00e9ritables coureurs, sous les commentaires d\u2019un speaker complice.<\/p>\n<p class=\" wall-content\">Au cours de la soir\u00e9e, un DJ viendra mettre l\u2019ambiance. Enfin, il sera possible de se restaurer sur place\u2009: hot-dogs, frites et pop-corn au menu.<\/p>\n<p class=\" wall-content\"><a href=\"https:\/\/www.instagram.com\/p\/DLUeoOUocpR\/embed\" title=\"Ouvrir le lien sur Instagram\" target=\"_blank\" rel=\"noopener\">Visualiser le contenu sur Instagram<\/a><\/p>\n<p>Tandem en tourn\u00e9e\u2009: 4 villes, 4 ambiances<\/p>\n<p class=\" wall-content\">Apr\u00e8s ce lancement en grande pompe, la <b>caravane Tandem poursuit son Tour<\/b> dans quatre villes-\u00e9tapes de la r\u00e9gion, avec animations, jeux, bi\u00e8res et bonne humeur \u00e0 chaque arr\u00eat.<\/p>\n<p>Vid\u00e9os : en ce moment sur Actu<\/p>\n<ul class=\" wall-content\">\n<li><b>Lille samedi 5\u00a0juillet. <\/b><b\/>Ville de c\u0153ur pour Tandem, Lille accueillera la caravane dans <b>8 bars partenaires<\/b> (Chez Oit, Le Point Central, L\u2019Oasis, La Guinguette de la Marine, Cartel, Amor Amor, Fada, Gare St Sauveur). La brasserie y proposera une soir\u00e9e itin\u00e9rante de bar en bar, dans une ambiance festive et tr\u00e8s nordiste.<\/li>\n<li><b>Boulogne-sur-Mer dimanche 6\u00a0juillet. <\/b><b\/>Cap sur la C\u00f4te d\u2019Opale avec une escale \u00e0 la <b>Cave de Monsieur Guy<\/b>. L\u2019occasion pour les Boulonnais de trinquer \u00e0 l\u2019\u00e9tape du jour avec des bi\u00e8res artisanales, des goodies et des animations Tandem.<\/li>\n<li><b>Dunkerque lundi 7\u00a0juillet. <\/b><b\/>La caravane prend ses quartiers sur la digue de <b>Malo-les-Bains<\/b>, en partenariat avec <b>cinq \u00e9tablissements<\/b> (Zeebar, Redrock, Tchin Tchin, Plage de l\u2019H\u00f4tel Merveilleux et l\u2019Espadrille). L\u2019\u00e9tape promet d\u2019\u00eatre anim\u00e9e, entre houle et houblon\u2009!<\/li>\n<li><b>Amiens mardi 8\u00a0juillet. <\/b><b\/>Derni\u00e8re \u00e9tape au <b>Caf\u00e9 Pinson<\/b>, d\u00e8s 16\u2009h. Une ultime halte conviviale pour c\u00e9l\u00e9brer le v\u00e9lo, l\u2019effervescence sportive et l\u2019esprit Tandem.<\/li>\n<\/ul>\n<p class=\" wall-content\">\u00c0 chaque escale, les amateurs pourront d\u00e9couvrir ou red\u00e9couvrir les incontournables de la brasserie\u2009: <b>La Bonne Pioche<\/b>, une Pale Ale l\u00e9g\u00e8re et florale (4,5\u2009%)\u2009; <b>La Poule Mouill\u00e9e<\/b>, une IPA fruit\u00e9e et audacieuse (6\u2009%)\u2009; <b>La Pas Cap<\/b>, une Triple ronde et \u00e9pic\u00e9e (8\u2009%)\u2009; <b>La Pin Pon<\/b>, une Saison s\u00e8che et d\u00e9salt\u00e9rante (7\u2009%).<\/p>\n<p class=\" wall-content\">Avec <b>\u00ab\u2009Tandem fait son tour\u2009\u00bb<\/b>, la brasserie revendique haut et fort son ADN\u2009: v\u00e9lo, partage et esprit d\u2019\u00e9quipe.<\/p>\n<p>Plus d\u2019infos<a href=\"https:\/\/www.brasserie-tandem.com\/tandem-fait-son-tour\/\" target=\"_blank\" rel=\"noopener\">\u00a0en cliquant ici.<\/a><\/p>\n<p class=\" wall-content\">Suivez toute l\u2019actualit\u00e9 de vos villes et m\u00e9dias favoris en vous inscrivant \u00e0 <a href=\"https:\/\/moncompte.actu.fr\" title=\"D\u00e9couvez Mon Actu\" rel=\"nofollow noopener\" data-trk=\"{&quot;cta&quot;:{&quot;action&quot;:&quot;https:\\\/\\\/moncompte.actu.fr&quot;,&quot;category&quot;:&quot;mon compte&quot;,&quot;from&quot;:&quot;article footer&quot;,&quot;name&quot;:&quot;Mon actu&quot;,&quot;type&quot;:&quot;cta&quot;}}\" target=\"_blank\">Mon Actu<\/a>.<\/p>\n<ul class=\"ac-article-tag wall-content\">\n<li><a href=\"https:\/\/actu.fr\/tag\/biere\" data-trk=\"{&quot;cta&quot;:{&quot;action&quot;:&quot;Bi\\u00e8re&quot;,&quot;category&quot;:&quot;tag&quot;,&quot;from&quot;:&quot;article footer&quot;,&quot;name&quot;:&quot;Bi\\u00e8re&quot;,&quot;type&quot;:&quot;cta&quot;}}\" target=\"_blank\" rel=\"noopener\">#Bi\u00e8re<\/a><\/li>\n<li><a href=\"https:\/\/actu.fr\/tag\/tour-de-france-2025\" data-trk=\"{&quot;cta&quot;:{&quot;action&quot;:&quot;Tour de France 2025&quot;,&quot;category&quot;:&quot;tag&quot;,&quot;from&quot;:&quot;article footer&quot;,&quot;name&quot;:&quot;Tour de France 2025&quot;,&quot;type&quot;:&quot;cta&quot;}}\" target=\"_blank\" rel=\"noopener\">#Tour de France 2025<\/a><\/li>\n<\/ul>\n<p>                    <script async src=\"\/\/www.instagram.com\/embed.js\"><\/script><\/p>\n","protected":false},"excerpt":{"rendered":"Par Hervine Mahaud Publi\u00e9 le 28 juin 2025 \u00e0 18h00 Du 4 au 8\u00a0juillet 2025, la Brasserie Tandem,&hellip;\n","protected":false},"author":2,"featured_media":211498,"comment_status":"","ping_status":"","sticky":false,"template":"","format":"standard","meta":{"footnotes":""},"categories":[2815],"tags":[1111,11,7722,1777,674,1011,27,811,1307,1652,12,25,2116],"class_list":{"0":"post-211497","1":"post","2":"type-post","3":"status-publish","4":"format-standard","5":"has-post-thumbnail","7":"category-lille","8":"tag-actu","9":"tag-actualites","10":"tag-biere","11":"tag-eu","12":"tag-europe","13":"tag-fr","14":"tag-france","15":"tag-hauts-de-france","16":"tag-lille","17":"tag-loisirs-culture","18":"tag-news","19":"tag-republique-francaise","20":"tag-tour-de-france-2025"},"share_on_mastodon":{"url":"https:\/\/pubeurope.com\/@fr\/114762350824840311","error":""},"_links":{"self":[{"href":"https:\/\/www.europesays.com\/fr\/wp-json\/wp\/v2\/posts\/211497","targetHints":{"allow":["GET"]}}],"collection":[{"href":"https:\/\/www.europesays.com\/fr\/wp-json\/wp\/v2\/posts"}],"about":[{"href":"https:\/\/www.europesays.com\/fr\/wp-json\/wp\/v2\/types\/post"}],"author":[{"embeddable":true,"href":"https:\/\/www.europesays.com\/fr\/wp-json\/wp\/v2\/users\/2"}],"replies":[{"embeddable":true,"href":"https:\/\/www.europesays.com\/fr\/wp-json\/wp\/v2\/comments?post=211497"}],"version-history":[{"count":0,"href":"https:\/\/www.europesays.com\/fr\/wp-json\/wp\/v2\/posts\/211497\/revisions"}],"wp:featuredmedia":[{"embeddable":true,"href":"https:\/\/www.europesays.com\/fr\/wp-json\/wp\/v2\/media\/211498"}],"wp:attachment":[{"href":"https:\/\/www.europesays.com\/fr\/wp-json\/wp\/v2\/media?parent=211497"}],"wp:term":[{"taxonomy":"category","embeddable":true,"href":"https:\/\/www.europesays.com\/fr\/wp-json\/wp\/v2\/categories?post=211497"},{"taxonomy":"post_tag","embeddable":true,"href":"https:\/\/www.europesays.com\/fr\/wp-json\/wp\/v2\/tags?post=211497"}],"curies":[{"name":"wp","href":"https:\/\/api.w.org\/{rel}","templated":true}]}}